{"id":338096,"date":"2025-03-25T09:40:37","date_gmt":"2025-03-25T12:40:37","guid":{"rendered":"https:\/\/blogfolhadocomercio.com.br\/wp\/?p=338096"},"modified":"2025-03-25T09:40:40","modified_gmt":"2025-03-25T12:40:40","slug":"exercito-israelense-bombardeia-bases-militares-na-siria","status":"publish","type":"post","link":"https:\/\/blogfolhadocomercio.com.br\/wp\/2025\/03\/25\/exercito-israelense-bombardeia-bases-militares-na-siria\/","title":{"rendered":"Ex\u00e9rcito israelense bombardeia bases militares na S\u00edria"},"content":{"rendered":"\n<p><strong>Ataques acontecem ap\u00f3s alerta da Uni\u00e3o Europeia sobre perigo de agravamento do conflito<\/strong><\/p>\n\n\n\n<p>O Ex\u00e9rcito de\u00a0<a href=\"https:\/\/www.estadao.com.br\/tudo-sobre\/israel-asia\/\"><strong>Israel\u00a0<\/strong><\/a>informou nesta ter\u00e7a-feira, 25, que atacou novamente duas bases militares no centro da\u00a0<a href=\"https:\/\/www.estadao.com.br\/tudo-sobre\/siria-asia\/\"><strong>S\u00edria<\/strong><\/a>, um dia ap\u00f3s a chefe da diplomacia da\u00a0<a href=\"https:\/\/www.estadao.com.br\/tudo-sobre\/uniao-europeia\/\"><strong>Uni\u00e3o Europeia<\/strong><\/a>\u00a0(UE) ter alertado sobre o risco de \u201cuma nova escalada\u201d na regi\u00e3o devido aos ataques no pa\u00eds e no L\u00edbano.<\/p>\n\n\n\n<p>\u201cAs FDI (for\u00e7as de defesa israelenses) atacaram as capacidades militares que permaneciam nas bases militares s\u00edrias de Tadmur e T4\u201d, afirmou o Ex\u00e9rcito em refer\u00eancia \u00e0s bases em Palmira e outra 50 km ao oeste da cidade.<\/p>\n\n\n\n<p>\u201cAs FDI continuar\u00e3o atuando para eliminar qualquer amea\u00e7a aos cidad\u00e3os do Estado de Israel\u201d, acrescentou o comunicado.<\/p>\n\n\n\n<p>A chefe da diplomacia europeia,\u00a0<a href=\"https:\/\/www.estadao.com.br\/tudo-sobre\/kaja-kallas\/\"><strong>Kaja Kallas<\/strong><\/a>, alertou na segunda-feira em Jerusal\u00e9m sobre o perigo de que os ataques israelenses agravem a situa\u00e7\u00e3o regional.<\/p>\n\n\n\n<p>\u201cAs a\u00e7\u00f5es militares devem ser proporcionais e os bombardeios israelenses na S\u00edria e no L\u00edbano correm o risco de provocar uma nova escalada\u201d, declarou Kallas ao lado do ministro israelense das Rela\u00e7\u00f5es Exteriores, Gideon Saar.<\/p>\n\n\n\n<figure class=\"wp-block-image\"><img decoding=\"async\" src=\"https:\/\/www.estadao.com.br\/resizer\/v2\/YMC3X2CPBFAIZMUCLKLXFWTJTE.jpg?quality=80&amp;auth=6f12f2fff26f4f88a410d413b7619bd6b37023e5df6f6377393d2badfe511ae2&amp;width=380\" alt=\"A chefe de diplomacia da Uni\u00e3o Europeia, Kaja Kallas, alertou sobre riscos de uma escala no conflito\"\/><figcaption class=\"wp-element-caption\">A chefe de diplomacia da Uni\u00e3o Europeia, Kaja Kallas, alertou sobre riscos de uma escala no conflito&nbsp;<em>Foto:&nbsp;Nasser Nasser\/AFP<\/em><\/figcaption><\/figure>\n\n\n\n<p>\u201cAcreditamos que estas a\u00e7\u00f5es s\u00e3o desnecess\u00e1rias porque a S\u00edria n\u00e3o est\u00e1 atacando Israel neste momento e isso alimenta a radicaliza\u00e7\u00e3o, que tamb\u00e9m est\u00e1 direcionada contra Israel\u201d, explicou Kallas.<\/p>\n\n\n\n<p>Desde a queda de Bashar al Assad em dezembro, Israel efetuou dezenas de ataques contra unidades militares do antigo governo da S\u00edria, alegando que pretende evitar que o arsenal caia nas m\u00e3os das novas autoridades, que Israel considera \u201cjihadistas\u201d.<\/p>\n\n\n\n<p>O novo governo s\u00edrio denunciou a \u201cagress\u00e3o (como) parte de uma campanha israelense contra o povo s\u00edrio e a estabilidade do pa\u00eds\u201d.<\/p>\n\n\n\n<p>No L\u00edbano, apesar da tr\u00e9gua em vigor desde 27 de novembro com o movimento Hezbollah, Israel efetua ataques com frequ\u00eancia.<\/p>\n\n\n\n<p>Segundo o Ex\u00e9rcito israelense, os bombardeios pretendem destruir infraestruturas ou membros do grupo apoiado pelo Ir\u00e3.&nbsp;<strong>\/AFP<\/strong><\/p>\n\n\n\n<p><strong>Por Estad\u00e3o<\/strong><\/p>\n\n\n\n<p><strong><br><\/strong><\/p>\n","protected":false},"excerpt":{"rendered":"<p>Ataques acontecem ap\u00f3s alerta da Uni\u00e3o Europeia sobre perigo de agravamento do conflito O Ex\u00e9rcito de\u00a0Israel\u00a0informou nesta ter\u00e7a-feira, 25, que atacou novamente duas bases militares no centro da\u00a0S\u00edria, um dia&hellip;<\/p>\n","protected":false},"author":1,"featured_media":338097,"comment_status":"closed","ping_status":"open","sticky":false,"template":"","format":"standard","meta":{"footnotes":""},"categories":[55,46,42],"tags":[],"class_list":["post-338096","post","type-post","status-publish","format-standard","has-post-thumbnail","hentry","category-conflito","category-mundo","category-ultimas"],"_links":{"self":[{"href":"https:\/\/blogfolhadocomercio.com.br\/wp\/wp-json\/wp\/v2\/posts\/338096","targetHints":{"allow":["GET"]}}],"collection":[{"href":"https:\/\/blogfolhadocomercio.com.br\/wp\/wp-json\/wp\/v2\/posts"}],"about":[{"href":"https:\/\/blogfolhadocomercio.com.br\/wp\/wp-json\/wp\/v2\/types\/post"}],"author":[{"embeddable":true,"href":"https:\/\/blogfolhadocomercio.com.br\/wp\/wp-json\/wp\/v2\/users\/1"}],"replies":[{"embeddable":true,"href":"https:\/\/blogfolhadocomercio.com.br\/wp\/wp-json\/wp\/v2\/comments?post=338096"}],"version-history":[{"count":1,"href":"https:\/\/blogfolhadocomercio.com.br\/wp\/wp-json\/wp\/v2\/posts\/338096\/revisions"}],"predecessor-version":[{"id":338098,"href":"https:\/\/blogfolhadocomercio.com.br\/wp\/wp-json\/wp\/v2\/posts\/338096\/revisions\/338098"}],"wp:featuredmedia":[{"embeddable":true,"href":"https:\/\/blogfolhadocomercio.com.br\/wp\/wp-json\/wp\/v2\/media\/338097"}],"wp:attachment":[{"href":"https:\/\/blogfolhadocomercio.com.br\/wp\/wp-json\/wp\/v2\/media?parent=338096"}],"wp:term":[{"taxonomy":"category","embeddable":true,"href":"https:\/\/blogfolhadocomercio.com.br\/wp\/wp-json\/wp\/v2\/categories?post=338096"},{"taxonomy":"post_tag","embeddable":true,"href":"https:\/\/blogfolhadocomercio.com.br\/wp\/wp-json\/wp\/v2\/tags?post=338096"}],"curies":[{"name":"wp","href":"https:\/\/api.w.org\/{rel}","templated":true}]}}