{"id":337896,"date":"2025-03-18T17:55:38","date_gmt":"2025-03-18T20:55:38","guid":{"rendered":"https:\/\/blogfolhadocomercio.com.br\/wp\/?p=337896"},"modified":"2025-03-18T17:55:40","modified_gmt":"2025-03-18T20:55:40","slug":"policia-prende-medico-suspeito-de-crime-sexual-contra-paciente-em-vicentinopolis","status":"publish","type":"post","link":"https:\/\/blogfolhadocomercio.com.br\/wp\/2025\/03\/18\/policia-prende-medico-suspeito-de-crime-sexual-contra-paciente-em-vicentinopolis\/","title":{"rendered":"Pol\u00edcia prende m\u00e9dico suspeito de crime sexual contra paciente em Vicentin\u00f3polis"},"content":{"rendered":"\n<p>V\u00edtima disse que foi abusada sexualmente pelo m\u00e9dico durante um exame ginecol\u00f3gico<\/p>\n\n\n\n<figure class=\"wp-block-image size-large\"><img loading=\"lazy\" decoding=\"async\" width=\"1024\" height=\"576\" src=\"https:\/\/blogfolhadocomercio.com.br\/wp\/wp-content\/uploads\/2025\/03\/image-319-1024x576.png\" alt=\"\" class=\"wp-image-337897\" srcset=\"https:\/\/blogfolhadocomercio.com.br\/wp\/wp-content\/uploads\/2025\/03\/image-319-1024x576.png 1024w, https:\/\/blogfolhadocomercio.com.br\/wp\/wp-content\/uploads\/2025\/03\/image-319-300x169.png 300w, https:\/\/blogfolhadocomercio.com.br\/wp\/wp-content\/uploads\/2025\/03\/image-319-768x432.png 768w, https:\/\/blogfolhadocomercio.com.br\/wp\/wp-content\/uploads\/2025\/03\/image-319-1170x658.png 1170w, https:\/\/blogfolhadocomercio.com.br\/wp\/wp-content\/uploads\/2025\/03\/image-319-585x329.png 585w, https:\/\/blogfolhadocomercio.com.br\/wp\/wp-content\/uploads\/2025\/03\/image-319.png 1200w\" sizes=\"auto, (max-width: 1024px) 100vw, 1024px\" \/><\/figure>\n\n\n\n<p>A&nbsp;<a href=\"https:\/\/www.policiacivil.go.gov.br\/\" target=\"_blank\" rel=\"noreferrer noopener\">Pol\u00edcia Civil<\/a>&nbsp;de Vicentin\u00f3polis prendeu, nesta ter\u00e7a-feira (18), um m\u00e9dico suspeito de dos crimes de viola\u00e7\u00e3o sexual mediante fraude e importuna\u00e7\u00e3o sexual. A a\u00e7\u00e3o ocorreu ap\u00f3s den\u00fancia de uma paciente de 21 anos que teria sido v\u00edtima do homem.<\/p>\n\n\n\n<p>Aos policiais, a mulher disse que foi abusada sexualmente pelo m\u00e9dico durante um exame ginecol\u00f3gico. Segundo ela, o profissional, enquanto fazia o procedimento, fez diversas perguntas de cunho sexual. Entre elas, \u201cse a v\u00edtima sentiria orgasmo com aquele movimento do exame\u201d, \u201cse durante rela\u00e7\u00e3o sexual ela chegava ao orgasmo\u201d, \u201cse ele poderia introduzir o p\u00eanis na v\u00edtima\u201d e \u201cse colocasse o p\u00eanis na v\u00edtima, poderia fazer a v\u00edtima ter um orgasmo\u201d.<\/p>\n\n\n\n<p>O suspeito seria reincidente na pr\u00e1tica de crimes sexuais, com passagens por estupro, atentado violento ao pudor e ass\u00e9dio sexual. Al\u00e9m disso, a Pol\u00edcia Civil acredita que existam outras v\u00edtimas, que n\u00e3o denunciaram por medo de repres\u00e1lias.<\/p>\n\n\n\n<p>Houve, ent\u00e3o, o pedido de pris\u00e3o preventiva, deferido pela Justi\u00e7a. Preso, o homem foi levado ao pres\u00eddio de Pontalina. No depoimento, ele negou e disse que as den\u00fancias ocorrem por ele ser m\u00e9dico. O indiv\u00edduo n\u00e3o teve a identidade divulgada.<\/p>\n\n\n\n<p>Ele ainda teria assediado sexualmente uma servidora municipal que trabalha na mesma unidade de sa\u00fade onde ele trabalha. A corpora\u00e7\u00e3o tamb\u00e9m investiga o caso.<\/p>\n\n\n\n<h2 class=\"wp-block-heading\" id=\"h-medico-preso-em-goiania-suspeito-de-acariciar-paciente\">M\u00e9dico preso em Goi\u00e2nia suspeito de acariciar paciente<\/h2>\n\n\n\n<p>A Pol\u00edcia Civil prendeu&nbsp;<a href=\"https:\/\/www.maisgoias.com.br\/cidades\/medico-suspeito-de-acariciar-adolescente-e-preso-em-goiania\/\" target=\"_blank\" rel=\"noreferrer noopener\">na sexta-feira<\/a>&nbsp;(14), em Goi\u00e2nia, o m\u00e9dico Alfredo Carlos Dias Mattos J\u00fanior. Ele \u00e9 suspeito de acariciar uma adolescente durante um atendimento. A Justi\u00e7a determinou a suspens\u00e3o por tempo indeterminado do registro dele junto ao Conselho Regional de Medicina de Goi\u00e1s (Cremego).<\/p>\n\n\n\n<p><strong>Por Mais Goi\u00e1s<\/strong><\/p>\n","protected":false},"excerpt":{"rendered":"<p>V\u00edtima disse que foi abusada sexualmente pelo m\u00e9dico durante um exame ginecol\u00f3gico A&nbsp;Pol\u00edcia Civil&nbsp;de Vicentin\u00f3polis prendeu, nesta ter\u00e7a-feira (18), um m\u00e9dico suspeito de dos crimes de viola\u00e7\u00e3o sexual mediante fraude&hellip;<\/p>\n","protected":false},"author":1,"featured_media":337897,"comment_status":"closed","ping_status":"open","sticky":false,"template":"","format":"standard","meta":{"footnotes":""},"categories":[1,54,42],"tags":[],"class_list":["post-337896","post","type-post","status-publish","format-standard","has-post-thumbnail","hentry","category-cidades","category-crime","category-ultimas"],"_links":{"self":[{"href":"https:\/\/blogfolhadocomercio.com.br\/wp\/wp-json\/wp\/v2\/posts\/337896","targetHints":{"allow":["GET"]}}],"collection":[{"href":"https:\/\/blogfolhadocomercio.com.br\/wp\/wp-json\/wp\/v2\/posts"}],"about":[{"href":"https:\/\/blogfolhadocomercio.com.br\/wp\/wp-json\/wp\/v2\/types\/post"}],"author":[{"embeddable":true,"href":"https:\/\/blogfolhadocomercio.com.br\/wp\/wp-json\/wp\/v2\/users\/1"}],"replies":[{"embeddable":true,"href":"https:\/\/blogfolhadocomercio.com.br\/wp\/wp-json\/wp\/v2\/comments?post=337896"}],"version-history":[{"count":1,"href":"https:\/\/blogfolhadocomercio.com.br\/wp\/wp-json\/wp\/v2\/posts\/337896\/revisions"}],"predecessor-version":[{"id":337898,"href":"https:\/\/blogfolhadocomercio.com.br\/wp\/wp-json\/wp\/v2\/posts\/337896\/revisions\/337898"}],"wp:featuredmedia":[{"embeddable":true,"href":"https:\/\/blogfolhadocomercio.com.br\/wp\/wp-json\/wp\/v2\/media\/337897"}],"wp:attachment":[{"href":"https:\/\/blogfolhadocomercio.com.br\/wp\/wp-json\/wp\/v2\/media?parent=337896"}],"wp:term":[{"taxonomy":"category","embeddable":true,"href":"https:\/\/blogfolhadocomercio.com.br\/wp\/wp-json\/wp\/v2\/categories?post=337896"},{"taxonomy":"post_tag","embeddable":true,"href":"https:\/\/blogfolhadocomercio.com.br\/wp\/wp-json\/wp\/v2\/tags?post=337896"}],"curies":[{"name":"wp","href":"https:\/\/api.w.org\/{rel}","templated":true}]}}