{"id":337247,"date":"2025-03-10T19:39:04","date_gmt":"2025-03-10T22:39:04","guid":{"rendered":"https:\/\/blogfolhadocomercio.com.br\/wp\/?p=337247"},"modified":"2025-03-10T19:39:07","modified_gmt":"2025-03-10T22:39:07","slug":"policia-encontra-equipamentos-furtados-da-equatorial-e-prende-suspeito-em-goiania","status":"publish","type":"post","link":"https:\/\/blogfolhadocomercio.com.br\/wp\/2025\/03\/10\/policia-encontra-equipamentos-furtados-da-equatorial-e-prende-suspeito-em-goiania\/","title":{"rendered":"Pol\u00edcia encontra equipamentos furtados da Equatorial e prende suspeito em Goi\u00e2nia"},"content":{"rendered":"\n<p>Comerciantes denunciaram que um homem vendia repetidores de sinal de r\u00e1dio por valores abaixo do mercado<\/p>\n\n\n\n<figure class=\"wp-block-image size-large\"><img loading=\"lazy\" decoding=\"async\" width=\"1024\" height=\"576\" src=\"https:\/\/blogfolhadocomercio.com.br\/wp\/wp-content\/uploads\/2025\/03\/image-177-1024x576.png\" alt=\"\" class=\"wp-image-337248\" srcset=\"https:\/\/blogfolhadocomercio.com.br\/wp\/wp-content\/uploads\/2025\/03\/image-177-1024x576.png 1024w, https:\/\/blogfolhadocomercio.com.br\/wp\/wp-content\/uploads\/2025\/03\/image-177-300x169.png 300w, https:\/\/blogfolhadocomercio.com.br\/wp\/wp-content\/uploads\/2025\/03\/image-177-768x432.png 768w, https:\/\/blogfolhadocomercio.com.br\/wp\/wp-content\/uploads\/2025\/03\/image-177-1170x658.png 1170w, https:\/\/blogfolhadocomercio.com.br\/wp\/wp-content\/uploads\/2025\/03\/image-177-585x329.png 585w, https:\/\/blogfolhadocomercio.com.br\/wp\/wp-content\/uploads\/2025\/03\/image-177.png 1200w\" sizes=\"auto, (max-width: 1024px) 100vw, 1024px\" \/><\/figure>\n\n\n\n<p>Um homem foi preso por recepta\u00e7\u00e3o qualificada de equipamentos eletr\u00f4nicos e de telecomunica\u00e7\u00e3o que pertenciam \u00e0&nbsp;<a href=\"https:\/\/www.google.com\/search?q=equatorial&amp;oq=equatorial+&amp;gs_lcrp=EgZjaHJvbWUqBwgAEAAYjwIyBwgAEAAYjwIyBggBECMYJzISCAIQLhgUGMcBGIcCGNEDGIAEMgcIAxAAGIAEMgcIBBAAGIAEMgcIBRAAGIAEMgYIBhBFGDwyBggHEEUYPdIBCDQ1NDlqMGo0qAIAsAIA8QU-kJSZO3zHyA&amp;sourceid=chrome&amp;ie=UTF-8\">Equatorial<\/a>. O suspeito foi detido na \u00faltima sexta-feira (7) pela Pol\u00edcia Civil de Goi\u00e1s. A a\u00e7\u00e3o foi realizada por meio da Delegacia Estadual de Investiga\u00e7\u00f5es Criminais (Deic) e do Grupo de Repress\u00e3o a Estelionato e Outras Fraudes (Gref), que cumpriram um mandado de pris\u00e3o preventiva e de busca e apreens\u00e3o em Goi\u00e2nia.<\/p>\n\n\n\n<p>A investiga\u00e7\u00e3o teve in\u00edcio ap\u00f3s a supervis\u00e3o de intelig\u00eancia da Equatorial registrar uma ocorr\u00eancia relatando den\u00fancias de comerciantes locais. Eles informaram que um homem estava oferecendo \u00e0 venda repetidores de sinal de r\u00e1dio e duplexadores por valores significativamente abaixo do pre\u00e7o de mercado. A empresa tamb\u00e9m destacou que, em datas pr\u00f3ximas, houve uma s\u00e9rie de furtos desses mesmos equipamentos em subesta\u00e7\u00f5es de energia el\u00e9trica nos estados do Maranh\u00e3o e Piau\u00ed.<\/p>\n\n\n\n<p>Diante da poss\u00edvel liga\u00e7\u00e3o entre os fatos, foi instaurado um inqu\u00e9rito policial. Ap\u00f3s investigar, a pol\u00edcia confirmou que os equipamentos comercializados pelo suspeito eram os mesmos que haviam sido roubados das subesta\u00e7\u00f5es da&nbsp;<a href=\"https:\/\/www.maisgoias.com.br\/cidades\/ex-funcionario-da-equatorial-e-preso-por-furto-de-energia-em-goias\/\">Equatorial<\/a>.<\/p>\n\n\n\n<p>Durante a opera\u00e7\u00e3o, al\u00e9m da pris\u00e3o do investigado, foram apreendidos equipamentos de telecomunica\u00e7\u00e3o, eletr\u00f4nicos, celulares e documentos que podem auxiliar nas investiga\u00e7\u00f5es e indicar a poss\u00edvel participa\u00e7\u00e3o de outras pessoas no esquema criminoso.<\/p>\n\n\n\n<p><strong>Por Mais Goi\u00e1s<\/strong><\/p>\n","protected":false},"excerpt":{"rendered":"<p>Comerciantes denunciaram que um homem vendia repetidores de sinal de r\u00e1dio por valores abaixo do mercado Um homem foi preso por recepta\u00e7\u00e3o qualificada de equipamentos eletr\u00f4nicos e de telecomunica\u00e7\u00e3o que&hellip;<\/p>\n","protected":false},"author":1,"featured_media":337248,"comment_status":"closed","ping_status":"open","sticky":false,"template":"","format":"standard","meta":{"footnotes":""},"categories":[1,54,42],"tags":[],"class_list":["post-337247","post","type-post","status-publish","format-standard","has-post-thumbnail","hentry","category-cidades","category-crime","category-ultimas"],"_links":{"self":[{"href":"https:\/\/blogfolhadocomercio.com.br\/wp\/wp-json\/wp\/v2\/posts\/337247","targetHints":{"allow":["GET"]}}],"collection":[{"href":"https:\/\/blogfolhadocomercio.com.br\/wp\/wp-json\/wp\/v2\/posts"}],"about":[{"href":"https:\/\/blogfolhadocomercio.com.br\/wp\/wp-json\/wp\/v2\/types\/post"}],"author":[{"embeddable":true,"href":"https:\/\/blogfolhadocomercio.com.br\/wp\/wp-json\/wp\/v2\/users\/1"}],"replies":[{"embeddable":true,"href":"https:\/\/blogfolhadocomercio.com.br\/wp\/wp-json\/wp\/v2\/comments?post=337247"}],"version-history":[{"count":1,"href":"https:\/\/blogfolhadocomercio.com.br\/wp\/wp-json\/wp\/v2\/posts\/337247\/revisions"}],"predecessor-version":[{"id":337249,"href":"https:\/\/blogfolhadocomercio.com.br\/wp\/wp-json\/wp\/v2\/posts\/337247\/revisions\/337249"}],"wp:featuredmedia":[{"embeddable":true,"href":"https:\/\/blogfolhadocomercio.com.br\/wp\/wp-json\/wp\/v2\/media\/337248"}],"wp:attachment":[{"href":"https:\/\/blogfolhadocomercio.com.br\/wp\/wp-json\/wp\/v2\/media?parent=337247"}],"wp:term":[{"taxonomy":"category","embeddable":true,"href":"https:\/\/blogfolhadocomercio.com.br\/wp\/wp-json\/wp\/v2\/categories?post=337247"},{"taxonomy":"post_tag","embeddable":true,"href":"https:\/\/blogfolhadocomercio.com.br\/wp\/wp-json\/wp\/v2\/tags?post=337247"}],"curies":[{"name":"wp","href":"https:\/\/api.w.org\/{rel}","templated":true}]}}