{"id":337084,"date":"2025-03-08T20:25:19","date_gmt":"2025-03-08T23:25:19","guid":{"rendered":"https:\/\/blogfolhadocomercio.com.br\/wp\/?p=337084"},"modified":"2025-03-08T20:25:21","modified_gmt":"2025-03-08T23:25:21","slug":"conmebol-define-potes-para-sorteio-da-fase-de-grupos-da-libertadores-e-da-sul-americana","status":"publish","type":"post","link":"https:\/\/blogfolhadocomercio.com.br\/wp\/2025\/03\/08\/conmebol-define-potes-para-sorteio-da-fase-de-grupos-da-libertadores-e-da-sul-americana\/","title":{"rendered":"Conmebol define potes para sorteio da fase de grupos da Libertadores e da Sul-Americana"},"content":{"rendered":"\n<p>O sorteio dos grupos da Libertadores e da Sul-Americana acontecer\u00e1 no dia 17 de mar\u00e7o, na sede da Conmebol, em Luque, no Paraguai<\/p>\n\n\n\n<figure class=\"wp-block-image size-full\"><img loading=\"lazy\" decoding=\"async\" width=\"1024\" height=\"575\" src=\"https:\/\/blogfolhadocomercio.com.br\/wp\/wp-content\/uploads\/2025\/03\/image-125.png\" alt=\"\" class=\"wp-image-337085\" srcset=\"https:\/\/blogfolhadocomercio.com.br\/wp\/wp-content\/uploads\/2025\/03\/image-125.png 1024w, https:\/\/blogfolhadocomercio.com.br\/wp\/wp-content\/uploads\/2025\/03\/image-125-300x168.png 300w, https:\/\/blogfolhadocomercio.com.br\/wp\/wp-content\/uploads\/2025\/03\/image-125-768x431.png 768w, https:\/\/blogfolhadocomercio.com.br\/wp\/wp-content\/uploads\/2025\/03\/image-125-585x328.png 585w\" sizes=\"auto, (max-width: 1024px) 100vw, 1024px\" \/><\/figure>\n\n\n\n<p>A Conmebol divulgou, nesta sexta-feira (07\/03), os potes para o sorteio da fase de grupos da Libertadores e da Sul-Americana. A defini\u00e7\u00e3o das chaves acontecer\u00e1 no dia 17 de mar\u00e7o, em Luque, no Paraguai. Oito brasileiros ser\u00e3o cabe\u00e7as de chave, sendo quatro em uma competi\u00e7\u00e3o e quatro em outra.<\/p>\n\n\n\n<p>Na Libertadores, Botafogo, atual campe\u00e3o e pr\u00e9-definido como cabe\u00e7a de chave do Grupo A, Flamengo, Palmeiras e S\u00e3o Paulo estar\u00e3o no Pote 1. No Pote 2, aparece o Internacional. O Fortaleza estar\u00e1 no Pote 3. J\u00e1 Bahia e Corinthians, que buscam uma vaga na fase de grupos, estar\u00e3o no Pote 4 caso avancem.<\/p>\n\n\n\n<p>J\u00e1 na Sul-Americana, onde todos os clubes brasileiros entram direto na fase de grupos, Atl\u00e9tico-MG, Cruzeiro, Fluminense e Gr\u00eamio integram o Pote 1. A competi\u00e7\u00e3o ainda conta com Vasco, no Pote 2, e Vit\u00f3ria, no Pote 4, que ainda pode ter Bahia e Corinthians, caso eles sejam eliminados da Libertadores.<\/p>\n\n\n\n<p><strong><em>Confira os potes para os sorteios da Libertadores e da Sul-Americana:<\/em><\/strong><\/p>\n\n\n\n<p><strong>Libertadores<\/strong>:<\/p>\n\n\n\n<p><strong>Pote 1<\/strong>:&nbsp;<strong>Botafogo<\/strong>, River Plate,&nbsp;<strong>Palmeiras<\/strong>,&nbsp;<strong>Flamengo<\/strong>, Pe\u00f1arol, Nacional,&nbsp;<strong>S\u00e3o Paulo<\/strong>&nbsp;e Racing<br><strong>Pote 2<\/strong>: Olimpia, LDU,&nbsp;<strong>Internacional<\/strong>, Libertad, Independiente del Valle, Colo-Colo, Estudiantes e Bol\u00edvar<br><strong>Pote 3<\/strong>: Atl\u00e9tico Nacional, V\u00e9lez Sarsfield,&nbsp;<strong>Fortaleza<\/strong>, Sporting Cristal, Universitario, Talleres, Deportivo T\u00e1chira e Universidad de Chile<br><strong>Pote 4<\/strong>: Carabobo, Atl\u00e9tico Bucaramanga, Central C\u00f3rdoba, San Antonio Bulo Bulo e os quatro classificados da 3\u00aa fase<\/p>\n\n\n\n<p><strong>Sul-Americana:<\/strong><\/p>\n\n\n\n<p><strong>Pote 1<\/strong>:&nbsp;<strong>Atl\u00e9tico-MG<\/strong>,&nbsp;<strong>Fluminense<\/strong>,&nbsp;<strong>Gr\u00eamio<\/strong>, Independiente,&nbsp;<strong>Cruzeiro<\/strong>, Lan\u00fas, Defensa y Justicia e Am\u00e9rica de Cali<br><strong>Pote 2<\/strong>: Guaran\u00ed, Paletino, Caracas,&nbsp;<strong>Vasco<\/strong>, Hurac\u00e1n, Universidad Cat\u00f3lica, Uni\u00f3n Espa\u00f1ola e Godoy Cruz<br><strong>Pote 3<\/strong>: Once Caldas, Racing, Uni\u00f3n, Nacional Potos\u00ed, Cienciano, Sportivo Luque\u00f1o, Academia Puerto Cabello e Cerro Largo<br><strong>Pote 4<\/strong>: Mushuc Runa, Atl\u00e9tico Grau,&nbsp;<strong>Vit\u00f3ria<\/strong>, GV San Jos\u00e9 e os quatro eliminados da 3\u00aa fase da Libertadores<\/p>\n\n\n\n<p><strong>Por Mais Goi\u00e1s<\/strong><\/p>\n","protected":false},"excerpt":{"rendered":"<p>O sorteio dos grupos da Libertadores e da Sul-Americana acontecer\u00e1 no dia 17 de mar\u00e7o, na sede da Conmebol, em Luque, no Paraguai A Conmebol divulgou, nesta sexta-feira (07\/03), os&hellip;<\/p>\n","protected":false},"author":1,"featured_media":337085,"comment_status":"closed","ping_status":"open","sticky":false,"template":"","format":"standard","meta":{"footnotes":""},"categories":[36,42],"tags":[],"class_list":["post-337084","post","type-post","status-publish","format-standard","has-post-thumbnail","hentry","category-esporte","category-ultimas"],"_links":{"self":[{"href":"https:\/\/blogfolhadocomercio.com.br\/wp\/wp-json\/wp\/v2\/posts\/337084","targetHints":{"allow":["GET"]}}],"collection":[{"href":"https:\/\/blogfolhadocomercio.com.br\/wp\/wp-json\/wp\/v2\/posts"}],"about":[{"href":"https:\/\/blogfolhadocomercio.com.br\/wp\/wp-json\/wp\/v2\/types\/post"}],"author":[{"embeddable":true,"href":"https:\/\/blogfolhadocomercio.com.br\/wp\/wp-json\/wp\/v2\/users\/1"}],"replies":[{"embeddable":true,"href":"https:\/\/blogfolhadocomercio.com.br\/wp\/wp-json\/wp\/v2\/comments?post=337084"}],"version-history":[{"count":1,"href":"https:\/\/blogfolhadocomercio.com.br\/wp\/wp-json\/wp\/v2\/posts\/337084\/revisions"}],"predecessor-version":[{"id":337086,"href":"https:\/\/blogfolhadocomercio.com.br\/wp\/wp-json\/wp\/v2\/posts\/337084\/revisions\/337086"}],"wp:featuredmedia":[{"embeddable":true,"href":"https:\/\/blogfolhadocomercio.com.br\/wp\/wp-json\/wp\/v2\/media\/337085"}],"wp:attachment":[{"href":"https:\/\/blogfolhadocomercio.com.br\/wp\/wp-json\/wp\/v2\/media?parent=337084"}],"wp:term":[{"taxonomy":"category","embeddable":true,"href":"https:\/\/blogfolhadocomercio.com.br\/wp\/wp-json\/wp\/v2\/categories?post=337084"},{"taxonomy":"post_tag","embeddable":true,"href":"https:\/\/blogfolhadocomercio.com.br\/wp\/wp-json\/wp\/v2\/tags?post=337084"}],"curies":[{"name":"wp","href":"https:\/\/api.w.org\/{rel}","templated":true}]}}