{"id":336826,"date":"2025-03-05T17:39:00","date_gmt":"2025-03-05T20:39:00","guid":{"rendered":"https:\/\/blogfolhadocomercio.com.br\/wp\/?p=336826"},"modified":"2025-03-05T17:39:02","modified_gmt":"2025-03-05T20:39:02","slug":"produtor-de-soja-matou-dono-de-bar-em-bela-vista-para-vingar-crime-de-1996","status":"publish","type":"post","link":"https:\/\/blogfolhadocomercio.com.br\/wp\/2025\/03\/05\/produtor-de-soja-matou-dono-de-bar-em-bela-vista-para-vingar-crime-de-1996\/","title":{"rendered":"Produtor de soja matou dono de bar em Bela Vista para vingar crime de 1996"},"content":{"rendered":"\n<p>Filha diz que m\u00e3e, ent\u00e3o namorada do suspeito, foi abusada pela v\u00edtima<\/p>\n\n\n\n<figure class=\"wp-block-image size-large\"><img loading=\"lazy\" decoding=\"async\" width=\"1024\" height=\"576\" src=\"https:\/\/blogfolhadocomercio.com.br\/wp\/wp-content\/uploads\/2025\/03\/image-65-1024x576.png\" alt=\"\" class=\"wp-image-336827\" srcset=\"https:\/\/blogfolhadocomercio.com.br\/wp\/wp-content\/uploads\/2025\/03\/image-65-1024x576.png 1024w, https:\/\/blogfolhadocomercio.com.br\/wp\/wp-content\/uploads\/2025\/03\/image-65-300x169.png 300w, https:\/\/blogfolhadocomercio.com.br\/wp\/wp-content\/uploads\/2025\/03\/image-65-768x432.png 768w, https:\/\/blogfolhadocomercio.com.br\/wp\/wp-content\/uploads\/2025\/03\/image-65-1170x658.png 1170w, https:\/\/blogfolhadocomercio.com.br\/wp\/wp-content\/uploads\/2025\/03\/image-65-585x329.png 585w, https:\/\/blogfolhadocomercio.com.br\/wp\/wp-content\/uploads\/2025\/03\/image-65.png 1200w\" sizes=\"auto, (max-width: 1024px) 100vw, 1024px\" \/><\/figure>\n\n\n\n<p>O produtor de soja Carlos Teles Vieira, de 47 anos,&nbsp;matou&nbsp;<a href=\"https:\/\/www.maisgoias.com.br\/cidades\/produtor-de-soja-se-apresenta-a-policia-por-morte-de-dono-de-bar-em-bela-vista\/\" target=\"_blank\" rel=\"noreferrer noopener\">o dono de bar Jos\u00e9 Carlos Pereira Sampaio, 57<\/a>, em Bela Vista de Goi\u00e1s, para vingar um suposto crime ocorrido contra a ent\u00e3o namorada, em agosto de 1996. A afirma\u00e7\u00e3o foi feita pela filha do suspeito em um texto, que teve a autenticidade confirmada pelo advogado da fam\u00edlia, Reginaldo Ferreira Adorno Filho.<\/p>\n\n\n\n<p>\u201cAos 14 anos, em agosto de 1996, minha m\u00e3e foi estuprada por Jos\u00e9 Carlos (Zezin). Na \u00e9poca, ela j\u00e1 namorava meu pai, que tinha 17 anos. Al\u00e9m de ter cometido o crime, o Jos\u00e9 Carlos espalhou para todo mundo da comunidade de Rosel\u00e2ndia sobre o caso como se fosse algo consensual, causando muita humilha\u00e7\u00e3o para minha m\u00e3e e para meu pai, que era seu namorado\u201d, detalha em trecho do texto.<\/p>\n\n\n\n<p>E continuou: \u201cA suposta v\u00edtima, inclusive, teria ficado gr\u00e1vida. Mas eles n\u00e3o tinham condi\u00e7\u00f5es de fazer o teste de DNA, \u00e0 \u00e9poca. \u201cNo \u00faltimo s\u00e1bado, ap\u00f3s um longo dia de trabalho, meu pai chegou em casa, estava muito ansioso, tomou rem\u00e9dio para dormir, tomou cinco latas de cerveja, mas nada tirava a afli\u00e7\u00e3o dele. Ele pegou a arma, registrada em seu nome, e saiu de casa pedindo desculpa \u00e0 minha m\u00e3e. Ela ainda falou para ele n\u00e3o fazer nenhuma besteira. No dia seguinte, a pol\u00edcia bateu na porta da minha m\u00e3e.\u201d<\/p>\n\n\n\n<h2 class=\"wp-block-heading\" id=\"h-crime\">Crime<\/h2>\n\n\n\n<p>O crime aconteceu no s\u00e1bado (1\u00ba), no distrito de Rosel\u00e2ndia, em Bela Vista de Goi\u00e1s. Conforme a&nbsp;<a href=\"https:\/\/www.pm.go.gov.br\/\" target=\"_blank\" rel=\"noreferrer noopener\">Pol\u00edcia Militar<\/a>&nbsp;(PM) de Goi\u00e1s, o suspeito teria parado a camionete branca em uma rua pr\u00f3xima e caminhou a p\u00e9 at\u00e9 o Bar N\u00e3o Tem Dia, em frente a pra\u00e7a do Distrito de Rosel\u00e2ndia.<\/p>\n\n\n\n<p>Por volta das 22h de s\u00e1bado, ele, que estava de \u00f3culos, teria entrado no bar e disparado contra a v\u00edtima, o dono do estabelecimento. Do lado de fora, ele ainda teria efetuado mais dois disparos para cima antes de fugir. O Corpo de Bombeiros Militar de Goi\u00e1s (CBMGO) esteve no local, mas Jos\u00e9 Carlos j\u00e1 estava morto.<\/p>\n\n\n\n<p>Conforme as autoridades, foi usada uma pistola 9 mm para praticar o crime. Uma c\u00e2mera de um estabelecimento pr\u00f3ximo ao bar filmou um ve\u00edculo que seria a caminhonete em fuga.<\/p>\n\n\n\n<p>Carlos da Soja, como \u00e9 conhecido, n\u00e3o foi preso, pois se apresentou ap\u00f3s o per\u00edodo de flagrante. Ao&nbsp;<strong><a href=\"https:\/\/www.maisgoias.com.br\/\" target=\"_blank\" rel=\"noreferrer noopener\">Mais Goi\u00e1s<\/a><\/strong>, o advogado Reginaldo Ferreira Adorno Filho disse que o cliente foi \u00e0 delegacia espontaneamente e deu suas declara\u00e7\u00f5es, estando \u00e0 disposi\u00e7\u00e3o da autoridade policial e judici\u00e1ria para elucida\u00e7\u00e3o dos fatos.<\/p>\n\n\n\n<h2 class=\"wp-block-heading\" id=\"h-texto-da-filha-de-carlos-teles-vieira\">Texto da filha de Carlos Teles Vieira<\/h2>\n\n\n\n<p><em>\u201cTemos ci\u00eancia de que o que ele fez n\u00e3o foi, nem de longe, certo e muito menos adequado, e ele est\u00e1 disposto a responder e pagar por tudo que fez diante da Justi\u00e7a. Mas, ele n\u00e3o estava conseguindo conviver com esse peso que o assombrou por tantos anos.<\/em><\/p>\n\n\n\n<p><em>Aos 14 anos, em agosto de 1996, minha m\u00e3e foi estuprada por Jos\u00e9 Carlos (Zezin). Na \u00e9poca, ela j\u00e1 namorava meu pai, que tinha 17 anos. Al\u00e9m de ter cometido o crime, Jos\u00e9 Carlos espalhou para todo mundo da comunidade de Rosel\u00e2ndia sobre o caso como se fosse algo consensual, causando muita humilha\u00e7\u00e3o para minha m\u00e3e e para meu pai, que era seu namorado. Devido a isto, e ao fato de que provavelmente n\u00e3o aconteceria nada caso denunciassem, porque para todo mundo tinha sido algo consensual, meu pai e m\u00e3e se mudaram para o munic\u00edpio de Orizona, para se afastar o m\u00e1ximo do estuprador, e da comunidade\u2026 e tentar superar e esquecer o ocorrido.<\/em><\/p>\n\n\n\n<p><em>Contudo, isso n\u00e3o foi poss\u00edvel, considerando que, bem na \u00e9poca, minha m\u00e3e engravidou do meu irm\u00e3o, o que por muito tempo assombrou meu pai e minha m\u00e3e. Na \u00e9poca, eles nem tinham condi\u00e7\u00f5es de fazer teste de DNA, que foi feito ap\u00f3s alguns anos.<\/em><\/p>\n\n\n\n<p><em>No \u00faltimo s\u00e1bado, ap\u00f3s um longo dia de trabalho, meu pai chegou em casa, estava muito ansioso, tomou rem\u00e9dio para dormir, tomou cinco latas de cerveja, mas nada tirava a afli\u00e7\u00e3o dele. Ele pegou a arma, registrada em seu nome, e saiu de casa pedindo desculpa \u00e0 minha m\u00e3e. Ela ainda falou para ele n\u00e3o fazer nenhuma besteira. No dia seguinte, a pol\u00edcia bateu na porta da minha m\u00e3e.\u201d<\/em><\/p>\n\n\n\n<h2 class=\"wp-block-heading\" id=\"h-nota-da-defesa-de-carlos-na-segunda-feira-4\">Nota da defesa de Carlos, na segunda-feira (4)<\/h2>\n\n\n\n<p><em>\u201cDiante dos fatos ocorridos no s\u00e1bado, dia 01\/03\/2025, no distrito de Rosel\u00e2ndia-GO, a Defesa do investigado Carlos Teles Vieira se resguarda ao direito de se manifestar ap\u00f3s a conclus\u00e3o das investiga\u00e7\u00f5es.<\/em><\/p>\n\n\n\n<p><em>Nesse momento, informa que quaisquer manifesta\u00e7\u00f5es ou conclus\u00f5es ser\u00e3o feitas de forma precipitada e poder\u00e3o atrapalhar o bom andamento das investiga\u00e7\u00f5es.<\/em><\/p>\n\n\n\n<p><em>At\u00e9 o momento, o que se pode dizer \u00e9 que, ao tomar ci\u00eancia da ocorr\u00eancia, o investigado se apresentou espontaneamente, e deu suas declara\u00e7\u00f5es, estando \u00e0 disposi\u00e7\u00e3o da autoridade policial e judici\u00e1ria para elucida\u00e7\u00e3o dos fatos.<\/em><\/p>\n\n\n\n<p><em>Sobre as motiva\u00e7\u00f5es, estas j\u00e1 foram explicadas em seu depoimento, reservando-se o investigado no direito de apresent\u00e1-las novamente somente a autoridade policial e judici\u00e1ria.<\/em><\/p>\n\n\n\n<p><em>Por fim, o investigado e sua defesa, declaram que confiam na justi\u00e7a e no devido processo legal.<\/em>\u201c<\/p>\n\n\n\n<p><strong>Por Mais Goi\u00e1s<\/strong><\/p>\n","protected":false},"excerpt":{"rendered":"<p>Filha diz que m\u00e3e, ent\u00e3o namorada do suspeito, foi abusada pela v\u00edtima O produtor de soja Carlos Teles Vieira, de 47 anos,&nbsp;matou&nbsp;o dono de bar Jos\u00e9 Carlos Pereira Sampaio, 57,&hellip;<\/p>\n","protected":false},"author":1,"featured_media":336827,"comment_status":"closed","ping_status":"open","sticky":false,"template":"","format":"standard","meta":{"footnotes":""},"categories":[1,54,53,42],"tags":[],"class_list":["post-336826","post","type-post","status-publish","format-standard","has-post-thumbnail","hentry","category-cidades","category-crime","category-tragedia","category-ultimas"],"_links":{"self":[{"href":"https:\/\/blogfolhadocomercio.com.br\/wp\/wp-json\/wp\/v2\/posts\/336826","targetHints":{"allow":["GET"]}}],"collection":[{"href":"https:\/\/blogfolhadocomercio.com.br\/wp\/wp-json\/wp\/v2\/posts"}],"about":[{"href":"https:\/\/blogfolhadocomercio.com.br\/wp\/wp-json\/wp\/v2\/types\/post"}],"author":[{"embeddable":true,"href":"https:\/\/blogfolhadocomercio.com.br\/wp\/wp-json\/wp\/v2\/users\/1"}],"replies":[{"embeddable":true,"href":"https:\/\/blogfolhadocomercio.com.br\/wp\/wp-json\/wp\/v2\/comments?post=336826"}],"version-history":[{"count":1,"href":"https:\/\/blogfolhadocomercio.com.br\/wp\/wp-json\/wp\/v2\/posts\/336826\/revisions"}],"predecessor-version":[{"id":336828,"href":"https:\/\/blogfolhadocomercio.com.br\/wp\/wp-json\/wp\/v2\/posts\/336826\/revisions\/336828"}],"wp:featuredmedia":[{"embeddable":true,"href":"https:\/\/blogfolhadocomercio.com.br\/wp\/wp-json\/wp\/v2\/media\/336827"}],"wp:attachment":[{"href":"https:\/\/blogfolhadocomercio.com.br\/wp\/wp-json\/wp\/v2\/media?parent=336826"}],"wp:term":[{"taxonomy":"category","embeddable":true,"href":"https:\/\/blogfolhadocomercio.com.br\/wp\/wp-json\/wp\/v2\/categories?post=336826"},{"taxonomy":"post_tag","embeddable":true,"href":"https:\/\/blogfolhadocomercio.com.br\/wp\/wp-json\/wp\/v2\/tags?post=336826"}],"curies":[{"name":"wp","href":"https:\/\/api.w.org\/{rel}","templated":true}]}}