{"id":336804,"date":"2025-03-05T17:29:48","date_gmt":"2025-03-05T20:29:48","guid":{"rendered":"https:\/\/blogfolhadocomercio.com.br\/wp\/?p=336804"},"modified":"2025-03-05T17:29:50","modified_gmt":"2025-03-05T20:29:50","slug":"estrangeiro-e-agredido-em-bloco-do-rio-por-suastica-tatuada","status":"publish","type":"post","link":"https:\/\/blogfolhadocomercio.com.br\/wp\/2025\/03\/05\/estrangeiro-e-agredido-em-bloco-do-rio-por-suastica-tatuada\/","title":{"rendered":"Estrangeiro \u00e9 agredido em bloco do Rio por su\u00e1stica tatuada"},"content":{"rendered":"\n<p>Homem exibia outros s\u00edmbolos associados ao nazismo; Pol\u00edcia n\u00e3o registrou confus\u00e3o<\/p>\n\n\n\n<figure class=\"wp-block-image size-full\"><img loading=\"lazy\" decoding=\"async\" width=\"1024\" height=\"675\" src=\"https:\/\/blogfolhadocomercio.com.br\/wp\/wp-content\/uploads\/2025\/03\/image-58.png\" alt=\"\" class=\"wp-image-336805\" srcset=\"https:\/\/blogfolhadocomercio.com.br\/wp\/wp-content\/uploads\/2025\/03\/image-58.png 1024w, https:\/\/blogfolhadocomercio.com.br\/wp\/wp-content\/uploads\/2025\/03\/image-58-300x198.png 300w, https:\/\/blogfolhadocomercio.com.br\/wp\/wp-content\/uploads\/2025\/03\/image-58-768x506.png 768w, https:\/\/blogfolhadocomercio.com.br\/wp\/wp-content\/uploads\/2025\/03\/image-58-585x386.png 585w\" sizes=\"auto, (max-width: 1024px) 100vw, 1024px\" \/><\/figure>\n\n\n\n<p>Um estrangeiro foi agredido e retirado de um bloco de&nbsp;Carnaval&nbsp;no&nbsp;<a href=\"https:\/\/www1.folha.uol.com.br\/folha-topicos\/rio-de-janeiro\/\">Rio de Janeiro<\/a>&nbsp;ontem \u00e0 tarde por causa de uma su\u00e1stica tatuada nas costas e por ter outras tatuagens nazistas espalhadas pelo corpo, segundo foli\u00f5es.<\/p>\n\n\n\n<p>O jornalista Rodolfo Gaioto, autor do registro, estava no bloco Marimbondo N\u00e3o Respeita, no centro do Rio, quando viu o homem, que, segundo ele, tinha outras tatuagens. \u201cTirei a foto e o abordei, pedindo para que sa\u00edsse. Ele tinha a su\u00e1stica na nuca, o sol negro no bra\u00e7o direito, o SS no meio da testa e outro s\u00edmbolo nazista no ombro direito.\u201d<\/p>\n\n\n\n<p>O estrangeiro foi agredido ap\u00f3s ser expulso de bloco, segundo o foli\u00e3o. \u201cEle s\u00f3 falava: \u2018I\u2019m not nazi\u2019 [n\u00e3o sou nazista, em ingl\u00eas]. Em seguida, foi retirado com o aux\u00edlio de outras pessoas e acabou sendo agredido\u201d, contou Rodolfo.<\/p>\n\n\n\n<p>As pol\u00edcias Militar e Civil disseram n\u00e3o ter registro da confus\u00e3o. Tamb\u00e9m n\u00e3o h\u00e1 informa\u00e7\u00f5es sobre os ferimentos sofridos pelo turista ou informa\u00e7\u00f5es mais detalhadas sobre a sua origem, ainda que testemunhas tenham dito que se tratava de um norte-americano.<\/p>\n\n\n\n<p>\u201cN\u00e3o tem como negar que \u00e9 um s\u00edmbolo nazista. \u00c9 uma su\u00e1stica com formato levemente incorreto, usada por ocidentais at\u00e9 para negar que \u00e9 um s\u00edmbolo neonazista. S\u00e3o os chamados \u2018criptonazistas\u2019 como forma de disfarce. N\u00e3o \u00e9 incomum ver picha\u00e7\u00f5es com su\u00e1sticas feitas com o mesmo tipo de formato dessa tatuagem relacionadas ao&nbsp;<a href=\"https:\/\/www1.folha.uol.com.br\/folha-topicos\/nazismo\/\">nazismo<\/a>&nbsp;nos anos 1990 e 2000\u2033, disse o historiador Frank de Paula, envolvido em estudos sobre a extrema-direita no mundo e membro do N\u00facleo Interdisciplinar de Estudos Judaicos da UFRJ.<\/p>\n\n\n\n<p>A Liga Anti-Difama\u00e7\u00e3o (entidade que combate o avan\u00e7o do antissemitismo) explica que o s\u00edmbolo do sol negro \u2014composto por dois c\u00edrculos conc\u00eantricos e raios que partem do c\u00edrculo menor para o maior\u2014 \u00e9 usado em diferentes vers\u00f5es por diversas culturas, como os n\u00f3rdicos antigos e os celtas. Foi incorporado entre neonazistas, especialmente o Batalh\u00e3o Azov, uma mil\u00edcia neonazista. Ele costuma vir junto com uma su\u00e1stica.<\/p>\n\n\n\n<p>O sol negro estava presente em um dos sal\u00f5es do castelo de Wewelsburg, sede da SS (Schutzstaffel ou Esquadr\u00e3o de Prote\u00e7\u00e3o), a pol\u00edcia nazista. Depois que o livro \u2018O Sol Negro de Tashi Lhunpo\u2019 (1991), foi publicado, neonazistas de v\u00e1rios pa\u00edses passaram a usar como s\u00edmbolo do ocultismo nazista, que alega conectar o nazismo a \u2018saberes antigos secretos&#8217;\u201d, explica a entidade.<\/p>\n\n\n\n<p>Ostentar frase racista ou su\u00e1stica pode se enquadrar na Lei do Racismo, mas cada caso precisa ser analisado isoladamente. O juiz Jesseir Coelho de Alc\u00e2ntara, da 3\u00aa Vara Criminal dos Crimes Dolosos contra a Vida e Tribunal do J\u00fari de Goi\u00e2nia (GO), publicou um artigo em 2013 em que afirma que \u201ctatuagem pode ser considerada crime dependendo da maneira como \u00e9 feita, em quem \u00e9 realizada e qual a inten\u00e7\u00e3o do uso no corpo da pessoa\u201d.<\/p>\n\n\n\n<p><strong>*Via Folha de S\u00e3o Paulo<\/strong><\/p>\n","protected":false},"excerpt":{"rendered":"<p>Homem exibia outros s\u00edmbolos associados ao nazismo; Pol\u00edcia n\u00e3o registrou confus\u00e3o Um estrangeiro foi agredido e retirado de um bloco de&nbsp;Carnaval&nbsp;no&nbsp;Rio de Janeiro&nbsp;ontem \u00e0 tarde por causa de uma su\u00e1stica&hellip;<\/p>\n","protected":false},"author":1,"featured_media":336805,"comment_status":"closed","ping_status":"open","sticky":false,"template":"","format":"standard","meta":{"footnotes":""},"categories":[34,55,54,42],"tags":[],"class_list":["post-336804","post","type-post","status-publish","format-standard","has-post-thumbnail","hentry","category-brasil","category-conflito","category-crime","category-ultimas"],"_links":{"self":[{"href":"https:\/\/blogfolhadocomercio.com.br\/wp\/wp-json\/wp\/v2\/posts\/336804","targetHints":{"allow":["GET"]}}],"collection":[{"href":"https:\/\/blogfolhadocomercio.com.br\/wp\/wp-json\/wp\/v2\/posts"}],"about":[{"href":"https:\/\/blogfolhadocomercio.com.br\/wp\/wp-json\/wp\/v2\/types\/post"}],"author":[{"embeddable":true,"href":"https:\/\/blogfolhadocomercio.com.br\/wp\/wp-json\/wp\/v2\/users\/1"}],"replies":[{"embeddable":true,"href":"https:\/\/blogfolhadocomercio.com.br\/wp\/wp-json\/wp\/v2\/comments?post=336804"}],"version-history":[{"count":1,"href":"https:\/\/blogfolhadocomercio.com.br\/wp\/wp-json\/wp\/v2\/posts\/336804\/revisions"}],"predecessor-version":[{"id":336806,"href":"https:\/\/blogfolhadocomercio.com.br\/wp\/wp-json\/wp\/v2\/posts\/336804\/revisions\/336806"}],"wp:featuredmedia":[{"embeddable":true,"href":"https:\/\/blogfolhadocomercio.com.br\/wp\/wp-json\/wp\/v2\/media\/336805"}],"wp:attachment":[{"href":"https:\/\/blogfolhadocomercio.com.br\/wp\/wp-json\/wp\/v2\/media?parent=336804"}],"wp:term":[{"taxonomy":"category","embeddable":true,"href":"https:\/\/blogfolhadocomercio.com.br\/wp\/wp-json\/wp\/v2\/categories?post=336804"},{"taxonomy":"post_tag","embeddable":true,"href":"https:\/\/blogfolhadocomercio.com.br\/wp\/wp-json\/wp\/v2\/tags?post=336804"}],"curies":[{"name":"wp","href":"https:\/\/api.w.org\/{rel}","templated":true}]}}