{"id":336509,"date":"2025-02-27T20:33:48","date_gmt":"2025-02-27T23:33:48","guid":{"rendered":"https:\/\/blogfolhadocomercio.com.br\/wp\/?p=336509"},"modified":"2025-02-27T20:33:50","modified_gmt":"2025-02-27T23:33:50","slug":"governo-de-goias-e-motogp-realizam-evento-demonstrativo-em-goiania","status":"publish","type":"post","link":"https:\/\/blogfolhadocomercio.com.br\/wp\/2025\/02\/27\/governo-de-goias-e-motogp-realizam-evento-demonstrativo-em-goiania\/","title":{"rendered":"Governo de Goi\u00e1s e MotoGP realizam evento demonstrativo em Goi\u00e2nia"},"content":{"rendered":"\n<p>A cerim\u00f4nia marca o retorno da categoria ao Brasil e inicia a contagem regressiva de um ano para o GP de Goi\u00e2nia<\/p>\n\n\n\n<figure class=\"wp-block-image size-large\"><img loading=\"lazy\" decoding=\"async\" width=\"1024\" height=\"576\" src=\"https:\/\/blogfolhadocomercio.com.br\/wp\/wp-content\/uploads\/2025\/02\/image-549-1024x576.png\" alt=\"\" class=\"wp-image-336510\" srcset=\"https:\/\/blogfolhadocomercio.com.br\/wp\/wp-content\/uploads\/2025\/02\/image-549-1024x576.png 1024w, https:\/\/blogfolhadocomercio.com.br\/wp\/wp-content\/uploads\/2025\/02\/image-549-300x169.png 300w, https:\/\/blogfolhadocomercio.com.br\/wp\/wp-content\/uploads\/2025\/02\/image-549-768x432.png 768w, https:\/\/blogfolhadocomercio.com.br\/wp\/wp-content\/uploads\/2025\/02\/image-549-1170x658.png 1170w, https:\/\/blogfolhadocomercio.com.br\/wp\/wp-content\/uploads\/2025\/02\/image-549-585x329.png 585w, https:\/\/blogfolhadocomercio.com.br\/wp\/wp-content\/uploads\/2025\/02\/image-549.png 1200w\" sizes=\"auto, (max-width: 1024px) 100vw, 1024px\" \/><\/figure>\n\n\n\n<p>Em contagem regressiva para o retorno do Brasil ao calend\u00e1rio da MotoGP, maior categoria de motovelocidade, o Governo de Goi\u00e1s promover\u00e1, no dia 17 de mar\u00e7o, na pista do Aut\u00f3dromo de Goi\u00e2nia, que sediar\u00e1 a prova a partir de 2026, um evento evento gratuito para a demonstra\u00e7\u00e3o do que est\u00e1 por vir no ano que vem.<\/p>\n\n\n\n<p>A cerim\u00f4nia acontecer\u00e1 um dia ap\u00f3s o Grande Pr\u00eamio da Argentina, a segunda etapa do calend\u00e1rio da MotoGP em 2025. O governador de Goi\u00e1s, Ronaldo Caiado, o CEO da Dorna Sports, Carmelo Ezpeleta, o diretor esportivo da Dorna Sports, Carlos Ezpeleta, representantes da Brasil Motorsport, empresa promotora da MotoGP no Brasil, e cinco pilotos nacionais e internacionais das categorias MotoGP, Moto2 e MotoE, s\u00e3o presen\u00e7as confirmadas no evento.<\/p>\n\n\n\n<p>Os ingressos para o evento j\u00e1 est\u00e3o dispon\u00edveis e ser\u00e3o fornecidos atrav\u00e9s de uma inscri\u00e7\u00e3o no site&nbsp;<a href=\"https:\/\/moto.gpbrasil.com.br\/oretorno\">moto.gpbrasil.com.br\/oretorno<\/a>. Cada usu\u00e1rio receber\u00e1 um c\u00f3digo, por e-mail, no dia 11 de mar\u00e7o, com link para o resgate de at\u00e9 dois ingressos. As entradas s\u00e3o limitadas e sujeitas \u00e0 disponibilidade.<\/p>\n\n\n\n<p>Quem for ao aut\u00f3dromo Ayrton Senna no dia 17, ver\u00e1 os pilotos da MotoGP Miguel Oliveira (Portugal \u2013 Prima Pramac Yamaha), Luca Marini (It\u00e1lia \u2013 Honda HRC Castrol) e Franco Morbidelli (It\u00e1lia \u2013 Pertamina Enduro VR46 Racing Team). Os brasileiros Diogo Moreira (Brasil \u2013 Italtrans Racing Team), da Moto2, e Eric Granado (Brasil \u2013 LCR E-Team), tamb\u00e9m da Moto2 e MotoE, tamb\u00e9m estar\u00e3o presentes. Al\u00e9m disso, pessoas do p\u00fablico ser\u00e3o sorteadas para fazer perguntas aos competidores e tamb\u00e9m para uma sess\u00e3o de fotos.<\/p>\n\n\n\n<p>Goi\u00e2nia est\u00e1 confirmada como sede da volta da MotoGP ao Brasil desde o final do ano passado. O contrato com a Dorna, empresa detentora dos direitos da categoria, \u00e9 de cinco anos, e pode ser renovado. A \u00faltima vez que a categoria teve uma prova no Brasil foi em 2004, no circuito de Jacarepagu\u00e1, no Rio de Janeiro. Goi\u00e2nia j\u00e1 recebeu a MotoGP em outras duas oportunidades, entre 1987 e 1989.<\/p>\n\n\n\n<p>O Mundial de MotoGP 2025 come\u00e7ar\u00e1 no dia 2 de mar\u00e7o, na Tail\u00e2ndia. A segunda etapa ser\u00e1 no circuito Termas do Rio Hondo, na Argentina, no dia 16 de mar\u00e7o. A ESPN transmite as provas de forma exclusiva.<\/p>\n\n\n\n<p><strong>Por Mais Goi\u00e1s<\/strong><\/p>\n","protected":false},"excerpt":{"rendered":"<p>A cerim\u00f4nia marca o retorno da categoria ao Brasil e inicia a contagem regressiva de um ano para o GP de Goi\u00e2nia Em contagem regressiva para o retorno do Brasil&hellip;<\/p>\n","protected":false},"author":1,"featured_media":336510,"comment_status":"closed","ping_status":"open","sticky":false,"template":"","format":"standard","meta":{"footnotes":""},"categories":[1,36,42],"tags":[],"class_list":["post-336509","post","type-post","status-publish","format-standard","has-post-thumbnail","hentry","category-cidades","category-esporte","category-ultimas"],"_links":{"self":[{"href":"https:\/\/blogfolhadocomercio.com.br\/wp\/wp-json\/wp\/v2\/posts\/336509","targetHints":{"allow":["GET"]}}],"collection":[{"href":"https:\/\/blogfolhadocomercio.com.br\/wp\/wp-json\/wp\/v2\/posts"}],"about":[{"href":"https:\/\/blogfolhadocomercio.com.br\/wp\/wp-json\/wp\/v2\/types\/post"}],"author":[{"embeddable":true,"href":"https:\/\/blogfolhadocomercio.com.br\/wp\/wp-json\/wp\/v2\/users\/1"}],"replies":[{"embeddable":true,"href":"https:\/\/blogfolhadocomercio.com.br\/wp\/wp-json\/wp\/v2\/comments?post=336509"}],"version-history":[{"count":1,"href":"https:\/\/blogfolhadocomercio.com.br\/wp\/wp-json\/wp\/v2\/posts\/336509\/revisions"}],"predecessor-version":[{"id":336511,"href":"https:\/\/blogfolhadocomercio.com.br\/wp\/wp-json\/wp\/v2\/posts\/336509\/revisions\/336511"}],"wp:featuredmedia":[{"embeddable":true,"href":"https:\/\/blogfolhadocomercio.com.br\/wp\/wp-json\/wp\/v2\/media\/336510"}],"wp:attachment":[{"href":"https:\/\/blogfolhadocomercio.com.br\/wp\/wp-json\/wp\/v2\/media?parent=336509"}],"wp:term":[{"taxonomy":"category","embeddable":true,"href":"https:\/\/blogfolhadocomercio.com.br\/wp\/wp-json\/wp\/v2\/categories?post=336509"},{"taxonomy":"post_tag","embeddable":true,"href":"https:\/\/blogfolhadocomercio.com.br\/wp\/wp-json\/wp\/v2\/tags?post=336509"}],"curies":[{"name":"wp","href":"https:\/\/api.w.org\/{rel}","templated":true}]}}