{"id":336506,"date":"2025-02-27T20:33:05","date_gmt":"2025-02-27T23:33:05","guid":{"rendered":"https:\/\/blogfolhadocomercio.com.br\/wp\/?p=336506"},"modified":"2025-02-27T20:33:07","modified_gmt":"2025-02-27T23:33:07","slug":"justica-condena-ex-prefeito-de-aguas-lindas-por-improbidade-administrativa","status":"publish","type":"post","link":"https:\/\/blogfolhadocomercio.com.br\/wp\/2025\/02\/27\/justica-condena-ex-prefeito-de-aguas-lindas-por-improbidade-administrativa\/","title":{"rendered":"Justi\u00e7a condena ex-prefeito de \u00c1guas Lindas por improbidade administrativa"},"content":{"rendered":"\n<p>MP cita irregularidades na realiza\u00e7\u00e3o de despesas e pagamentos da prefeitura, assim como a dispensa de licita\u00e7\u00e3o em processos onde o procedimento era obrigat\u00f3rio<\/p>\n\n\n\n<figure class=\"wp-block-image size-large\"><img loading=\"lazy\" decoding=\"async\" width=\"1024\" height=\"576\" src=\"https:\/\/blogfolhadocomercio.com.br\/wp\/wp-content\/uploads\/2025\/02\/image-548-1024x576.png\" alt=\"\" class=\"wp-image-336507\" srcset=\"https:\/\/blogfolhadocomercio.com.br\/wp\/wp-content\/uploads\/2025\/02\/image-548-1024x576.png 1024w, https:\/\/blogfolhadocomercio.com.br\/wp\/wp-content\/uploads\/2025\/02\/image-548-300x169.png 300w, https:\/\/blogfolhadocomercio.com.br\/wp\/wp-content\/uploads\/2025\/02\/image-548-768x432.png 768w, https:\/\/blogfolhadocomercio.com.br\/wp\/wp-content\/uploads\/2025\/02\/image-548-1170x658.png 1170w, https:\/\/blogfolhadocomercio.com.br\/wp\/wp-content\/uploads\/2025\/02\/image-548-585x329.png 585w, https:\/\/blogfolhadocomercio.com.br\/wp\/wp-content\/uploads\/2025\/02\/image-548.png 1200w\" sizes=\"auto, (max-width: 1024px) 100vw, 1024px\" \/><figcaption class=\"wp-element-caption\"><small>Justi\u00e7a condena ex-prefeito de \u00c1guas Lindas por improbidade administrativa (Foto: Reprodu\u00e7\u00e3o)<\/small><\/figcaption><\/figure>\n\n\n\n<p>A Justi\u00e7a condenou o ex-prefeito de \u00c1guas Lindas de Goi\u00e1s Jos\u00e9 Zito Gon\u00e7alves e dois ex-auxiliares por improbidade administrativa. A decis\u00e3o acatou pedido do Minist\u00e9rio P\u00fablico de Goi\u00e1s (<a href=\"https:\/\/www.mpgo.mp.br\/portal\/\" target=\"_blank\" rel=\"noreferrer noopener\">MPGO<\/a>), que divulgou o resultado nesta quinta-feira (27).<\/p>\n\n\n\n<p>Conforme o MP, em 2001, quando era prefeito, Jos\u00e9 Zito e seus auxiliares praticaram \u201creiterados atos de improbidade administrativa\u201d. O \u00f3rg\u00e3o cita irregularidades na realiza\u00e7\u00e3o de despesas e pagamentos da prefeitura, assim como a dispensa de licita\u00e7\u00e3o em processos onde o procedimento era obrigat\u00f3rio. Os preju\u00edzos ao er\u00e1rio seriam mais de R$ 175 mil.<\/p>\n\n\n\n<p>O processo est\u00e1 em segredo de Justi\u00e7a, mas, conforme a promotora de Justi\u00e7a T\u00e2nia d\u2019Able Rocha de Torres Bandeira, os atos de improbidade n\u00e3o foram atos isolados e resultaram de um esquema de corrup\u00e7\u00e3o do qual participavam os r\u00e9us. O juiz Andr\u00e9 Nacagami, ao julgar a a\u00e7\u00e3o, entendeu que o trio causou les\u00e3o ao er\u00e1rio, com a evidente inten\u00e7\u00e3o de assim o fazer.<\/p>\n\n\n\n<p>Na condena\u00e7\u00e3o, ele determinou aos r\u00e9us restituir o er\u00e1rio municipal a import\u00e2ncia de R$ 27.904,30, solidariamente, incidindo juros de mora e corre\u00e7\u00e3o monet\u00e1ria, pela Selic, a contar da data do evento danoso; perda da fun\u00e7\u00e3o p\u00fablica e suspens\u00e3o dos direitos pol\u00edticos por 6 anos; multa civil; e proibi\u00e7\u00e3o de contratar com o poder p\u00fablico de receber benef\u00edcios ou incentivos fiscais, ou credit\u00edcios, direta ou indiretamente, ainda que por interm\u00e9dio de pessoa jur\u00eddica da qual seja s\u00f3cio majorit\u00e1rio por 6 anos.<\/p>\n\n\n\n<p>O&nbsp;<strong><a href=\"https:\/\/www.maisgoias.com.br\/\" target=\"_blank\" rel=\"noreferrer noopener\">Mais Goi\u00e1s<\/a><\/strong>&nbsp;tenta contato com a defesa do ex-prefeito Jos\u00e9 Zito. Esta mat\u00e9ria poder\u00e1 ser atualizada.<\/p>\n\n\n\n<p><strong>Por Mais Goi\u00e1s<\/strong><\/p>\n","protected":false},"excerpt":{"rendered":"<p>MP cita irregularidades na realiza\u00e7\u00e3o de despesas e pagamentos da prefeitura, assim como a dispensa de licita\u00e7\u00e3o em processos onde o procedimento era obrigat\u00f3rio A Justi\u00e7a condenou o ex-prefeito de&hellip;<\/p>\n","protected":false},"author":1,"featured_media":336507,"comment_status":"closed","ping_status":"open","sticky":false,"template":"","format":"standard","meta":{"footnotes":""},"categories":[1,35,42],"tags":[],"class_list":["post-336506","post","type-post","status-publish","format-standard","has-post-thumbnail","hentry","category-cidades","category-politica","category-ultimas"],"_links":{"self":[{"href":"https:\/\/blogfolhadocomercio.com.br\/wp\/wp-json\/wp\/v2\/posts\/336506","targetHints":{"allow":["GET"]}}],"collection":[{"href":"https:\/\/blogfolhadocomercio.com.br\/wp\/wp-json\/wp\/v2\/posts"}],"about":[{"href":"https:\/\/blogfolhadocomercio.com.br\/wp\/wp-json\/wp\/v2\/types\/post"}],"author":[{"embeddable":true,"href":"https:\/\/blogfolhadocomercio.com.br\/wp\/wp-json\/wp\/v2\/users\/1"}],"replies":[{"embeddable":true,"href":"https:\/\/blogfolhadocomercio.com.br\/wp\/wp-json\/wp\/v2\/comments?post=336506"}],"version-history":[{"count":1,"href":"https:\/\/blogfolhadocomercio.com.br\/wp\/wp-json\/wp\/v2\/posts\/336506\/revisions"}],"predecessor-version":[{"id":336508,"href":"https:\/\/blogfolhadocomercio.com.br\/wp\/wp-json\/wp\/v2\/posts\/336506\/revisions\/336508"}],"wp:featuredmedia":[{"embeddable":true,"href":"https:\/\/blogfolhadocomercio.com.br\/wp\/wp-json\/wp\/v2\/media\/336507"}],"wp:attachment":[{"href":"https:\/\/blogfolhadocomercio.com.br\/wp\/wp-json\/wp\/v2\/media?parent=336506"}],"wp:term":[{"taxonomy":"category","embeddable":true,"href":"https:\/\/blogfolhadocomercio.com.br\/wp\/wp-json\/wp\/v2\/categories?post=336506"},{"taxonomy":"post_tag","embeddable":true,"href":"https:\/\/blogfolhadocomercio.com.br\/wp\/wp-json\/wp\/v2\/tags?post=336506"}],"curies":[{"name":"wp","href":"https:\/\/api.w.org\/{rel}","templated":true}]}}