{"id":336409,"date":"2025-02-27T20:02:48","date_gmt":"2025-02-27T23:02:48","guid":{"rendered":"https:\/\/blogfolhadocomercio.com.br\/wp\/?p=336409"},"modified":"2025-02-27T20:02:51","modified_gmt":"2025-02-27T23:02:51","slug":"post-sobre-vacina-contra-hpv-desinforma-usando-reportagem-antiga-com-caso-nao-comprovado","status":"publish","type":"post","link":"https:\/\/blogfolhadocomercio.com.br\/wp\/2025\/02\/27\/post-sobre-vacina-contra-hpv-desinforma-usando-reportagem-antiga-com-caso-nao-comprovado\/","title":{"rendered":"Post sobre vacina contra HPV desinforma usando reportagem antiga com caso n\u00e3o comprovado"},"content":{"rendered":"\n<p><strong>Publica\u00e7\u00e3o enganosa trata de supostos efeitos colaterais de imuniza\u00e7\u00e3o contra v\u00edrus causador do c\u00e2ncer de colo de \u00fatero; pesquisas apontam que benef\u00edcios da vacina superam riscos causados por eventuais efeitos adversos, considerados raros<\/strong><\/p>\n\n\n\n<p><em><strong>Publicado em parceria com o Comprova.&nbsp;<\/strong><\/em><a href=\"https:\/\/projetocomprova.com.br\/about\/\" target=\"_blank\" rel=\"noreferrer noopener\"><em><strong>Leia mais sobre a coaliz\u00e3o aqui.<\/strong><\/em><\/a><\/p>\n\n\n\n<p><strong>Conte\u00fado investigado<\/strong>:&nbsp;<a href=\"https:\/\/projetocomprova.com.br\/wp-content\/uploads\/2025\/02\/00-Conteudo-investigado-FALSO-Reportagem-revela.jpg\"><strong>V\u00eddeo<\/strong><\/a>&nbsp;que mostra uma reportagem que aborda os supostos efeitos colaterais da vacina contra o papilomav\u00edrus humano (HPV), v\u00edrus causador do c\u00e2ncer de colo de \u00fatero.<\/p>\n\n\n\n<p><strong>Onde foi publicado<\/strong>: X.<\/p>\n\n\n\n<p><strong>Conclus\u00e3o do Comprova<\/strong>: Pesquisas apontam que os benef\u00edcios da vacina\u00e7\u00e3o contra o HPV superam os riscos causados por eventuais efeitos adversos, considerados raros. Um v\u00eddeo publicado no X mostra uma reportagem antiga sobre o caso de uma a\u00e7\u00e3o ajuizada em 2015 pelo Minist\u00e9rio P\u00fablico Federal (MPF) de Uberl\u00e2ndia (MG), que pedia a suspens\u00e3o do imunizante em todo o pa\u00eds. Em 2017, a Justi\u00e7a\u00a0<a href=\"https:\/\/www.em.com.br\/app\/noticia\/gerais\/2017\/05\/05\/interna_gerais,867179\/juiza-nega-pedido-de-medico-mineiro-e-mantem-vacinacao-contra-hpv.shtml\"><strong>n\u00e3o acatou o pedido do MPF.<\/strong><\/a><\/p>\n\n\n\n<p>O assunto chegou ao MPF&nbsp;<a href=\"https:\/\/g1.globo.com\/minas-gerais\/triangulo-mineiro\/noticia\/2015\/12\/mpf-de-uberlandia-pede-proibicao-da-vacina-contra-o-hpv-em-todo-pais.html\"><strong>por meio de representa\u00e7\u00e3o feita pela m\u00e3e de uma adolescente<\/strong><\/a>&nbsp;que, ap\u00f3s receber a vacina, desenvolveu problemas de sa\u00fade. A a\u00e7\u00e3o envolvia tamb\u00e9m outros jovens que, segundo um neurocirurgi\u00e3o ouvido pelo Minist\u00e9rio P\u00fablico, relataram quadros cl\u00ednicos neurol\u00f3gicos ap\u00f3s receberem o medicamento.<\/p>\n\n\n\n<p>Por\u00e9m, no processo, a ju\u00edza Anna Cristina Gon\u00e7alves, da 14\u00aa Vara Federal da Se\u00e7\u00e3o Judici\u00e1ria de Minas Gerais, considerou que n\u00e3o havia provas cient\u00edficas de que o imunizante teria causado efeitos colaterais nos adolescentes vacinados.<\/p>\n\n\n\n<p>O caso repercutiu e gerou receio na popula\u00e7\u00e3o sobre a seguran\u00e7a do medicamento. Na \u00e9poca, a Sociedade Brasileira de Imuniza\u00e7\u00f5es (SBIm) repudiou a a\u00e7\u00e3o do Minist\u00e9rio P\u00fablico Federal.<strong>&nbsp;<\/strong><a href=\"https:\/\/sbim.org.br\/images\/files\/posicionamento-sbim-frente-a-acao-do-mpf-18.12.15.pdf\"><strong>Por meio de nota oficial<\/strong>,<\/a>&nbsp;a organiza\u00e7\u00e3o destacou que a atitude colocava em risco a sa\u00fade de milhares de brasileiras.<\/p>\n\n\n\n<p>\u201cAs vacinas HPV s\u00e3o seguras, fato referendado por in\u00fameros estudos cient\u00edficos e resultados pr\u00e1ticos de pa\u00edses que adotaram a vacina\u00e7\u00e3o em larga escala desde 2007. J\u00e1 foram aplicadas mais de 200 milh\u00f5es de doses e as rea\u00e7\u00f5es adversas se mostraram pouco frequentes (10-20%). O quadro nesses casos costuma ser leve\u201d, destacou a SBIm.<\/p>\n\n\n\n<figure class=\"wp-block-image\"><img decoding=\"async\" src=\"https:\/\/www.estadao.com.br\/resizer\/v2\/HRN35LDBSNDHDOUNJ3GBHAP7RY.jpg?quality=80&amp;auth=f21841a0ca4c0f104513d14c2792bfe0c14fd1f2ed5ed838327e8971fc538608&amp;width=380\" alt=\"Postagem desinforma sobre vacina contra HPV\"\/><figcaption class=\"wp-element-caption\">Postagem desinforma sobre vacina contra HPV&nbsp;<em>Foto:&nbsp;repro<\/em><\/figcaption><\/figure>\n\n\n\n<p>Estudos realizados ao longo dos anos&nbsp;<a href=\"https:\/\/pubmed.ncbi.nlm.nih.gov\/28750853\/\"><strong>descartam a rela\u00e7\u00e3o entre o imunizante e o surgimento de doen\u00e7as autoimunes.<\/strong><\/a><strong>&nbsp;<\/strong>E outras entidades al\u00e9m da SBIm atestam a seguran\u00e7a da vacina, como a Sociedade Brasileira de Pediatria (SBP).<\/p>\n\n\n\n<p>Geyson Flor\u00eancio, especialista em cl\u00ednica m\u00e9dica do Hospital Oto Meireles, de Fortaleza, refor\u00e7a que a vacina contra o HPV \u00e9 amplamente reconhecida por sua efic\u00e1cia na preven\u00e7\u00e3o de infec\u00e7\u00f5es pelo v\u00edrus e suas complica\u00e7\u00f5es. \u201cEstudos corroboram a seguran\u00e7a da vacina, indicando que eventos adversos s\u00e3o raros e que os benef\u00edcios superam amplamente os riscos potenciais\u201d, explicou.<\/p>\n\n\n\n<p>O Comprova entrou em contato com a autora da publica\u00e7\u00e3o compartilhada no X, via mensagem direta por meio do aplicativo, mas n\u00e3o recebeu resposta at\u00e9 a publica\u00e7\u00e3o desta verifica\u00e7\u00e3o. Tamb\u00e9m buscamos a Secretaria Municipal de Sa\u00fade de Uberl\u00e2ndia.<\/p>\n\n\n\n<p>Em nota, o \u00f3rg\u00e3o afirmou que n\u00e3o poderia fornecer informa\u00e7\u00f5es sobre os casos dos adolescentes que levaram \u00e0 a\u00e7\u00e3o do MPF em raz\u00e3o da Lei Geral de Prote\u00e7\u00e3o de Dados Pessoais (LGPD). \u201cA Secretaria de Sa\u00fade esclarece que n\u00e3o repassa dados pessoais e m\u00e9dicos dos pacientes. Essas informa\u00e7\u00f5es s\u00e3o preservadas pela LGPD e pelas legisla\u00e7\u00f5es que regulam o sigilo m\u00e9dico\u201d, informou a entidade.<\/p>\n\n\n\n<p><a href=\"https:\/\/projetocomprova.com.br\/about\/\"><strong>Enganoso<\/strong><\/a>, para o Comprova, \u00e9 o conte\u00fado retirado do contexto original e usado em outro de modo que seu significado sofra altera\u00e7\u00f5es; que usa dados imprecisos ou que induz a uma interpreta\u00e7\u00e3o diferente da inten\u00e7\u00e3o de seu autor; conte\u00fado que confunde, com ou sem a inten\u00e7\u00e3o deliberada de causar dano.<\/p>\n\n\n\n<p><strong>Alcance da publica\u00e7\u00e3o<\/strong>: O Comprova investiga os conte\u00fados suspeitos com maior alcance nas redes sociais. O v\u00eddeo alcan\u00e7ou mais de 191,4 mil visualiza\u00e7\u00f5es e quase dois mil compartilhamentos at\u00e9 o dia 26 de fevereiro.<\/p>\n\n\n\n<p><strong>Fontes que consultamos<\/strong>: Foram consultadas as bulas das vacinas contra o HPV dispon\u00edveis no SUS, al\u00e9m de pesquisas que analisaram a rela\u00e7\u00e3o entre o imunizante e o surgimento de doen\u00e7as autoimunes ou outras condi\u00e7\u00f5es. Tamb\u00e9m foram consultadas mat\u00e9rias que trataram do caso na \u00e9poca em que a a\u00e7\u00e3o foi ajuizada. Ainda foi ouvido o especialista em cl\u00ednica m\u00e9dica do Hospital Oto Meireles, Geyson Flor\u00eancio. Al\u00e9m disso, a reportagem procurou a Secretaria Municipal de Sa\u00fade de Uberl\u00e2ndia.<\/p>\n\n\n\n<h3 class=\"wp-block-heading\" id=\"reportagem-nao-e-atual\">Reportagem n\u00e3o \u00e9 atual<\/h3>\n\n\n\n<p>O v\u00eddeo compartilhado no X \u00e9 um recorte do programa\u00a0<em>Interesse P\u00fablico\u00a0<\/em>que \u00e9 transmitido pela TV Justi\u00e7a e por mais de 30 emissoras parceiras em diferentes estados brasileiros. O trecho foi publicado em 16 de fevereiro de 2016 no canal do MPF no YouTube.<\/p>\n\n\n\n<p>A reportagem mostra que o MPF havia ajuizado uma a\u00e7\u00e3o civil p\u00fablica pedindo que a Justi\u00e7a Federal&nbsp;<a href=\"https:\/\/www.mpf.mp.br\/mg\/sala-de-imprensa\/noticias-mg\/mpf-pede-a-proibicao-da-vacina-contra-o-hpv-em-todo-o-pais-1\"><strong>proibisse a aplica\u00e7\u00e3o da vacina contra o HPV&nbsp;<\/strong><\/a>na rede p\u00fablica de sa\u00fade em todo o pa\u00eds. O processo tamb\u00e9m pedia a anula\u00e7\u00e3o de todos os atos normativos da Anvisa que autorizaram a importa\u00e7\u00e3o, produ\u00e7\u00e3o, distribui\u00e7\u00e3o e comercializa\u00e7\u00e3o do imunizante no Brasil.<\/p>\n\n\n\n<p>O autor da a\u00e7\u00e3o, o procurador Cl\u00e9ber Eust\u00e1quio Neves, justificou o pedido alegando que a vacina seria respons\u00e1vel por muitos efeitos colaterais, entre eles paralisia, altera\u00e7\u00f5es do sistema imunol\u00f3gico, respirat\u00f3rio e at\u00e9 infertilidade. Segundo o MPF, tamb\u00e9m foi ouvido um neurocirurgi\u00e3o de Uberl\u00e2ndia que relatou a ocorr\u00eancia de quadros cl\u00ednicos neurol\u00f3gicos em pacientes que haviam tomado o imunizante.<\/p>\n\n\n\n<figure class=\"wp-block-image\"><img decoding=\"async\" src=\"https:\/\/www.estadao.com.br\/resizer\/v2\/4J7IEKPXR5IADJNMVFA42TBH3M.jpg?quality=80&amp;auth=9b1e9a59d51f468616a3cb267ac6f58a8a4cbd5d93eea0e709723a49500c2c98&amp;width=380\" alt=\"Vacina contra o HPV fabricada pelo Instituto Butantan.\"\/><figcaption class=\"wp-element-caption\">Vacina contra o HPV fabricada pelo Instituto Butantan.&nbsp;<em>Foto:&nbsp;JF Di\u00f3rio\/Estad\u00e3o<\/em><\/figcaption><\/figure>\n\n\n\n<p>No per\u00edodo da a\u00e7\u00e3o,&nbsp;<a href=\"https:\/\/sbim.org.br\/images\/files\/posicionamento-sbim-frente-a-acao-do-mpf-18.12.15.pdf\"><strong>por meio de nota oficial,<\/strong><\/a>&nbsp;a SBIm destacou que a atitude do MPF colocava em risco a sa\u00fade de milhares de brasileiras. Al\u00e9m disso, refor\u00e7ou que a rela\u00e7\u00e3o entre o HPV e o c\u00e2ncer de colo de \u00fatero \u00e9 indiscut\u00edvel.<\/p>\n\n\n\n<p>Em 2017, o jornal Estado de Minas noticiou que<strong>&nbsp;<\/strong><a href=\"https:\/\/www.em.com.br\/app\/noticia\/gerais\/2017\/05\/05\/interna_gerais,867179\/juiza-nega-pedido-de-medico-mineiro-e-mantem-vacinacao-contra-hpv.shtml\"><strong>a Justi\u00e7a Federal n\u00e3o acatou o pedido de liminar do MPF<\/strong><\/a><strong>&nbsp;<\/strong>para suspender a vacina\u00e7\u00e3o contra o HPV. A ju\u00edza Anna Cristina Gon\u00e7alves considerou que o procurador n\u00e3o conseguiu provar a conex\u00e3o entre a vacina e as condi\u00e7\u00f5es desenvolvidas por adolescentes que receberam o imunizante.<\/p>\n\n\n\n<p>\u201cDiante da fragilidade das alega\u00e7\u00f5es relativas a eventuais efeitos colaterais e levando-se em conta as milhares de doses j\u00e1 aplicadas na popula\u00e7\u00e3o brasileira desde 2011, observo que os poucos relatos apresentados, sem prova cient\u00edfica de que a vacina teria causado efeitos colaterais, n\u00e3o s\u00e3o suficientes para amparar a pretens\u00e3o ministerial de suspender a aplica\u00e7\u00e3o da vacina contra HPV em todo o territ\u00f3rio nacional\u201d, considerou a magistrada.<\/p>\n\n\n\n<p>HPV e c\u00e2ncer<\/p>\n\n\n\n<p>O papilomav\u00edrus humano \u00e9 transmitido por meio das rela\u00e7\u00f5es sexuais e pode ocasionar o aparecimento de verrugas na pele e nas regi\u00f5es oral, anal e genital. Existem mais de cem tipos do v\u00edrus, mas os subtipos 16 e 18 s\u00e3o respons\u00e1veis por cerca de 70% dos casos de c\u00e2ncer de colo de \u00fatero no mundo, segundo&nbsp;<a href=\"https:\/\/hpvcentre.net\/statistics\/reports\/XWX.pdf\">relat\u00f3rio da Ag\u00eancia Internacional de Pesquisa em C\u00e2ncer,<\/a>&nbsp;entidade ligada \u00e0 Organiza\u00e7\u00e3o Mundial da Sa\u00fade (OMS).<\/p>\n\n\n\n<p>Na maioria dos casos, a infec\u00e7\u00e3o pelo HPV n\u00e3o apresenta sintomas, por isso as mulheres devem se submeter ao exame ginecol\u00f3gico preventivo com regularidade. Para a preven\u00e7\u00e3o, al\u00e9m do uso de preservativos, a medida mais eficaz \u00e9 a vacina\u00e7\u00e3o. Atualmente, os imunizantes registrados pela Ag\u00eancia Nacional de Vigil\u00e2ncia Sanit\u00e1ria (Anvisa) s\u00e3o o do Instituto Butantan e o da farmac\u00eautica Sharp &amp; Dohme.<\/p>\n\n\n\n<p>Desde 2014, a vacina do Butantan est\u00e1&nbsp;<a href=\"https:\/\/www.gov.br\/saude\/pt-br\/assuntos\/saude-de-a-a-z\/h\/hpv\/publicacoes\/esquema-vacinal-hpv\"><strong>dispon\u00edvel no Sistema \u00danico de Sa\u00fade (SUS)<\/strong>,<\/a>&nbsp;sendo distribu\u00edda para crian\u00e7as e adolescentes de 9 a 14 anos. O imunizante tamb\u00e9m \u00e9 ofertado para pessoas de 9 a 45 anos com condi\u00e7\u00f5es cl\u00ednicas espec\u00edficas, como HIV, al\u00e9m de transplantados, pacientes oncol\u00f3gicos e v\u00edtimas de abuso sexual. A indica\u00e7\u00e3o \u00e9 que a vacina\u00e7\u00e3o ocorra antes do in\u00edcio da vida sexual.<\/p>\n\n\n\n<p>O medicamento do laborat\u00f3rio brasileiro protege contra o HPV de baixo risco, dos subtipos 6 e 11, e de alto risco, dos subtipos 16 e 18, que causam c\u00e2ncer de colo de \u00fatero, de p\u00eanis, anal e oral. J\u00e1 a vacina da farmac\u00eautica Sharp &amp; Dohme, chamada de Gardasil 9, protege contra outros cinco subtipos do HPV: 31, 33, 45, 52 e 58. Ela&nbsp;<a href=\"https:\/\/www.gov.br\/anvisa\/pt-br\/assuntos\/noticias-anvisa\/2017\/registrada-vacina-do-hpv-contra-9-subtipos-do-virus\"><strong>foi aprovada pela Anvisa em 2022<\/strong><\/a>, indicada para pessoas de 9 a 26 anos.<\/p>\n\n\n\n<p>Em abril de 2024, o Minist\u00e9rio da Sa\u00fade, por meio da&nbsp;<a href=\"https:\/\/www.gov.br\/saude\/pt-br\/centrais-de-conteudo\/publicacoes\/notas-tecnicas\/2024\/nota-tecnica-no-41-2024-cgici-dpni-svsa-ms\"><strong>Nota T\u00e9cnica n\u00ba 41,<\/strong><\/a>&nbsp;adotou o esquema de vacina\u00e7\u00e3o em dose \u00fanica contra o HPV. Anteriormente, eram necess\u00e1rias duas aplica\u00e7\u00f5es.&nbsp;<a href=\"https:\/\/www.gov.br\/saude\/pt-br\/assuntos\/noticias\/2024\/abril\/ministerio-da-saude-adota-esquema-de-vacinacao-em-dose-unica-contra-o-hpv\"><strong>O \u00f3rg\u00e3o informou<\/strong><\/a><strong>&nbsp;<\/strong>que a decis\u00e3o foi tomada com o objetivo de intensificar a prote\u00e7\u00e3o contra o c\u00e2ncer de colo do \u00fatero e outras complica\u00e7\u00f5es associadas ao v\u00edrus.<\/p>\n\n\n\n<h3 class=\"wp-block-heading\" id=\"eventos-adversos\">Eventos adversos<\/h3>\n\n\n\n<p>Ap\u00f3s mais de 20 anos no SUS, a vacina contra o HPV ainda \u00e9 alvo de desinforma\u00e7\u00e3o. Em 2014, ano em que teve in\u00edcio a oferta do imunizante na rede p\u00fablica de sa\u00fade,&nbsp;<a href=\"https:\/\/www.estadao.com.br\/estadao-verifica\/efeitos-da-desinformacao-medo-de-vacina-contra-hpv-gera-sintomas-de-fundo-emocional\/?srsltid=AfmBOool1vtBQsXjracsm45xn5kzVsJ_qM2vCcy1PQsnQIyiOqokd54Z\"><strong>um grupo de m\u00e3es no Acre alegou que meninas vacinadas em escolas apresentaram efeitos<\/strong><\/a><strong>&nbsp;<\/strong>como convuls\u00f5es e dorm\u00eancia nas pernas. O caso repercutiu nas redes sociais, especialmente no Facebook, e gerou&nbsp;<a href=\"https:\/\/www.aosfatos.org\/noticias\/como-desinformacao-provocou-rejeicao-de-jovens-vacina-contra-hpv-no-acre\/\"><strong>uma campanha de desinforma\u00e7\u00e3o.<\/strong><\/a><\/p>\n\n\n\n<p>Diante do ocorrido, o Minist\u00e9rio da Sa\u00fade solicitou que a Universidade de S\u00e3o Paulo (USP) realizasse uma pesquisa para averiguar os poss\u00edveis efeitos da vacina nas crian\u00e7as. O estudo apontou que n\u00e3o havia rela\u00e7\u00e3o entre as propriedades do imunizante e os sintomas relatados. Foi demonstrado que ocorr\u00eancias como perda de consci\u00eancia e abalos motores tratavam-se de&nbsp;<a href=\"https:\/\/www.paho.org\/pt\/noticias\/29-11-2019-estudo-conclui-que-sintomas-neurologicos-pos-vacinacao-contra-hpv-no-acre\"><strong>crises psicog\u00eanicas causadas pelo estresse do ato de vacinar e n\u00e3o pelos compostos da vacina.<\/strong><\/a><\/p>\n\n\n\n<p>Organiza\u00e7\u00f5es como a&nbsp;<a href=\"https:\/\/www.sbp.com.br\/especiais\/pediatria-para-familias\/vacinas\/vacina-hpv\/\">Sociedade Brasileira de Pediatria (SBP)<\/a><strong>&nbsp;e a&nbsp;<\/strong><a href=\"https:\/\/www.sbp.com.br\/especiais\/pediatria-para-familias\/vacinas\/vacina-hpv\/\"><strong>SBIm<\/strong><\/a>&nbsp;atestam a seguran\u00e7a e a efic\u00e1cia da vacina. Entre os efeitos colaterais, a SBP cita aqueles comuns a vacina\u00e7\u00f5es em geral, como dor, vermelhid\u00e3o e incha\u00e7o no local da aplica\u00e7\u00e3o, al\u00e9m de febre, dor de cabe\u00e7a e mal estar, por\u00e9m todos sintomas leves e de curta dura\u00e7\u00e3o. Os mesmos eventos adversos est\u00e3o descritos nas bulas dos imunizantes&nbsp;<a href=\"https:\/\/butantan.gov.br\/assets\/arquivos\/soros-e-vacinas\/2024\/Bula%20HPV%20-%20PC.pdf\"><strong>do Butantan<\/strong><\/a>&nbsp;e&nbsp;<a href=\"https:\/\/saude.msd.com.br\/wp-content\/uploads\/sites\/91\/2022\/12\/G9-bula-paciente.pdf\"><strong>da Sharp &amp; Dohme.<\/strong><\/a><\/p>\n\n\n\n<p>Outras rea\u00e7\u00f5es relatadas ap\u00f3s o uso do medicamento do Butantan s\u00e3o dificuldade para respirar, falta de ar (broncospasmo), urtic\u00e1ria e erup\u00e7\u00f5es cut\u00e2neas. Em ambas as bulas, as farmac\u00eauticas enfatizam que, assim como qualquer imunizante, as vacinas contra o HPV podem causar efeitos adversos, mas raramente s\u00e3o graves.<\/p>\n\n\n\n<h3 class=\"wp-block-heading\" id=\"beneficios-superam-potenciais-riscos\">Benef\u00edcios superam potenciais riscos<\/h3>\n\n\n\n<p>Segundo o m\u00e9dico Geyson Flor\u00eancio, todas as vacinas apresentam efeitos adversos. No caso do HPV, j\u00e1 foram relatados a trombose de vasos venosos e a S\u00edndrome de Guillain-Barr\u00e9 (SGB), uma doen\u00e7a autoimune rara que ocorre quando o sistema imunol\u00f3gico do pr\u00f3prio corpo ataca parte do sistema nervoso. Mas diversos estudos publicados ao longo dos anos apontam a raridade desses eventos.<\/p>\n\n\n\n<p>Geyson cita&nbsp;<a href=\"https:\/\/pubmed.ncbi.nlm.nih.gov\/28750853\/\"><strong>uma pesquisa que avaliou a associa\u00e7\u00e3o entre a vacina\u00e7\u00e3o contra o HPV e o aparecimento de doen\u00e7as autoimunes.<\/strong><\/a>&nbsp;O estudo analisou mais de dois milh\u00f5es de meninas na Fran\u00e7a, com idade entre 13 e 16 anos, que haviam recebido o imunizante. \u201cOs resultados indicaram que n\u00e3o h\u00e1 aumento significativo no risco de doen\u00e7as autoimunes ap\u00f3s a vacina\u00e7\u00e3o\u201d, enfatizou o m\u00e9dico.<\/p>\n\n\n\n<p>Al\u00e9m disso, ele destaca&nbsp;<a href=\"https:\/\/pmc.ncbi.nlm.nih.gov\/articles\/PMC8796292\/\"><strong>uma meta-an\u00e1lise que compilou dados de v\u00e1rios ensaios cl\u00ednicos&nbsp;<\/strong><\/a>para avaliar a seguran\u00e7a da vacina quadrivalente contra o HPV. A meta-an\u00e1lise \u00e9 um m\u00e9todo que agrega os resultados de dois ou mais estudos sobre uma mesma quest\u00e3o de pesquisa. \u201cOs achados confirmaram um perfil de seguran\u00e7a favor\u00e1vel, com eventos adversos geralmente leves e tempor\u00e1rios\u201d, explicou. O levantamento apontou que, com base em 10 milh\u00f5es de relat\u00f3rios analisados, os casos de SGB decorrente da vacina eram raros.<\/p>\n\n\n\n<p><strong>Por que o Comprova investigou essa publica\u00e7\u00e3o<\/strong>: O Comprova monitora conte\u00fados suspeitos publicados em redes sociais e aplicativos de mensagem sobre pol\u00edticas p\u00fablicas, sa\u00fade, mudan\u00e7as clim\u00e1ticas e elei\u00e7\u00f5es e abre investiga\u00e7\u00f5es para aquelas publica\u00e7\u00f5es que obtiveram maior alcance e engajamento. Voc\u00ea tamb\u00e9m pode sugerir verifica\u00e7\u00f5es pelo&nbsp;<a href=\"https:\/\/api.whatsapp.com\/send?l=pt_pt&amp;phone=5511970454984&amp;text=Quero%20enviar%20um%20conte%C3%BAdo\"><strong>WhatsApp +55 11 97045-4984<\/strong><\/a>.<\/p>\n\n\n\n<p><strong>Outras checagens sobre o tema<\/strong>: O UOL Confere j\u00e1&nbsp;<a href=\"https:\/\/noticias.uol.com.br\/confere\/ultimas-noticias\/2017\/12\/06\/vacina-de-hpv-pode-causar-paralisia-ela-pode-passar-o-virus.htm\"><strong>desmentiu que a vacina contra o HPV cause paralisia<\/strong><\/a>. O Comprova explicou que a&nbsp;<a href=\"https:\/\/projetocomprova.com.br\/publica%C3%A7%C3%B5es\/vacina-contra-a-covid-19-e-segura-e-nao-gera-hiv-cancer-ou-hpv\/\"><strong>vacina contra a covid-19 \u00e9 segura e n\u00e3o gera HIV, c\u00e2ncer ou HPV<\/strong><\/a><strong>&nbsp;<\/strong>e tamb\u00e9m que livro sobre documentos da Pfizer n\u00e3o comprova que vacina de covid&nbsp;<a href=\"https:\/\/projetocomprova.com.br\/publica%C3%A7%C3%B5es\/livro-sobre-documentos-da-pfizer-nao-comprova-que-vacina-de-covid-tenha-causado-centenas-de-mortes\/\"><strong>tenha causado centenas de mortes.<\/strong><\/a>&nbsp;A Ag\u00eancia Lupa publicou que a&nbsp;<a href=\"https:\/\/lupa.uol.com.br\/jornalismo\/2024\/01\/19\/acao-de-procurador-de-uberlandia-para-proibir-vacinacao-em-criancas-e-antiga-e-foi-indeferida\"><strong>a\u00e7\u00e3o do procurador de Uberl\u00e2ndia foi indeferida.<\/strong><\/a>&nbsp;Al\u00e9m disso, o Estad\u00e3o Verifica apurou que \u00e9 falso que a vacina contra o HPV&nbsp;<a href=\"https:\/\/www.estadao.com.br\/estadao-verifica\/vacina-hpv-esterilidade-menopausa-falso\/?srsltid=AfmBOopQQDU2XZ8iagmArqQYcEj3Tts5t452uNac44McZXPjX5TPEeeM\"><strong>cause esterilidade e menopausa precoce.<\/strong><\/a><\/p>\n\n\n\n<p><strong>Notas da comunidade<\/strong>: At\u00e9 a publica\u00e7\u00e3o desta verifica\u00e7\u00e3o, n\u00e3o havia notas da comunidade publicadas junto ao post no X.<\/p>\n\n\n\n<p><strong>Por Estad\u00e3o<br><\/strong><\/p>\n","protected":false},"excerpt":{"rendered":"<p>Publica\u00e7\u00e3o enganosa trata de supostos efeitos colaterais de imuniza\u00e7\u00e3o contra v\u00edrus causador do c\u00e2ncer de colo de \u00fatero; pesquisas apontam que benef\u00edcios da vacina superam riscos causados por eventuais efeitos&hellip;<\/p>\n","protected":false},"author":1,"featured_media":336410,"comment_status":"closed","ping_status":"open","sticky":false,"template":"","format":"standard","meta":{"footnotes":""},"categories":[34,52,37,42],"tags":[],"class_list":["post-336409","post","type-post","status-publish","format-standard","has-post-thumbnail","hentry","category-brasil","category-polemica","category-seguranca","category-ultimas"],"_links":{"self":[{"href":"https:\/\/blogfolhadocomercio.com.br\/wp\/wp-json\/wp\/v2\/posts\/336409","targetHints":{"allow":["GET"]}}],"collection":[{"href":"https:\/\/blogfolhadocomercio.com.br\/wp\/wp-json\/wp\/v2\/posts"}],"about":[{"href":"https:\/\/blogfolhadocomercio.com.br\/wp\/wp-json\/wp\/v2\/types\/post"}],"author":[{"embeddable":true,"href":"https:\/\/blogfolhadocomercio.com.br\/wp\/wp-json\/wp\/v2\/users\/1"}],"replies":[{"embeddable":true,"href":"https:\/\/blogfolhadocomercio.com.br\/wp\/wp-json\/wp\/v2\/comments?post=336409"}],"version-history":[{"count":1,"href":"https:\/\/blogfolhadocomercio.com.br\/wp\/wp-json\/wp\/v2\/posts\/336409\/revisions"}],"predecessor-version":[{"id":336413,"href":"https:\/\/blogfolhadocomercio.com.br\/wp\/wp-json\/wp\/v2\/posts\/336409\/revisions\/336413"}],"wp:featuredmedia":[{"embeddable":true,"href":"https:\/\/blogfolhadocomercio.com.br\/wp\/wp-json\/wp\/v2\/media\/336410"}],"wp:attachment":[{"href":"https:\/\/blogfolhadocomercio.com.br\/wp\/wp-json\/wp\/v2\/media?parent=336409"}],"wp:term":[{"taxonomy":"category","embeddable":true,"href":"https:\/\/blogfolhadocomercio.com.br\/wp\/wp-json\/wp\/v2\/categories?post=336409"},{"taxonomy":"post_tag","embeddable":true,"href":"https:\/\/blogfolhadocomercio.com.br\/wp\/wp-json\/wp\/v2\/tags?post=336409"}],"curies":[{"name":"wp","href":"https:\/\/api.w.org\/{rel}","templated":true}]}}