{"id":335816,"date":"2025-02-20T08:17:22","date_gmt":"2025-02-20T11:17:22","guid":{"rendered":"https:\/\/blogfolhadocomercio.com.br\/wp\/?p=335816"},"modified":"2025-02-20T08:17:25","modified_gmt":"2025-02-20T11:17:25","slug":"prefeitura-de-catalao-notifica-proprietarios-para-limpeza-de-terrenos","status":"publish","type":"post","link":"https:\/\/blogfolhadocomercio.com.br\/wp\/2025\/02\/20\/prefeitura-de-catalao-notifica-proprietarios-para-limpeza-de-terrenos\/","title":{"rendered":"Prefeitura de Catal\u00e3o notifica propriet\u00e1rios para limpeza de terrenos"},"content":{"rendered":"\n<p><em>Conforme edital publicado nesta quarta-feira, prazo para a limpeza dos im\u00f3veis \u00e9 at\u00e9 o dia 7 de mar\u00e7o<\/em><\/p>\n\n\n\n<p>A Prefeitura de Catal\u00e3o, por meio da Secretaria Municipal de Planejamento e Regula\u00e7\u00e3o, em conformidade com a Lei Complementar Municipal n\u00ba 4.165\/2023 (C\u00f3digo de Posturas) e o Decreto Municipal n\u00ba 1.263-A\/2018, notificou os propriet\u00e1rios de terrenos n\u00e3o edificados ou edificados abandonados para que realizem a devida limpeza de seus im\u00f3veis at\u00e9 o dia 7 de mar\u00e7o, conforme edital publicado nesta quarta-feira (19\/2).<\/p>\n\n\n\n<p>A medida busca garantir a seguran\u00e7a e a sa\u00fade p\u00fablica, prevenindo a prolifera\u00e7\u00e3o de insetos, roedores e animais pe\u00e7onhentos, al\u00e9m de evitar o descarte irregular de lixo e preservar o meio ambiente. A administra\u00e7\u00e3o municipal destaca que a manuten\u00e7\u00e3o dos terrenos em condi\u00e7\u00f5es adequadas \u00e9 uma responsabilidade dos propriet\u00e1rios e que o descumprimento da notifica\u00e7\u00e3o resultar\u00e1 em san\u00e7\u00f5es.<\/p>\n\n\n\n<p>Caso a limpeza n\u00e3o seja realizada dentro do prazo estipulado, a Prefeitura, por meio da Secretaria Municipal de Transportes, executar\u00e1 o servi\u00e7o, cobrando os custos diretamente dos propriet\u00e1rios. Al\u00e9m disso, os respons\u00e1veis estar\u00e3o sujeitos \u00e0 inscri\u00e7\u00e3o em d\u00edvida ativa e \u00e0 cobran\u00e7a dos valores em at\u00e9 30 dias ap\u00f3s a execu\u00e7\u00e3o da limpeza. Tamb\u00e9m ser\u00e1 aplicada uma multa de 300 UFMs (R$ 1.227,00 &#8211; cota\u00e7\u00e3o do dia 19\/2, no valor da UFM de R$ 4,09).<\/p>\n\n\n\n<p>Os valores referentes ao servi\u00e7o de limpeza variam de R$ 1,54 a R$ 2,87 por metro quadrado, conforme os anexos do Decreto Municipal n\u00ba 1.263-A\/2018, sendo corrigidos conforme a data da execu\u00e7\u00e3o. Os propriet\u00e1rios notificados ter\u00e3o o direito de impugnar o procedimento em at\u00e9 cinco dias, mediante requerimento dirigido ao Secret\u00e1rio Municipal de Transportes, garantindo o amplo direito de defesa e contradit\u00f3rio.<\/p>\n\n\n\n<p><em>SECOM \u2013 Prefeitura de Catal\u00e3o<\/em><br><em>Catal\u00e3o \u2013 Pot\u00eancia no Cora\u00e7\u00e3o do Brasil<\/em><\/p>\n","protected":false},"excerpt":{"rendered":"<p>Conforme edital publicado nesta quarta-feira, prazo para a limpeza dos im\u00f3veis \u00e9 at\u00e9 o dia 7 de mar\u00e7o A Prefeitura de Catal\u00e3o, por meio da Secretaria Municipal de Planejamento e&hellip;<\/p>\n","protected":false},"author":1,"featured_media":335817,"comment_status":"closed","ping_status":"open","sticky":false,"template":"","format":"standard","meta":{"footnotes":""},"categories":[1,38,42],"tags":[],"class_list":["post-335816","post","type-post","status-publish","format-standard","has-post-thumbnail","hentry","category-cidades","category-prefeitura","category-ultimas"],"_links":{"self":[{"href":"https:\/\/blogfolhadocomercio.com.br\/wp\/wp-json\/wp\/v2\/posts\/335816","targetHints":{"allow":["GET"]}}],"collection":[{"href":"https:\/\/blogfolhadocomercio.com.br\/wp\/wp-json\/wp\/v2\/posts"}],"about":[{"href":"https:\/\/blogfolhadocomercio.com.br\/wp\/wp-json\/wp\/v2\/types\/post"}],"author":[{"embeddable":true,"href":"https:\/\/blogfolhadocomercio.com.br\/wp\/wp-json\/wp\/v2\/users\/1"}],"replies":[{"embeddable":true,"href":"https:\/\/blogfolhadocomercio.com.br\/wp\/wp-json\/wp\/v2\/comments?post=335816"}],"version-history":[{"count":1,"href":"https:\/\/blogfolhadocomercio.com.br\/wp\/wp-json\/wp\/v2\/posts\/335816\/revisions"}],"predecessor-version":[{"id":335818,"href":"https:\/\/blogfolhadocomercio.com.br\/wp\/wp-json\/wp\/v2\/posts\/335816\/revisions\/335818"}],"wp:featuredmedia":[{"embeddable":true,"href":"https:\/\/blogfolhadocomercio.com.br\/wp\/wp-json\/wp\/v2\/media\/335817"}],"wp:attachment":[{"href":"https:\/\/blogfolhadocomercio.com.br\/wp\/wp-json\/wp\/v2\/media?parent=335816"}],"wp:term":[{"taxonomy":"category","embeddable":true,"href":"https:\/\/blogfolhadocomercio.com.br\/wp\/wp-json\/wp\/v2\/categories?post=335816"},{"taxonomy":"post_tag","embeddable":true,"href":"https:\/\/blogfolhadocomercio.com.br\/wp\/wp-json\/wp\/v2\/tags?post=335816"}],"curies":[{"name":"wp","href":"https:\/\/api.w.org\/{rel}","templated":true}]}}