{"id":335488,"date":"2025-02-14T16:59:11","date_gmt":"2025-02-14T19:59:11","guid":{"rendered":"https:\/\/blogfolhadocomercio.com.br\/wp\/?p=335488"},"modified":"2025-02-14T16:59:13","modified_gmt":"2025-02-14T19:59:13","slug":"jovem-morto-dentro-de-carro-em-goiania-foi-atraido-para-emboscada-diz-pm","status":"publish","type":"post","link":"https:\/\/blogfolhadocomercio.com.br\/wp\/2025\/02\/14\/jovem-morto-dentro-de-carro-em-goiania-foi-atraido-para-emboscada-diz-pm\/","title":{"rendered":"Jovem morto dentro de carro em Goi\u00e2nia foi atra\u00eddo para emboscada, diz PM"},"content":{"rendered":"\n<p>Caso aconteceu no Jardim Calif\u00f3rnia<br><\/p>\n\n\n\n<figure class=\"wp-block-image size-large\"><img loading=\"lazy\" decoding=\"async\" width=\"1024\" height=\"591\" src=\"https:\/\/blogfolhadocomercio.com.br\/wp\/wp-content\/uploads\/2025\/02\/image-268-1024x591.png\" alt=\"\" class=\"wp-image-335489\" srcset=\"https:\/\/blogfolhadocomercio.com.br\/wp\/wp-content\/uploads\/2025\/02\/image-268-1024x591.png 1024w, https:\/\/blogfolhadocomercio.com.br\/wp\/wp-content\/uploads\/2025\/02\/image-268-300x173.png 300w, https:\/\/blogfolhadocomercio.com.br\/wp\/wp-content\/uploads\/2025\/02\/image-268-768x443.png 768w, https:\/\/blogfolhadocomercio.com.br\/wp\/wp-content\/uploads\/2025\/02\/image-268-585x338.png 585w, https:\/\/blogfolhadocomercio.com.br\/wp\/wp-content\/uploads\/2025\/02\/image-268.png 1170w\" sizes=\"auto, (max-width: 1024px) 100vw, 1024px\" \/><\/figure>\n\n\n\n<p>O jovem&nbsp;<a href=\"https:\/\/www.maisgoias.com.br\/cidades\/jovem-e-assassinado-a-tiros-dentro-de-carro-em-goiania\/\" target=\"_blank\" rel=\"noreferrer noopener\">encontrado morto dentro de um carro em Goi\u00e2nia<\/a>&nbsp;foi atra\u00eddo para uma emboscada. A informa\u00e7\u00e3o \u00e9 da Policia Militar (<a href=\"https:\/\/www.pm.go.gov.br\/\" target=\"_blank\" rel=\"noreferrer noopener\">PM<\/a>), que prendeu, na noite desta quinta-feira (13\/2), tr\u00eas homens e uma mulher como suspeitos de envolvimento no crime. A v\u00edtima teria sido morta a tiros dentro de seu pr\u00f3prio carro, no Jardim Calif\u00f3rnia. Al\u00e9m do ve\u00edculo usado na fuga do atirador, dois rev\u00f3lveres calibre 38 foram apreendidos com os suspeitos.<\/p>\n\n\n\n<p>O assassinato aconteceu na madrugada de ontem, mas o corpo da v\u00edtima foi encontrado somente no in\u00edcio da manh\u00e3, depois que pessoas que passavam pela Avenida Meia Ponte e notaram gotas de sangue na porta do carro modelo Ford Fiesta, A pol\u00edcia foi acionada. Pelo que foi apurado, o alvo dos disparos, que ainda n\u00e3o teve a identidade confirmada, foi baleado por algu\u00e9m que estava dentro do ve\u00edculo dele, no banco do carona.<\/p>\n\n\n\n<p>Com imagens de c\u00e2meras de seguran\u00e7a de uma ind\u00fastria, PMs de Rondas Ostensivas T\u00e1ticas Metropolitana (Rotam) e do Grupamento de Interven\u00e7\u00e3o R\u00e1pida Ostensiva (Giro) identificaram o carro em que o atirador fugiu, modelo Renault Duster. Quando localizado, o ve\u00edculo era dirigido por uma mulher, que confessou ter dado fuga ao assassino na madrugada anterior e delatou o nome e endere\u00e7os dos comparsas.<\/p>\n\n\n\n<p>Al\u00e9m da mulher, dois dos presos, segundo a PM, participaram diretamente da execu\u00e7\u00e3o, enquanto um quatro suspeito, que foi preso na Vila Pedroso, foi quem guardou as armas usadas no crime.<\/p>\n\n\n\n<h2 class=\"wp-block-heading\" id=\"h-motivacao-ainda-nao-foi-completamente-esclarecida\">Motiva\u00e7\u00e3o ainda n\u00e3o foi completamente esclarecida<\/h2>\n\n\n\n<p>Um dos presos, que confessou ter atirado na v\u00edtima, afirmou que praticou o crime porque havia sido amea\u00e7ado de morte. Ele tamb\u00e9m disse que atraiu a v\u00edtima ap\u00f3s mentir que estava interessado em comprar o ve\u00edculo dele.<\/p>\n\n\n\n<p>A pol\u00edcia, por\u00e9m, desconfia dessa vers\u00e3o, principalmente pelo fato do encontro entre eles ter acontecido durante a madrugada. O caso segue sob apura\u00e7\u00e3o da Delegacia Estadual de Investiga\u00e7\u00f5es de Homic\u00eddios (DIH), onde os quatro presos foram autuados.<\/p>\n\n\n\n<p>O carro usado no assassinato, segundo a PM, havia sido furtado no Distrito Federal, fato que fez com que tr\u00eas dos quatro presos tamb\u00e9m fossem autuados por recepta\u00e7\u00e3o.<\/p>\n\n\n\n<p><strong>Por Mais Goi\u00e1s<\/strong><\/p>\n","protected":false},"excerpt":{"rendered":"<p>Caso aconteceu no Jardim Calif\u00f3rnia O jovem&nbsp;encontrado morto dentro de um carro em Goi\u00e2nia&nbsp;foi atra\u00eddo para uma emboscada. A informa\u00e7\u00e3o \u00e9 da Policia Militar (PM), que prendeu, na noite desta&hellip;<\/p>\n","protected":false},"author":1,"featured_media":335489,"comment_status":"closed","ping_status":"open","sticky":false,"template":"","format":"standard","meta":{"footnotes":""},"categories":[1,54,53,42],"tags":[],"class_list":["post-335488","post","type-post","status-publish","format-standard","has-post-thumbnail","hentry","category-cidades","category-crime","category-tragedia","category-ultimas"],"_links":{"self":[{"href":"https:\/\/blogfolhadocomercio.com.br\/wp\/wp-json\/wp\/v2\/posts\/335488","targetHints":{"allow":["GET"]}}],"collection":[{"href":"https:\/\/blogfolhadocomercio.com.br\/wp\/wp-json\/wp\/v2\/posts"}],"about":[{"href":"https:\/\/blogfolhadocomercio.com.br\/wp\/wp-json\/wp\/v2\/types\/post"}],"author":[{"embeddable":true,"href":"https:\/\/blogfolhadocomercio.com.br\/wp\/wp-json\/wp\/v2\/users\/1"}],"replies":[{"embeddable":true,"href":"https:\/\/blogfolhadocomercio.com.br\/wp\/wp-json\/wp\/v2\/comments?post=335488"}],"version-history":[{"count":1,"href":"https:\/\/blogfolhadocomercio.com.br\/wp\/wp-json\/wp\/v2\/posts\/335488\/revisions"}],"predecessor-version":[{"id":335490,"href":"https:\/\/blogfolhadocomercio.com.br\/wp\/wp-json\/wp\/v2\/posts\/335488\/revisions\/335490"}],"wp:featuredmedia":[{"embeddable":true,"href":"https:\/\/blogfolhadocomercio.com.br\/wp\/wp-json\/wp\/v2\/media\/335489"}],"wp:attachment":[{"href":"https:\/\/blogfolhadocomercio.com.br\/wp\/wp-json\/wp\/v2\/media?parent=335488"}],"wp:term":[{"taxonomy":"category","embeddable":true,"href":"https:\/\/blogfolhadocomercio.com.br\/wp\/wp-json\/wp\/v2\/categories?post=335488"},{"taxonomy":"post_tag","embeddable":true,"href":"https:\/\/blogfolhadocomercio.com.br\/wp\/wp-json\/wp\/v2\/tags?post=335488"}],"curies":[{"name":"wp","href":"https:\/\/api.w.org\/{rel}","templated":true}]}}