{"id":335347,"date":"2025-02-13T19:02:50","date_gmt":"2025-02-13T22:02:50","guid":{"rendered":"https:\/\/blogfolhadocomercio.com.br\/wp\/?p=335347"},"modified":"2025-02-13T19:02:52","modified_gmt":"2025-02-13T22:02:52","slug":"carga-de-12-tonelada-de-peixe-e-apreendida-na-br-153-em-goias","status":"publish","type":"post","link":"https:\/\/blogfolhadocomercio.com.br\/wp\/2025\/02\/13\/carga-de-12-tonelada-de-peixe-e-apreendida-na-br-153-em-goias\/","title":{"rendered":"Carga de 1,2 tonelada de peixe \u00e9 apreendida na BR-153, em Goi\u00e1s"},"content":{"rendered":"\n<p>A apreens\u00e3o ocorreu em pleno per\u00edodo da piracema, que segue at\u00e9 28 de fevereiro de 2025<br><\/p>\n\n\n\n<figure class=\"wp-block-image size-large\"><img loading=\"lazy\" decoding=\"async\" width=\"1024\" height=\"576\" src=\"https:\/\/blogfolhadocomercio.com.br\/wp\/wp-content\/uploads\/2025\/02\/image-233-1024x576.png\" alt=\"\" class=\"wp-image-335348\" srcset=\"https:\/\/blogfolhadocomercio.com.br\/wp\/wp-content\/uploads\/2025\/02\/image-233-1024x576.png 1024w, https:\/\/blogfolhadocomercio.com.br\/wp\/wp-content\/uploads\/2025\/02\/image-233-300x169.png 300w, https:\/\/blogfolhadocomercio.com.br\/wp\/wp-content\/uploads\/2025\/02\/image-233-768x432.png 768w, https:\/\/blogfolhadocomercio.com.br\/wp\/wp-content\/uploads\/2025\/02\/image-233-1170x658.png 1170w, https:\/\/blogfolhadocomercio.com.br\/wp\/wp-content\/uploads\/2025\/02\/image-233-585x329.png 585w, https:\/\/blogfolhadocomercio.com.br\/wp\/wp-content\/uploads\/2025\/02\/image-233.png 1200w\" sizes=\"auto, (max-width: 1024px) 100vw, 1024px\" \/><\/figure>\n\n\n\n<p>A Pol\u00edcia Rodovi\u00e1ria Federal (PRF) apreendeu uma carga com 1,2 tonelada de peixes, que estavam sendo&nbsp;<a href=\"https:\/\/www.maisgoias.com.br\/cidades\/piracema-homem-e-preso-com-105kg-de-peixe-em-niquelandia\/\" target=\"_blank\" rel=\"noreferrer noopener\">transportados de forma irregular<\/a>&nbsp;em uma caminhonete que trafegava pela BR-153, em Goi\u00e1s. A abordagem ocorreu ap\u00f3s uma caminhonete ser flagrada realizando uma ultrapassagem perigosa na ponte do Rio das Almas, no munic\u00edpio de Nova Gl\u00f3ria, na regi\u00e3o Norte do estado.<br><br>Durante a fiscaliza\u00e7\u00e3o, os agentes verificaram que a documenta\u00e7\u00e3o do ve\u00edculo estava regular. No entanto, na carroceria da caminhonete, encontraram a carga de peixes das esp\u00e9cies pintado, piau e caranha.<br><br>Ao ser questionado, o motorista, que n\u00e3o possu\u00eda nenhuma documenta\u00e7\u00e3o da carga, n\u00e3o soube informar a proced\u00eancia. Al\u00e9m disso, o transporte estava sendo feito em um ve\u00edculo inadequado e em condi\u00e7\u00f5es impr\u00f3prias.<\/p>\n\n\n\n<h2 class=\"wp-block-heading\" id=\"h-periodo-da-piracema-vai-ate-o-dia-28-de-fevereiro\">Per\u00edodo da Piracema vai at\u00e9 o dia 28 de fevereiro<\/h2>\n\n\n\n<p>A apreens\u00e3o ocorreu em pleno per\u00edodo da piracema, que segue at\u00e9 28 de fevereiro de 2025, quando a pesca de diversas esp\u00e9cies \u00e9 proibida para preservar a reprodu\u00e7\u00e3o dos peixes. O motorista foi autuado, e a PRF acionou o Instituto Brasileiro do Meio Ambiente e dos Recursos Naturais Renov\u00e1veis (<a href=\"https:\/\/www.gov.br\/ibama\/pt-br\" target=\"_blank\" rel=\"noreferrer noopener\">Ibama<\/a>) para as provid\u00eancias cab\u00edveis em rela\u00e7\u00e3o \u00e0 carga apreendida.<\/p>\n\n\n\n<p>As regras que precisam ser seguidas est\u00e3o na instru\u00e7\u00e3o normativa 02\/2020, editada pela Secretaria de Estado de Meio Ambiente e Desenvolvimento Sustent\u00e1vel (Semad). Nesse per\u00edodo, s\u00e3o permitidas apenas &nbsp;a pesca esportiva, na modalidade pesque-e-solte, e a pesca de sobreviv\u00eancia para popula\u00e7\u00f5es ribeirinhas, respeitados os limites de 5kg por pescador e com a obriga\u00e7\u00e3o de consumo no pr\u00f3prio local,<\/p>\n\n\n\n<p><strong>Por Mais Goi\u00e1s<\/strong><\/p>\n","protected":false},"excerpt":{"rendered":"<p>A apreens\u00e3o ocorreu em pleno per\u00edodo da piracema, que segue at\u00e9 28 de fevereiro de 2025 A Pol\u00edcia Rodovi\u00e1ria Federal (PRF) apreendeu uma carga com 1,2 tonelada de peixes, que&hellip;<\/p>\n","protected":false},"author":1,"featured_media":335348,"comment_status":"closed","ping_status":"open","sticky":false,"template":"","format":"standard","meta":{"footnotes":""},"categories":[1,54,42],"tags":[],"class_list":["post-335347","post","type-post","status-publish","format-standard","has-post-thumbnail","hentry","category-cidades","category-crime","category-ultimas"],"_links":{"self":[{"href":"https:\/\/blogfolhadocomercio.com.br\/wp\/wp-json\/wp\/v2\/posts\/335347","targetHints":{"allow":["GET"]}}],"collection":[{"href":"https:\/\/blogfolhadocomercio.com.br\/wp\/wp-json\/wp\/v2\/posts"}],"about":[{"href":"https:\/\/blogfolhadocomercio.com.br\/wp\/wp-json\/wp\/v2\/types\/post"}],"author":[{"embeddable":true,"href":"https:\/\/blogfolhadocomercio.com.br\/wp\/wp-json\/wp\/v2\/users\/1"}],"replies":[{"embeddable":true,"href":"https:\/\/blogfolhadocomercio.com.br\/wp\/wp-json\/wp\/v2\/comments?post=335347"}],"version-history":[{"count":1,"href":"https:\/\/blogfolhadocomercio.com.br\/wp\/wp-json\/wp\/v2\/posts\/335347\/revisions"}],"predecessor-version":[{"id":335349,"href":"https:\/\/blogfolhadocomercio.com.br\/wp\/wp-json\/wp\/v2\/posts\/335347\/revisions\/335349"}],"wp:featuredmedia":[{"embeddable":true,"href":"https:\/\/blogfolhadocomercio.com.br\/wp\/wp-json\/wp\/v2\/media\/335348"}],"wp:attachment":[{"href":"https:\/\/blogfolhadocomercio.com.br\/wp\/wp-json\/wp\/v2\/media?parent=335347"}],"wp:term":[{"taxonomy":"category","embeddable":true,"href":"https:\/\/blogfolhadocomercio.com.br\/wp\/wp-json\/wp\/v2\/categories?post=335347"},{"taxonomy":"post_tag","embeddable":true,"href":"https:\/\/blogfolhadocomercio.com.br\/wp\/wp-json\/wp\/v2\/tags?post=335347"}],"curies":[{"name":"wp","href":"https:\/\/api.w.org\/{rel}","templated":true}]}}