{"id":335268,"date":"2025-02-13T18:13:04","date_gmt":"2025-02-13T21:13:04","guid":{"rendered":"https:\/\/blogfolhadocomercio.com.br\/wp\/?p=335268"},"modified":"2025-02-13T18:13:09","modified_gmt":"2025-02-13T21:13:09","slug":"kim-kardashian-da-declaracao-rara-sobre-divorcio-de-kanye-west-algo-muda-a-personalidade","status":"publish","type":"post","link":"https:\/\/blogfolhadocomercio.com.br\/wp\/2025\/02\/13\/kim-kardashian-da-declaracao-rara-sobre-divorcio-de-kanye-west-algo-muda-a-personalidade\/","title":{"rendered":"Kim Kardashian d\u00e1 declara\u00e7\u00e3o rara sobre div\u00f3rcio de Kanye West: \u2018Algo muda a personalidade\u2019"},"content":{"rendered":"\n<p><strong>Kim e Kanye, que s\u00e3o pais de quatro filhos, foram casados entre 2014 e 2021<\/strong><\/p>\n\n\n\n<p>Em um momento raro,&nbsp;<a href=\"https:\/\/www.estadao.com.br\/tudo-sobre\/kim-kardashian\/?srsltid=AfmBOoq2v9Nj8i-chPsEvWSLS7JuOH0uLwqLx9HMdp7BybVG_uOsOIHz\"><strong>Kim Kardashian<\/strong><\/a>&nbsp;fez um coment\u00e1rio sobre os bastidores de seu div\u00f3rcio de&nbsp;<a href=\"https:\/\/www.estadao.com.br\/tudo-sobre\/kanye-west\/?srsltid=AfmBOooDRMhUPaS6bgz4LaPta9Kr2K6l7pp1wiZwyx7avoKANy9oJ11I\"><strong>Kanye West<\/strong><\/a>&nbsp;e a decis\u00e3o de encerrar um relacionamento. A influenciadora tocou no assunto durante o segundo epis\u00f3dio da terceira temporada do reality show&nbsp;<em>The Kardashians<\/em>.<\/p>\n\n\n\n<figure class=\"wp-block-image\"><img decoding=\"async\" src=\"https:\/\/www.estadao.com.br\/resizer\/v2\/H56Q54IHTVOUFB7YSBBGUY74GY.jpg?quality=80&amp;auth=6203989dc6713fd164d6da261ab2b999817fbfd4f3e92d44211bf6e9488646f2&amp;width=380\" alt=\"Kim Kardashian e Kanye West se separaram em 2021\"\/><figcaption class=\"wp-element-caption\">Kim Kardashian e Kanye West se separaram em 2021&nbsp;<em>Foto:&nbsp;@kimkardashian via Instagram<\/em><\/figcaption><\/figure>\n\n\n\n<p>Em uma conversa de Kim com a m\u00e3e e uma das irm\u00e3s, Khlo\u00e9 conta que sentiu uma \u201cavalanche de emo\u00e7\u00f5es\u201d ao reencontrar o ex-marido, Lamar Odom, depois de nove anos. Os dois se casaram em 2009 e finalizaram o div\u00f3rcio em 2016, ap\u00f3s um per\u00edodo turbulento.<\/p>\n\n\n\n<p>\u201cEle foi o amor da minha vida. E, se n\u00e3o fosse pelas drogas, sei que ainda estar\u00edamos casados at\u00e9 hoje\u201d, declarou.<\/p>\n\n\n\n<p>Um dos momentos recordados pela fam\u00edlia aconteceu em 2015, quando Odom foi encontrado inconsciente ap\u00f3s uma overdose, e Khlo\u00e9 permaneceu ao seu lado no hospital por meses. \u201cSei que escolhi a pessoa certa naquele momento. Nenhum de n\u00f3s sabia que ele usava drogas at\u00e9 passar pelo menos um ano\u201d, completa.<\/p>\n\n\n\n<p>Diante do momento de confiss\u00f5es, Kim tamb\u00e9m abriu o cora\u00e7\u00e3o sobre seu pr\u00f3prio t\u00e9rmino conturbado. \u201cEssa \u00e9 a pior parte, quando voc\u00ea n\u00e3o antecipa algo. Eu j\u00e1 passei por isso. Quando voc\u00ea n\u00e3o prev\u00ea algo que muda totalmente a personalidade da pessoa. De repente, n\u00e3o \u00e9 mais a mesma e voc\u00ea nunca a ter\u00e1 de volta, mas n\u00e3o consegue viver com a nova pessoa.\u201d<\/p>\n\n\n\n<p>Embora n\u00e3o tenha citado Kanye nominalmente, vale lembrar que ela foi casada com o rapper por seis anos, um relacionamento marcado por muitos altos e baixos que sempre se tornavam p\u00fablicos. Os dois, que s\u00e3o pais de quatro filhos, oficializaram o div\u00f3rcio em 2021. Na ocasi\u00e3o, Kanye afirmava enfrentar altera\u00e7\u00f5es de humor causadas por transtorno bipolar.<\/p>\n\n\n\n<p>\u201c\u00c9 mais dif\u00edcil quando voc\u00ea n\u00e3o quer que o casamento acabe por motivos pessoais\u201d, segue Kim, em depoimento. \u201cMas as circunst\u00e2ncias mudam e obrigam o casamento a acabar. Quando n\u00e3o \u00e9 o que voc\u00ea quer, mas n\u00e3o h\u00e1 outra op\u00e7\u00e3o, \u00e9 mais dif\u00edcil superar\u201d, conclui.<\/p>\n\n\n\n<p><em>The Kardashians<\/em>\u00a0est\u00e1 dispon\u00edvel para streaming no\u00a0<strong>Disney+<\/strong>. O epis\u00f3dio citado, intitulado\u00a0<em>N\u00e3o apago o que aconteceu<\/em>, tamb\u00e9m est\u00e1 na plataforma.<\/p>\n\n\n\n<p><strong>Por Estad\u00e3o<br><\/strong><\/p>\n","protected":false},"excerpt":{"rendered":"<p>Kim e Kanye, que s\u00e3o pais de quatro filhos, foram casados entre 2014 e 2021 Em um momento raro,&nbsp;Kim Kardashian&nbsp;fez um coment\u00e1rio sobre os bastidores de seu div\u00f3rcio de&nbsp;Kanye West&nbsp;e&hellip;<\/p>\n","protected":false},"author":1,"featured_media":335269,"comment_status":"closed","ping_status":"open","sticky":false,"template":"","format":"standard","meta":{"footnotes":""},"categories":[50,42],"tags":[],"class_list":["post-335268","post","type-post","status-publish","format-standard","has-post-thumbnail","hentry","category-famosos","category-ultimas"],"_links":{"self":[{"href":"https:\/\/blogfolhadocomercio.com.br\/wp\/wp-json\/wp\/v2\/posts\/335268","targetHints":{"allow":["GET"]}}],"collection":[{"href":"https:\/\/blogfolhadocomercio.com.br\/wp\/wp-json\/wp\/v2\/posts"}],"about":[{"href":"https:\/\/blogfolhadocomercio.com.br\/wp\/wp-json\/wp\/v2\/types\/post"}],"author":[{"embeddable":true,"href":"https:\/\/blogfolhadocomercio.com.br\/wp\/wp-json\/wp\/v2\/users\/1"}],"replies":[{"embeddable":true,"href":"https:\/\/blogfolhadocomercio.com.br\/wp\/wp-json\/wp\/v2\/comments?post=335268"}],"version-history":[{"count":1,"href":"https:\/\/blogfolhadocomercio.com.br\/wp\/wp-json\/wp\/v2\/posts\/335268\/revisions"}],"predecessor-version":[{"id":335270,"href":"https:\/\/blogfolhadocomercio.com.br\/wp\/wp-json\/wp\/v2\/posts\/335268\/revisions\/335270"}],"wp:featuredmedia":[{"embeddable":true,"href":"https:\/\/blogfolhadocomercio.com.br\/wp\/wp-json\/wp\/v2\/media\/335269"}],"wp:attachment":[{"href":"https:\/\/blogfolhadocomercio.com.br\/wp\/wp-json\/wp\/v2\/media?parent=335268"}],"wp:term":[{"taxonomy":"category","embeddable":true,"href":"https:\/\/blogfolhadocomercio.com.br\/wp\/wp-json\/wp\/v2\/categories?post=335268"},{"taxonomy":"post_tag","embeddable":true,"href":"https:\/\/blogfolhadocomercio.com.br\/wp\/wp-json\/wp\/v2\/tags?post=335268"}],"curies":[{"name":"wp","href":"https:\/\/api.w.org\/{rel}","templated":true}]}}