{"id":335263,"date":"2025-02-13T18:06:56","date_gmt":"2025-02-13T21:06:56","guid":{"rendered":"https:\/\/blogfolhadocomercio.com.br\/wp\/?p=335263"},"modified":"2025-02-13T18:06:58","modified_gmt":"2025-02-13T21:06:58","slug":"atleta-brasileiro-e-deportado-do-mexico-e-impedido-de-jogar-pan-americano-de-badminton-racismo","status":"publish","type":"post","link":"https:\/\/blogfolhadocomercio.com.br\/wp\/2025\/02\/13\/atleta-brasileiro-e-deportado-do-mexico-e-impedido-de-jogar-pan-americano-de-badminton-racismo\/","title":{"rendered":"Atleta brasileiro \u00e9 deportado do M\u00e9xico e impedido de jogar Pan-Americano de badminton: \u2018Racismo\u2019"},"content":{"rendered":"\n<p><strong>N\u00famero 1 do pa\u00eds na categoria, Ygor Coelho foi detido pelas autoridades locais<\/strong><\/p>\n\n\n\n<p>O atleta Ygor Coelho, melhor brasileiro no ranking de simples do badminton, foi deportado do M\u00e9xico, nesta quinta-feira, logo depois de chegar ao Pa\u00eds para disputar o Pan-Americano da categoria, e n\u00e3o poder\u00e1 participar da competi\u00e7\u00e3o. Ele afirmou em seu perfil no Instagram que foi v\u00edtima de xenofobia e racismo.<\/p>\n\n\n\n<p>\u201cQuero dizer que isso est\u00e1 bem errado. As autoridades mexicanas me trataram como nada. N\u00e3o me deixaram ligar, pegaram meu telefone, rel\u00f3gio, riram da situa\u00e7\u00e3o. N\u00e3o consegui beber \u00e1gua, comer direito. Passei por momentos dif\u00edceis. Espero que n\u00e3o deixem essa hist\u00f3ria barato porque foi xenofobia. Eu estava sozinho, sou preto e sou brasileiro. Isso foi racismo e isso foi xenofobia\u201d, disse Ygor, que \u00e9 residente da Dinamarca e acabou retornando ao Pa\u00eds.<\/p>\n\n\n\n<figure class=\"wp-block-image\"><img decoding=\"async\" src=\"https:\/\/www.estadao.com.br\/resizer\/v2\/R3NAIJQSKRJQNG3XNMBDP5EQXY.jpg?quality=80&amp;auth=e8173cf7d491ac3cb79cb00b9c79265cd0143ed1b3a67d0ba338d27a5a5f2a72&amp;width=380\" alt=\"Ygor Coelho, atleta do badminton, teve que lidar com o racismo nos clubes em que treinou\"\/><figcaption class=\"wp-element-caption\">Ygor Coelho, atleta do badminton, teve que lidar com o racismo nos clubes em que treinou&nbsp;<em>Foto:&nbsp;Wander Roberto | COB<\/em><\/figcaption><\/figure>\n\n\n\n<p>\u201cGaranto com todas as letras que foi isso porque nem se quer pararam para me ouvir. Pegaram meu passaporte e me mandaram direto para a entrevista sem crit\u00e9rio. N\u00e3o seguiram uma linha, os processos legais. Seguiram as regras deles. A resid\u00eancia na Europa \u00e9 um visto\u201d, afirmou ainda o atleta.<\/p>\n\n\n\n<p>Ele tamb\u00e9m criticou a Confedera\u00e7\u00e3o Brasileira de Badminton (CBBd). \u201cEu sigo as leis e a regras, sempre segui. Muitas vezes a confedera\u00e7\u00e3o brasileira n\u00e3o ajudou em quase nada com vistos e os atletas que s\u00e3o respons\u00e1veis. Nunca deixei de ir para um torneio por causa de visto. Eu sempre viajei e nunca deixei de disputar um torneio.\u201d<\/p>\n\n\n\n<p>Em nota, a CBBd lamentou a situa\u00e7\u00e3o e disse que o jogador foi detido pelas autoridades locais por problemas com o visto de entrada. A entidade declarou que \u201ciniciou a\u00e7\u00f5es para tentar solucionar a quest\u00e3o e auxili\u00e1-lo, inclusive junto ao Comit\u00ea Ol\u00edmpico do Brasil (COB) e \u00e0 organiza\u00e7\u00e3o da Copa Pan-Americana, via presidente da Confedera\u00e7\u00e3o Mexicana e Pan-Americana de Badminton. Por fim, a CBBD tamb\u00e9m acessou a Embaixada Brasileira na Cidade do M\u00e9xico, que explicou que o atleta seria deportado como forma de cumprir a legisla\u00e7\u00e3o do pa\u00eds-sede do campeonato.\u201d<\/p>\n\n\n\n<p>A CBBd anunciou ainda que \u201csegundo a legisla\u00e7\u00e3o local, para entrar no pa\u00eds a pessoa precisa preencher um dos pr\u00e9-requisitos a seguir: visto americano v\u00e1lido, visto canadense presencial v\u00e1lido ou o visto mexicano. No momento de sua entrada, ele estava com o visto americano vencido e o do Canad\u00e1 n\u00e3o era o presencial. Ygor apresentou documento comprovando resid\u00eancia na Dinamarca, mas n\u00e3o foi suficiente para as autoridades locais.\u201d<\/p>\n\n\n\n<p><strong>Por Estad\u00e3o<br><\/strong><\/p>\n","protected":false},"excerpt":{"rendered":"<p>N\u00famero 1 do pa\u00eds na categoria, Ygor Coelho foi detido pelas autoridades locais O atleta Ygor Coelho, melhor brasileiro no ranking de simples do badminton, foi deportado do M\u00e9xico, nesta&hellip;<\/p>\n","protected":false},"author":1,"featured_media":335265,"comment_status":"closed","ping_status":"open","sticky":false,"template":"","format":"standard","meta":{"footnotes":""},"categories":[36,52,42],"tags":[],"class_list":["post-335263","post","type-post","status-publish","format-standard","has-post-thumbnail","hentry","category-esporte","category-polemica","category-ultimas"],"_links":{"self":[{"href":"https:\/\/blogfolhadocomercio.com.br\/wp\/wp-json\/wp\/v2\/posts\/335263","targetHints":{"allow":["GET"]}}],"collection":[{"href":"https:\/\/blogfolhadocomercio.com.br\/wp\/wp-json\/wp\/v2\/posts"}],"about":[{"href":"https:\/\/blogfolhadocomercio.com.br\/wp\/wp-json\/wp\/v2\/types\/post"}],"author":[{"embeddable":true,"href":"https:\/\/blogfolhadocomercio.com.br\/wp\/wp-json\/wp\/v2\/users\/1"}],"replies":[{"embeddable":true,"href":"https:\/\/blogfolhadocomercio.com.br\/wp\/wp-json\/wp\/v2\/comments?post=335263"}],"version-history":[{"count":1,"href":"https:\/\/blogfolhadocomercio.com.br\/wp\/wp-json\/wp\/v2\/posts\/335263\/revisions"}],"predecessor-version":[{"id":335266,"href":"https:\/\/blogfolhadocomercio.com.br\/wp\/wp-json\/wp\/v2\/posts\/335263\/revisions\/335266"}],"wp:featuredmedia":[{"embeddable":true,"href":"https:\/\/blogfolhadocomercio.com.br\/wp\/wp-json\/wp\/v2\/media\/335265"}],"wp:attachment":[{"href":"https:\/\/blogfolhadocomercio.com.br\/wp\/wp-json\/wp\/v2\/media?parent=335263"}],"wp:term":[{"taxonomy":"category","embeddable":true,"href":"https:\/\/blogfolhadocomercio.com.br\/wp\/wp-json\/wp\/v2\/categories?post=335263"},{"taxonomy":"post_tag","embeddable":true,"href":"https:\/\/blogfolhadocomercio.com.br\/wp\/wp-json\/wp\/v2\/tags?post=335263"}],"curies":[{"name":"wp","href":"https:\/\/api.w.org\/{rel}","templated":true}]}}