{"id":334961,"date":"2025-02-11T05:26:04","date_gmt":"2025-02-11T08:26:04","guid":{"rendered":"https:\/\/blogfolhadocomercio.com.br\/wp\/2025\/02\/11\/de-olho-no-senado-zacharias-calil-avalia-outros-partidos\/"},"modified":"2025-02-11T05:26:09","modified_gmt":"2025-02-11T08:26:09","slug":"de-olho-no-senado-zacharias-calil-avalia-outros-partidos","status":"publish","type":"post","link":"https:\/\/blogfolhadocomercio.com.br\/wp\/2025\/02\/11\/de-olho-no-senado-zacharias-calil-avalia-outros-partidos\/","title":{"rendered":"De olho no Senado, Zacharias Calil avalia outros partidos"},"content":{"rendered":"<p> <br \/>\n<\/p>\n<div id=\"\">\n<p>\n              <strong>PODER EM JOGO<\/strong><br \/>\n              <!-- <small><\/small> -->\n            <\/p>\n<h2 class=\"entry-subtitle\" itemprop=\"description\">Com pouco mais de um ano e meio para o pleito, Zacharias avalia qual caminho dever\u00e1 tomar para executar o projeto em 2026<\/h2>\n<div class=\"entry-date\">\n<p>\n                <time datetime=\"2025-02-10T22:10:54-03:00\">Publicado em: 10\/02\/2025 22:10<\/time><\/p>\n<\/p><\/div>\n<div class=\"responsive-img\">\n                <picture itemscope=\"\" itemtype=\"https:\/\/schema.org\/ImageObject\">\n<\/picture>\n<p>\n                  <small>Zacharias Calil (Foto: C\u00e2mara dos Deputados)<\/small>                <\/p>\n<\/p><\/div>\n<\/p><\/div>\n<div>\n<p>O deputado federal Zacharias Calil (Uni\u00e3o Brasil) refor\u00e7ou em entrevista \u00e0 coluna <strong>Poder em Jogo<\/strong>, do <strong>Mais Goi\u00e1s<\/strong>, que sua candidatura ao Senado Federal em 2026 est\u00e1 consolidada e n\u00e3o haver\u00e1 recuo. Ele admite que a possibilidade de avan\u00e7ar com o projeto no UB \u00e9 uma tarefa dif\u00edcil, haja vista que hoje a base trabalha com os nomes de Gracinha Caiado e at\u00e9 mesmo o cantor sertanejo Gusttavo Lima.<\/p>\n<p>Zacharias Calil lembra que em 2022 chegou a abrir m\u00e3o da candidatura a Casa Alta do Congresso Nacional numa tentativa de unificar a base caiadista. Entretanto, ele refor\u00e7a que sua decis\u00e3o est\u00e1 tomada: \u201cDessa vez n\u00e3o vou abrir m\u00e3o da candidatura ao Senado. \u00c9 irrevers\u00edvel\u201d, frisou. \u201cEm 2026, realmente, se eu n\u00e3o for para o Senado, eu me aposento politicamente\u201d, destacando que tem uma vida dedicada \u00e0 medicina e que n\u00e3o seria problema para ele largar a vida partid\u00e1ria.<\/p>\n<p>Com pouco mais de um ano e meio para o pleito, Zacharias Calil avalia qual caminho dever\u00e1 tomar para executar o projeto em 2026. Hoje, a possibilidade mais quente no momento \u00e9 o Podemos. Ele j\u00e1 manteve conversas com a presidente nacional do partido, Renata Abreu, que abriu as portas da legenda ao projeto. A articula\u00e7\u00e3o foi tocada pelo deputado federal Glaustin da Fokus, que preside o partido em Goi\u00e1s.<\/p>\n<p>Entretanto h\u00e1 outros rumos a serem analisados. \u201cConversei tamb\u00e9m com Marcos Pereira, do Republicanos, e com lideran\u00e7as do Novo, como o deputado federal Marcel Van Hattem. Todos mostraram interesse no meu nome\u201d pontuou Zacharias Calil. O deputado tamb\u00e9m tem conversado com o presidente da Alego, Bruno Peixoto, que lidera um bloco pol\u00edtico com Avante, PSB, Agir e PRD. De acordo com Calil, Peixoto tem demonstrado receptividade ao seu projeto e as conversas est\u00e3o avan\u00e7ando.<\/p>\n<p>Apesar da confian\u00e7a em sua candidatura, Calil reconhece fica d\u00edficil concorrer com nomes como o de Gracinha Caiado e o cantor Gusttavo Lima, que recentemente passou a ser especulado como uma aposta do governador. \u201cSe o governador fechar com eles, minha posi\u00e7\u00e3o dentro do partido fica invi\u00e1vel. A\u00ed eu terei que procurar outra legenda\u201d, admitiu.<\/p>\n<footer>\n<\/footer><\/div>\n<p><br \/>\n<br \/><a href=\"https:\/\/www.maisgoias.com.br\/blogs\/poder-em-jogo\/de-olkho-no-senado-zacharias-calil-avalia-outros-partidos\/\">Fonte https:\/\/www.maisgoias.com.br\/blogs\/poder-em-jogo\/de-olkho-no-senado-zacharias-calil-avalia-outros-partidos\/<\/a><\/p>\n","protected":false},"excerpt":{"rendered":"<p>PODER EM JOGO Com pouco mais de um ano e meio para o pleito, Zacharias avalia qual caminho dever\u00e1 tomar para executar o projeto em 2026 Publicado em: 10\/02\/2025 22:10&hellip;<\/p>\n","protected":false},"author":1,"featured_media":334962,"comment_status":"closed","ping_status":"open","sticky":false,"template":"","format":"standard","meta":{"footnotes":""},"categories":[34,42],"tags":[],"class_list":["post-334961","post","type-post","status-publish","format-standard","has-post-thumbnail","hentry","category-brasil","category-ultimas"],"_links":{"self":[{"href":"https:\/\/blogfolhadocomercio.com.br\/wp\/wp-json\/wp\/v2\/posts\/334961","targetHints":{"allow":["GET"]}}],"collection":[{"href":"https:\/\/blogfolhadocomercio.com.br\/wp\/wp-json\/wp\/v2\/posts"}],"about":[{"href":"https:\/\/blogfolhadocomercio.com.br\/wp\/wp-json\/wp\/v2\/types\/post"}],"author":[{"embeddable":true,"href":"https:\/\/blogfolhadocomercio.com.br\/wp\/wp-json\/wp\/v2\/users\/1"}],"replies":[{"embeddable":true,"href":"https:\/\/blogfolhadocomercio.com.br\/wp\/wp-json\/wp\/v2\/comments?post=334961"}],"version-history":[{"count":1,"href":"https:\/\/blogfolhadocomercio.com.br\/wp\/wp-json\/wp\/v2\/posts\/334961\/revisions"}],"predecessor-version":[{"id":334963,"href":"https:\/\/blogfolhadocomercio.com.br\/wp\/wp-json\/wp\/v2\/posts\/334961\/revisions\/334963"}],"wp:featuredmedia":[{"embeddable":true,"href":"https:\/\/blogfolhadocomercio.com.br\/wp\/wp-json\/wp\/v2\/media\/334962"}],"wp:attachment":[{"href":"https:\/\/blogfolhadocomercio.com.br\/wp\/wp-json\/wp\/v2\/media?parent=334961"}],"wp:term":[{"taxonomy":"category","embeddable":true,"href":"https:\/\/blogfolhadocomercio.com.br\/wp\/wp-json\/wp\/v2\/categories?post=334961"},{"taxonomy":"post_tag","embeddable":true,"href":"https:\/\/blogfolhadocomercio.com.br\/wp\/wp-json\/wp\/v2\/tags?post=334961"}],"curies":[{"name":"wp","href":"https:\/\/api.w.org\/{rel}","templated":true}]}}