{"id":334408,"date":"2025-01-30T20:11:54","date_gmt":"2025-01-30T23:11:54","guid":{"rendered":"https:\/\/blogfolhadocomercio.com.br\/wp\/?p=334408"},"modified":"2025-01-30T20:11:56","modified_gmt":"2025-01-30T23:11:56","slug":"homem-mais-rico-da-europa-ameaca-ir-para-os-eua-com-aumento-de-imposto-para-empresas-na-franca","status":"publish","type":"post","link":"https:\/\/blogfolhadocomercio.com.br\/wp\/2025\/01\/30\/homem-mais-rico-da-europa-ameaca-ir-para-os-eua-com-aumento-de-imposto-para-empresas-na-franca\/","title":{"rendered":"Homem mais rico da Europa amea\u00e7a ir para os EUA com aumento de imposto para empresas na Fran\u00e7a"},"content":{"rendered":"\n<p><strong>\u2018Acabei de voltar dos Estados Unidos e pude ver o vento de otimismo que sopra nesse pa\u00eds. Na Fran\u00e7a, \u00e9 um pouco como tomar um banho frio\u2019, afirmou Bernard Arnault<\/strong><\/p>\n\n\n\n<p>O governo da&nbsp;<a href=\"https:\/\/www.estadao.com.br\/tudo-sobre\/franca-europa\" target=\"_blank\" rel=\"noreferrer noopener\"><strong>Fran\u00e7a<\/strong><\/a>&nbsp;convocou na quarta-feira, 29, o presidente do grupo de luxo LVMH,&nbsp;<a href=\"https:\/\/www.estadao.com.br\/tudo-sobre\/bernard-arnault\" target=\"_blank\" rel=\"noreferrer noopener\"><strong>Bernard Arnault<\/strong><\/a>, para participar do saneamento das contas p\u00fablicas, depois que o homem mais rico da Europa amea\u00e7ou ir embora para os&nbsp;<a href=\"https:\/\/www.estadao.com.br\/tudo-sobre\/estados-unidos-america-do-norte\" target=\"_blank\" rel=\"noreferrer noopener\"><strong>Estados Unidos<\/strong><\/a>. \u201cEu entendo a raiva deles\u201d, disse a porta-voz do governo, Sophie Primas, referindo-se a um aumento tempor\u00e1rio no imposto corporativo. \u201cEu entendo que, na situa\u00e7\u00e3o or\u00e7ament\u00e1ria em que nos encontramos, todos t\u00eam de se envolver no esfor\u00e7o\u201d.<\/p>\n\n\n\n<p>Arnault denunciou na \u00faltima ter\u00e7a-feira, 28, o aumento de impostos para empresas, que o governo planeja em seu or\u00e7amento de 2025. Ele afirmou que esse \u201cimposto sobre o \u2018made in France\u2019 (&#8230;) pressiona pela realoca\u00e7\u00e3o\u201d.<\/p>\n\n\n\n<p>\u201cAcabei de voltar dos Estados Unidos e pude ver o vento de otimismo que sopra nesse pa\u00eds. Na Fran\u00e7a, \u00e9 um pouco como tomar um banho de \u00e1gua fria\u201d, acrescentou o magnata, que foi um dos convidados da inaugura\u00e7\u00e3o de&nbsp;<a href=\"https:\/\/www.estadao.com.br\/tudo-sobre\/donald-trump\/\" target=\"_blank\" rel=\"noreferrer noopener\"><strong>Donald Trump<\/strong><\/a>&nbsp;como presidente dos EUA.<\/p>\n\n\n\n<p>O empres\u00e1rio ressaltou que, nos Estados Unidos, \u201cos impostos ser\u00e3o reduzidos em 15%\u201d, e que a instala\u00e7\u00e3o de f\u00e1bricas \u00e9 subsidiada em v\u00e1rios estados. \u201cE o presidente (Trump) incentiva isso\u201d, disse.<\/p>\n\n\n\n<figure class=\"wp-block-image\"><img decoding=\"async\" src=\"https:\/\/www.estadao.com.br\/resizer\/v2\/QKS4ESUJU5CGRN63RO47ZAZ3VE.jpg?quality=80&amp;auth=a4b4a371ac7686f4e307459258093486072f919f988f4da7c4af8a1d91a1de91&amp;width=380\" alt=\"Bernard Arnault comanda o grupo de luxo LVMH e \u00e9 a pessoa mais rica da Europa. \"\/><figcaption class=\"wp-element-caption\">Bernard Arnault comanda o grupo de luxo LVMH e \u00e9 a pessoa mais rica da Europa.&nbsp;<em>Foto:&nbsp;Dimitar Dilkoff\/AFP<\/em><\/figcaption><\/figure>\n\n\n\n<p>Para reduzir os altos n\u00edveis de d\u00edvida p\u00fablica e d\u00e9ficits, o governo franc\u00eas planeja, al\u00e9m de uma forte redu\u00e7\u00e3o nos gastos p\u00fablicos, arrecadar cerca de \u20ac 8 bilh\u00f5es com um aumento no imposto corporativo somente em 2025. Para empresas com faturamento superior a \u20ac 3 bilh\u00f5es, como a LVMH, isso significar\u00e1 um aumento de cerca de 40% no imposto corporativo.<\/p>\n\n\n\n<p>\u201cAs autoridades norte-americanas nos pediram fortemente que continu\u00e1ssemos criando\u201d f\u00e1bricas, disse Arnault \u2014 e, \u201cna situa\u00e7\u00e3o atual, \u00e9 algo que estamos estudando seriamente\u201d, afirmou o empres\u00e1rio durante a apresenta\u00e7\u00e3o dos resultados de 2024 do seu grupo.<\/p>\n\n\n\n<p>Ap\u00f3s um ano turbulento, a LVMH anunciou na ter\u00e7a-feira uma queda de 17% em seu lucro l\u00edquido anual em 2024, para \u20ac 12,5 bilh\u00f5es, e uma queda de 2% em seu faturamento, para \u20ac 84,7 bilh\u00f5es.<\/p>\n\n\n\n<p>A empresa, mais conhecida pelas bolsas Louis Vuitton, pela marca de moda Dior, pelo champanhe Mo\u00ebt &amp; Chandon e pelas joias Tiffany, atribuiu a desacelera\u00e7\u00e3o, em parte, ao fim da recupera\u00e7\u00e3o p\u00f3s-pandemia de covid-19.&nbsp;<strong>\/ AFP<\/strong><\/p>\n\n\n\n<p><em>Este conte\u00fado foi traduzido com o aux\u00edlio de ferramentas de Intelig\u00eancia Artificial e revisado por nossa equipe editorial.\u00a0<\/em><a href=\"https:\/\/www.estadao.com.br\/link\/estadao-define-politica-de-uso-de-ferramentas-de-inteligencia-artificial-por-seus-jornalistas-veja\/\"><em><strong>Saiba mais em nossa Pol\u00edtica de IA<\/strong>.<\/em><\/a><\/p>\n\n\n\n<p><strong>Por Estad\u00e3o<br><\/strong><\/p>\n","protected":false},"excerpt":{"rendered":"<p>\u2018Acabei de voltar dos Estados Unidos e pude ver o vento de otimismo que sopra nesse pa\u00eds. Na Fran\u00e7a, \u00e9 um pouco como tomar um banho frio\u2019, afirmou Bernard Arnault&hellip;<\/p>\n","protected":false},"author":1,"featured_media":334409,"comment_status":"closed","ping_status":"open","sticky":false,"template":"","format":"standard","meta":{"footnotes":""},"categories":[46,42],"tags":[],"class_list":["post-334408","post","type-post","status-publish","format-standard","has-post-thumbnail","hentry","category-mundo","category-ultimas"],"_links":{"self":[{"href":"https:\/\/blogfolhadocomercio.com.br\/wp\/wp-json\/wp\/v2\/posts\/334408","targetHints":{"allow":["GET"]}}],"collection":[{"href":"https:\/\/blogfolhadocomercio.com.br\/wp\/wp-json\/wp\/v2\/posts"}],"about":[{"href":"https:\/\/blogfolhadocomercio.com.br\/wp\/wp-json\/wp\/v2\/types\/post"}],"author":[{"embeddable":true,"href":"https:\/\/blogfolhadocomercio.com.br\/wp\/wp-json\/wp\/v2\/users\/1"}],"replies":[{"embeddable":true,"href":"https:\/\/blogfolhadocomercio.com.br\/wp\/wp-json\/wp\/v2\/comments?post=334408"}],"version-history":[{"count":1,"href":"https:\/\/blogfolhadocomercio.com.br\/wp\/wp-json\/wp\/v2\/posts\/334408\/revisions"}],"predecessor-version":[{"id":334410,"href":"https:\/\/blogfolhadocomercio.com.br\/wp\/wp-json\/wp\/v2\/posts\/334408\/revisions\/334410"}],"wp:featuredmedia":[{"embeddable":true,"href":"https:\/\/blogfolhadocomercio.com.br\/wp\/wp-json\/wp\/v2\/media\/334409"}],"wp:attachment":[{"href":"https:\/\/blogfolhadocomercio.com.br\/wp\/wp-json\/wp\/v2\/media?parent=334408"}],"wp:term":[{"taxonomy":"category","embeddable":true,"href":"https:\/\/blogfolhadocomercio.com.br\/wp\/wp-json\/wp\/v2\/categories?post=334408"},{"taxonomy":"post_tag","embeddable":true,"href":"https:\/\/blogfolhadocomercio.com.br\/wp\/wp-json\/wp\/v2\/tags?post=334408"}],"curies":[{"name":"wp","href":"https:\/\/api.w.org\/{rel}","templated":true}]}}