{"id":334402,"date":"2025-01-30T20:02:39","date_gmt":"2025-01-30T23:02:39","guid":{"rendered":"https:\/\/blogfolhadocomercio.com.br\/wp\/?p=334402"},"modified":"2025-01-30T20:02:42","modified_gmt":"2025-01-30T23:02:42","slug":"petrobras-vai-contratar-1-780-funcionarios-neste-ano-apos-admitir-mil-em-2024","status":"publish","type":"post","link":"https:\/\/blogfolhadocomercio.com.br\/wp\/2025\/01\/30\/petrobras-vai-contratar-1-780-funcionarios-neste-ano-apos-admitir-mil-em-2024\/","title":{"rendered":"Petrobras vai contratar 1.780 funcion\u00e1rios neste ano, ap\u00f3s admitir mil em 2024"},"content":{"rendered":"\n<p><strong>Grupo foi selecionado em processo seletivo cujas provas foram realizadas em 2024; mais de 700 devem ser convocados no primeiro semestre<\/strong><\/p>\n\n\n\n<p>A&nbsp;<a href=\"https:\/\/www.estadao.com.br\/tudo-sobre\/petrobras\/\"><strong>Petrobras<\/strong><\/a>&nbsp;vai admitir 1.780 novos empregados em 2025, sendo que mais de 700 profissionais ser\u00e3o convocados no primeiro semestre do ano, disse a estatal em nota nesta quinta-feira, 30. O grupo foi selecionado em processo seletivo cujas provas foram realizadas em 2024.<\/p>\n\n\n\n<p>Segundo a companhia, as convoca\u00e7\u00f5es come\u00e7aram na quarta-feira, 29. Os novos empregados v\u00e3o se somar aos cerca de mil convocados para contrata\u00e7\u00e3o pela Petrobras ao longo de 2024.<\/p>\n\n\n\n<p>\u201cA entrada de novos empregados na companhia \u00e9 motivo de muita satisfa\u00e7\u00e3o. Tenho certeza que esses empregados convocados ao longo de 2025 ser\u00e3o fundamentais para novos projetos de investimentos, que desenvolveremos em diferentes \u00e1reas da Petrobras nos pr\u00f3ximos anos. Temos compromisso com o crescimento da empresa e o desenvolvimento do Pa\u00eds\u201d, afirmou em nota a presidente da Petrobras,&nbsp;<a href=\"https:\/\/www.estadao.com.br\/tudo-sobre\/magda-chambriard\/\"><strong>Magda Chambriard<\/strong><\/a>.<\/p>\n\n\n\n<p>A previs\u00e3o \u00e9 a de que os candidatos admitidos em 2025 sejam direcionados, em sua maioria, para as \u00e1reas de Processos Industriais e de Explora\u00e7\u00e3o e Produ\u00e7\u00e3o. O processo seletivo tem cotas de 20% para pessoas com defici\u00eancia e 20% para pessoas negras.<\/p>\n\n\n\n<figure class=\"wp-block-image\"><img decoding=\"async\" src=\"https:\/\/www.estadao.com.br\/resizer\/v2\/OJXYP7PH5NE7TOPQVNTW3DUFR4.jpg?quality=80&amp;auth=0ff5cdc475020aa8ab42ca1a59233a2c6e0b2cf07afb74ef2d204fb435a11b6e&amp;width=380\" alt=\"Novos funcion\u00e1rios devem ser direcionados principalmente para as \u00e1reas de Processos Industriais e de Explora\u00e7\u00e3o e Produ\u00e7\u00e3o\"\/><figcaption class=\"wp-element-caption\">Novos funcion\u00e1rios devem ser direcionados principalmente para as \u00e1reas de Processos Industriais e de Explora\u00e7\u00e3o e Produ\u00e7\u00e3o&nbsp;<em>Foto:&nbsp;Marcos de Paula\/Estad\u00e3o<\/em><\/figcaption><\/figure>\n\n\n\n<p>As vagas ser\u00e3o direcionadas, na regi\u00e3o Nordeste, para os munic\u00edpios de Ipojuca (PE) e Recife (PE) e, nas regi\u00f5es Sul e Sudeste, para os munic\u00edpios de Betim (MG), Belo Horizonte (MG,) Cubat\u00e3o (SP), Duque de Caxias (RJ), Itabora\u00ed (RJ), Maca\u00e9 (RJ), Mau\u00e1 (SP), Paul\u00ednia (SP), Rio de Janeiro (RJ), Santos (SP), S\u00e3o Jos\u00e9 dos Campos (SP), S\u00e3o Paulo (SP), Vit\u00f3ria (ES), Arauc\u00e1ria (PR), Canoas (RS), Porto Alegre (RS) e Curitiba (PR).<\/p>\n\n\n\n<p>O cadastro \u00e9 v\u00e1lido at\u00e9 17 de dezembro de 2025, com possibilidade de prorroga\u00e7\u00e3o por mais 18 meses.<\/p>\n\n\n\n<p>\u201cO Plano de Neg\u00f3cios Petrobras 2025-2029, com mais de US$ 111 bilh\u00f5es de investimentos previstos, tem potencial estimado de gerar mais de 315 mil empregos diretos e indiretos em cinco anos, atrav\u00e9s de projetos rent\u00e1veis de explora\u00e7\u00e3o e produ\u00e7\u00e3o, diversifica\u00e7\u00e3o do parque industrial, transi\u00e7\u00e3o energ\u00e9tica justa e sustentabilidade\u201d, concluiu a companhia.<\/p>\n\n\n\n<p><strong>Por Estad\u00e3o<\/strong><\/p>\n\n\n\n<p><strong><br><\/strong><\/p>\n","protected":false},"excerpt":{"rendered":"<p>Grupo foi selecionado em processo seletivo cujas provas foram realizadas em 2024; mais de 700 devem ser convocados no primeiro semestre A&nbsp;Petrobras&nbsp;vai admitir 1.780 novos empregados em 2025, sendo que&hellip;<\/p>\n","protected":false},"author":1,"featured_media":334403,"comment_status":"closed","ping_status":"open","sticky":false,"template":"","format":"standard","meta":{"footnotes":""},"categories":[34,61,42],"tags":[],"class_list":["post-334402","post","type-post","status-publish","format-standard","has-post-thumbnail","hentry","category-brasil","category-emprego","category-ultimas"],"_links":{"self":[{"href":"https:\/\/blogfolhadocomercio.com.br\/wp\/wp-json\/wp\/v2\/posts\/334402","targetHints":{"allow":["GET"]}}],"collection":[{"href":"https:\/\/blogfolhadocomercio.com.br\/wp\/wp-json\/wp\/v2\/posts"}],"about":[{"href":"https:\/\/blogfolhadocomercio.com.br\/wp\/wp-json\/wp\/v2\/types\/post"}],"author":[{"embeddable":true,"href":"https:\/\/blogfolhadocomercio.com.br\/wp\/wp-json\/wp\/v2\/users\/1"}],"replies":[{"embeddable":true,"href":"https:\/\/blogfolhadocomercio.com.br\/wp\/wp-json\/wp\/v2\/comments?post=334402"}],"version-history":[{"count":1,"href":"https:\/\/blogfolhadocomercio.com.br\/wp\/wp-json\/wp\/v2\/posts\/334402\/revisions"}],"predecessor-version":[{"id":334404,"href":"https:\/\/blogfolhadocomercio.com.br\/wp\/wp-json\/wp\/v2\/posts\/334402\/revisions\/334404"}],"wp:featuredmedia":[{"embeddable":true,"href":"https:\/\/blogfolhadocomercio.com.br\/wp\/wp-json\/wp\/v2\/media\/334403"}],"wp:attachment":[{"href":"https:\/\/blogfolhadocomercio.com.br\/wp\/wp-json\/wp\/v2\/media?parent=334402"}],"wp:term":[{"taxonomy":"category","embeddable":true,"href":"https:\/\/blogfolhadocomercio.com.br\/wp\/wp-json\/wp\/v2\/categories?post=334402"},{"taxonomy":"post_tag","embeddable":true,"href":"https:\/\/blogfolhadocomercio.com.br\/wp\/wp-json\/wp\/v2\/tags?post=334402"}],"curies":[{"name":"wp","href":"https:\/\/api.w.org\/{rel}","templated":true}]}}