{"id":334206,"date":"2025-01-29T14:13:29","date_gmt":"2025-01-29T17:13:29","guid":{"rendered":"https:\/\/blogfolhadocomercio.com.br\/wp\/?p=334206"},"modified":"2025-01-29T14:13:31","modified_gmt":"2025-01-29T17:13:31","slug":"bolsonaro-e-nome-mais-competitivo-contra-esquerda-em-2026-diz-zema","status":"publish","type":"post","link":"https:\/\/blogfolhadocomercio.com.br\/wp\/2025\/01\/29\/bolsonaro-e-nome-mais-competitivo-contra-esquerda-em-2026-diz-zema\/","title":{"rendered":"Bolsonaro \u00e9 nome mais competitivo contra esquerda em 2026, diz Zema"},"content":{"rendered":"\n<p><strong>Governador defende revers\u00e3o da inelegibilidade do ex-presidente e diz que oposi\u00e7\u00e3o pode estar desunida em 2026 por \u2018quest\u00f5es de ego\u2019<\/strong><\/p>\n\n\n\n<p>O governador de Minas Gerais,&nbsp;<a href=\"https:\/\/www.estadao.com.br\/tudo-sobre\/romeu-zema\/\" target=\"_blank\" rel=\"noreferrer noopener\"><strong>Romeu Zema<\/strong><\/a>&nbsp;(Novo), afirmou que o ex-presidente&nbsp;<a href=\"https:\/\/www.estadao.com.br\/tudo-sobre\/jair-bolsonaro\/\" target=\"_blank\" rel=\"noreferrer noopener\"><strong>Jair Bolsonaro<\/strong><\/a>&nbsp;(PL), mesmo ineleg\u00edvel, \u00e9 o nome \u00e0 direita mais competitivo para a&nbsp;<a href=\"https:\/\/www.estadao.com.br\/tudo-sobre\/eleicoes-2026\/\" target=\"_blank\" rel=\"noreferrer noopener\"><strong>elei\u00e7\u00e3o presidencial de 2026<\/strong><\/a>. \u201cN\u00e3o h\u00e1, segundo as pr\u00f3prias pesquisas, nenhum nome que supere o dele com chances de ganhar da esquerda\u201d, disse o governador nesta ter\u00e7a-feira, 28, em entrevista ao canal do jornalista Claudio Dantas no YouTube.<\/p>\n\n\n\n<p>O mineiro defendeu a revers\u00e3o da inelegibilidade de Jair Bolsonaro,&nbsp;<a href=\"https:\/\/www.estadao.com.br\/politica\/inelegivel-jair-bolsonaro-relembre-decisoes-condenacoes-ex-presidente-nprp\/\" target=\"_blank\" rel=\"noreferrer noopener\"><strong>condenado pelo Tribunal Superior Eleitoral (TSE) e impedido de concorrer a cargos eletivos at\u00e9 2030<\/strong><\/a>. \u201cEu espero que ele ven\u00e7a essa batalha\u201d, disse Zema sobre a revers\u00e3o das condena\u00e7\u00f5es eleitorais do ex-presidente.<\/p>\n\n\n\n<figure class=\"wp-block-image\"><img decoding=\"async\" src=\"https:\/\/www.estadao.com.br\/resizer\/v2\/CZCKB3NJARGWJA2AE74WCCSODE.JPG?quality=80&amp;auth=5baafc4f4b2874ebcad7b007ef67402322b7a63cea1ba047f5b2a0497343fe7f&amp;width=380\" alt=\"Romeu Zema, governador de Minas Gerais\"\/><figcaption class=\"wp-element-caption\">Romeu Zema, governador de Minas Gerais&nbsp;<em>Foto:&nbsp;Alex Silva\/Estad\u00e3o<\/em><\/figcaption><\/figure>\n\n\n\n<p>Em um cen\u00e1rio no qual Jair Bolsonaro siga ineleg\u00edvel, Zema avaliou como improv\u00e1vel, por \u201cquest\u00f5es partid\u00e1rias\u201d e \u201cde ego\u201d, que o campo pol\u00edtico \u00e0 direita forme unidade em prol de um candidato. \u201cMas que se tente, pelo menos, que se trabalhe e que ele [Jair Bolsonaro] tamb\u00e9m venha a apoiar\u201c, disse o governador mineiro.<\/p>\n\n\n\n<p>Em entrevista ao jornal&nbsp;<em>O Globo<\/em>&nbsp;na semana passada, o governador afirmou que&nbsp;<a href=\"https:\/\/www.estadao.com.br\/politica\/romeu-zema-diz-que-indefinicao-futuro-jair-bolsonaro-atrapalha-planos-eleitorais-direita-nprp\/\" target=\"_blank\" rel=\"noreferrer noopener\"><strong>a indefini\u00e7\u00e3o quanto ao futuro pol\u00edtico do ex-presidente atrasava a constru\u00e7\u00e3o de uma alternativa \u00e0 direita<\/strong><\/a>. \u201cEssa indefini\u00e7\u00e3o sobre ele ser ou n\u00e3o candidato, com toda certeza acaba postergando essa decis\u00e3o e o trabalho que j\u00e1 poderia estar acontecendo\u201c, disse o governador.<\/p>\n\n\n\n<p>Nesta ter\u00e7a-feira, Zema voltou a dizer que sua prioridade para as elei\u00e7\u00f5es de 2026 \u00e9 a sucess\u00e3o do Executivo mineiro. Em entrevista ao&nbsp;<strong>Estad\u00e3o<\/strong>, o<strong>&nbsp;<\/strong><a href=\"https:\/\/www.estadao.com.br\/politica\/zema-pede-imparcialidade-mas-evita-defender-bolsonaro-de-indiciamento-muito-dificil-opinar\/\" target=\"_blank\" rel=\"noreferrer noopener\"><strong>governador j\u00e1 havia dito que a disputa em Minas Gerais seria seu foco nas pr\u00f3ximas elei\u00e7\u00f5es gerais<\/strong><\/a>. O nome apoiado por Zema \u00e9 o do vice-governador Matheus Sim\u00f5es (Novo).<\/p>\n\n\n\n<p>Ao falar de Jair Bolsonaro como o \u00fanico candidato competitivo \u00e0 direita, Zema concorda com o pr\u00f3prio ex-presidente. Em outubro de 2024, Bolsonaro afirmou que n\u00e3o existe direita pol\u00edtica no Pa\u00eds a n\u00e3o ser a liderada por ele,&nbsp;<a href=\"https:\/\/www.estadao.com.br\/politica\/jair-bolsonaro-diz-que-nao-ha-direita-sem-ele-desdenha-adversarios-ronaldo-caiado-nprp\/\" target=\"_blank\" rel=\"noreferrer noopener\"><strong>pois n\u00e3o h\u00e1 representantes nesse campo que saibam \u201ca linguagem do povo\u201d como ele<\/strong><\/a>.<\/p>\n\n\n\n<p>\u201cJ\u00e1 tentaram v\u00e1rias vezes e n\u00e3o conseguiram. Esses caras juntam quantas pessoas no aeroporto num bate-papo?\u201d, afirmou o ex-presidente.<\/p>\n\n\n\n<p>Al\u00e9m do pr\u00f3prio Romeu Zema, nomes como os dos governadores&nbsp;<a href=\"https:\/\/www.estadao.com.br\/tudo-sobre\/ronaldo-caiado\/\" target=\"_blank\" rel=\"noreferrer noopener\"><strong>Ronaldo Caiado<\/strong><\/a>&nbsp;(Uni\u00e3o Brasil), de Goi\u00e1s, e de&nbsp;<a href=\"https:\/\/www.estadao.com.br\/tudo-sobre\/tarcisio-de-freitas\/\" target=\"_blank\" rel=\"noreferrer noopener\"><strong>Tarc\u00edsio de Freitas<\/strong><\/a>&nbsp;(Republicanos), de S\u00e3o Paulo, tamb\u00e9m s\u00e3o cotados para a pr\u00f3xima elei\u00e7\u00e3o presidencial.<\/p>\n\n\n\n<p>Condenado na primeira inst\u00e2ncia,&nbsp;<a href=\"https:\/\/www.estadao.com.br\/politica\/justica-eleitoral-condena-ronaldo-caiado-determina-inelegivel-8-anos-saiba-motivo-nprp\/\" target=\"_blank\" rel=\"noreferrer noopener\"><strong>Caiado enfrenta um processo na Justi\u00e7a Eleitoral que pode resultar em sua inelegibilidade<\/strong><\/a>. Pablo Mar\u00e7al (PRTB) coloca-se como pr\u00e9-candidato,&nbsp;<a href=\"https:\/\/www.estadao.com.br\/politica\/pablo-marcal-afirma-disputara-a-presidencia-eleicoes-2026-nprp\/\" target=\"_blank\" rel=\"noreferrer noopener\"><strong>mas tamb\u00e9m pode estar ineleg\u00edvel at\u00e9 o pleito<\/strong><\/a>. O nome do cantor sertanejo&nbsp;<a href=\"https:\/\/www.estadao.com.br\/tudo-sobre\/gusttavo-lima\/\" target=\"_blank\" rel=\"noreferrer noopener\"><strong>Gusttavo Lima<\/strong><\/a>&nbsp;tamb\u00e9m \u00e9 especulado para a disputa.<\/p>\n\n\n\n<p><strong>Por Estad\u00e3o<\/strong><\/p>\n\n\n\n<p><strong><br><\/strong><\/p>\n","protected":false},"excerpt":{"rendered":"<p>Governador defende revers\u00e3o da inelegibilidade do ex-presidente e diz que oposi\u00e7\u00e3o pode estar desunida em 2026 por \u2018quest\u00f5es de ego\u2019 O governador de Minas Gerais,&nbsp;Romeu Zema&nbsp;(Novo), afirmou que o ex-presidente&nbsp;Jair&hellip;<\/p>\n","protected":false},"author":1,"featured_media":334207,"comment_status":"closed","ping_status":"open","sticky":false,"template":"","format":"standard","meta":{"footnotes":""},"categories":[34,35,42],"tags":[],"class_list":["post-334206","post","type-post","status-publish","format-standard","has-post-thumbnail","hentry","category-brasil","category-politica","category-ultimas"],"_links":{"self":[{"href":"https:\/\/blogfolhadocomercio.com.br\/wp\/wp-json\/wp\/v2\/posts\/334206","targetHints":{"allow":["GET"]}}],"collection":[{"href":"https:\/\/blogfolhadocomercio.com.br\/wp\/wp-json\/wp\/v2\/posts"}],"about":[{"href":"https:\/\/blogfolhadocomercio.com.br\/wp\/wp-json\/wp\/v2\/types\/post"}],"author":[{"embeddable":true,"href":"https:\/\/blogfolhadocomercio.com.br\/wp\/wp-json\/wp\/v2\/users\/1"}],"replies":[{"embeddable":true,"href":"https:\/\/blogfolhadocomercio.com.br\/wp\/wp-json\/wp\/v2\/comments?post=334206"}],"version-history":[{"count":1,"href":"https:\/\/blogfolhadocomercio.com.br\/wp\/wp-json\/wp\/v2\/posts\/334206\/revisions"}],"predecessor-version":[{"id":334208,"href":"https:\/\/blogfolhadocomercio.com.br\/wp\/wp-json\/wp\/v2\/posts\/334206\/revisions\/334208"}],"wp:featuredmedia":[{"embeddable":true,"href":"https:\/\/blogfolhadocomercio.com.br\/wp\/wp-json\/wp\/v2\/media\/334207"}],"wp:attachment":[{"href":"https:\/\/blogfolhadocomercio.com.br\/wp\/wp-json\/wp\/v2\/media?parent=334206"}],"wp:term":[{"taxonomy":"category","embeddable":true,"href":"https:\/\/blogfolhadocomercio.com.br\/wp\/wp-json\/wp\/v2\/categories?post=334206"},{"taxonomy":"post_tag","embeddable":true,"href":"https:\/\/blogfolhadocomercio.com.br\/wp\/wp-json\/wp\/v2\/tags?post=334206"}],"curies":[{"name":"wp","href":"https:\/\/api.w.org\/{rel}","templated":true}]}}