{"id":334191,"date":"2025-01-29T13:02:34","date_gmt":"2025-01-29T16:02:34","guid":{"rendered":"https:\/\/blogfolhadocomercio.com.br\/wp\/?p=334191"},"modified":"2025-01-29T13:02:37","modified_gmt":"2025-01-29T16:02:37","slug":"opiniao-popularidade-de-lula-cai-devagar-mas-nao-sera-facil-reverter","status":"publish","type":"post","link":"https:\/\/blogfolhadocomercio.com.br\/wp\/2025\/01\/29\/opiniao-popularidade-de-lula-cai-devagar-mas-nao-sera-facil-reverter\/","title":{"rendered":"Opini\u00e3o\u00a0|\u00a0Popularidade de Lula cai devagar, mas n\u00e3o ser\u00e1 f\u00e1cil reverter"},"content":{"rendered":"\n<p><strong>Dificuldades econ\u00f4micas aumentam import\u00e2ncia de reforma do imposto de renda para pretens\u00f5es eleitorais de Lula em 2026<\/strong><\/p>\n\n\n\n<p>Nesta semana, a&nbsp;<a href=\"https:\/\/www.estadao.com.br\/politica\/pesquisa-quaest-desaprovacao-de-lula-chega-a-49-e-supera-aprovacao-pela-primeira-vez\/\" target=\"_blank\" rel=\"noreferrer noopener\"><strong>Quaest divulgou pesquisa de aprova\u00e7\u00e3o presidencial mostrando queda na popularidade de Lula<\/strong><\/a>. Pela primeira vez neste mandato, a taxa de aprova\u00e7\u00e3o \u00e9 menor do que a taxa de rejei\u00e7\u00e3o, nas contas do instituto.&nbsp;<a href=\"https:\/\/www.estadao.com.br\/tudo-sobre\/lula-luiz-inacio-lula-da-silva\/\" target=\"_blank\" rel=\"noreferrer noopener\"><strong>Lula<\/strong><\/a>&nbsp;\u00e9 reprovado por 49% dos eleitores brasileiros e aprovado por 47%. \u00c9 preciso ter cautela ao analisar os n\u00fameros. O governo n\u00e3o est\u00e1 derretendo. Na verdade, a taxa de aprova\u00e7\u00e3o de Lula, no in\u00edcio de seu terceiro mandato, ainda \u00e9 igual \u00e0 de&nbsp;<a href=\"https:\/\/www.estadao.com.br\/tudo-sobre\/donald-trump\/\" target=\"_blank\" rel=\"noreferrer noopener\"><strong>Donald Trump<\/strong><\/a>&nbsp;nos Estados Unidos \u2013 ou at\u00e9 maior, dependendo da pesquisa. O crescimento da economia nos \u00faltimos anos e a perspectiva de novas medidas com apelo eleitoral, como a isen\u00e7\u00e3o do imposto de renda para quem ganha at\u00e9 R$ 5 mil, ainda mant\u00eam Lula como um candidato competitivo \u00e0 reelei\u00e7\u00e3o em 2026.<\/p>\n\n\n\n<figure class=\"wp-block-image\"><img decoding=\"async\" src=\"https:\/\/www.estadao.com.br\/resizer\/v2\/AIUKBNGOGJATTC3UDADQWIVZEI.jpg?quality=80&amp;auth=842a41870f46434a9504c316bfd616238d3b86d019eff2d387c9bbb6ae406c28&amp;width=380\" alt=\"Lula, presidente da Rep\u00fablica\"\/><figcaption class=\"wp-element-caption\">Lula, presidente da Rep\u00fablica&nbsp;<em>Foto:&nbsp;F\u00e1bio Vieira\/Estad\u00e3o<\/em><\/figcaption><\/figure>\n\n\n\n<p>Muitos eleitores estar\u00e3o propensos a votar em Lula em 2026 considerando que suas vidas melhoraram em rela\u00e7\u00e3o aos quatro anos anteriores, com renda maior e um emprego melhor, mesmo que estejam inseguros com o custo de vida ou com o futuro da economia. Foi assim em 2014, quando&nbsp;<a href=\"https:\/\/www.estadao.com.br\/tudo-sobre\/dilma-rousseff\/\" target=\"_blank\" rel=\"noreferrer noopener\"><strong>Dilma<\/strong><\/a>&nbsp;ganhou um segundo mandato em um contexto de infla\u00e7\u00e3o alta e economia \u00e0 beira da recess\u00e3o. Na \u00e9poca, o fator mais importante na decis\u00e3o de voto, em pesquisas qualitativas, era a percep\u00e7\u00e3o de quem transmitia mais seguran\u00e7a para lidar com o quadro de incerteza sobre a economia. A mem\u00f3ria recente de aumento da renda e dos programas sociais pesou a favor da ent\u00e3o presidente.<\/p>\n\n\n\n<p>Ainda assim, a queda na popularidade de Lula, mesmo que modesta, refor\u00e7a um cen\u00e1rio de maiores dificuldades para o governo em 2025, com portas mais abertas para a vit\u00f3ria da direita em 2026 \u2013 especialmente para a direita apoiada por&nbsp;<a href=\"https:\/\/www.estadao.com.br\/tudo-sobre\/jair-bolsonaro\/\" target=\"_blank\" rel=\"noreferrer noopener\"><strong>Jair Bolsonaro<\/strong><\/a>. A pesquisa Quaest d\u00e1 pistas dos principais motivos para o aumento da rejei\u00e7\u00e3o de Lula. Um deles,&nbsp;<a href=\"https:\/\/www.estadao.com.br\/politica\/quaest-66-acham-que-governo-lula-errou-sobre-pix-e-63-rechacam-mudar-validade-de-alimentos\/\" target=\"_blank\" rel=\"noreferrer noopener\"><strong>a pol\u00eamica do Pix<\/strong><\/a>, tende a perder for\u00e7a \u00e0 medida que o tema saia do radar. Mas outro tema, a infla\u00e7\u00e3o de alimentos, ainda deve assombrar Lula por muitos meses, talvez at\u00e9 a campanha eleitoral. Simplesmente n\u00e3o h\u00e1 o que o governo possa fazer para efetivamente reduzir o pre\u00e7o da comida, a n\u00e3o ser esperar que o d\u00f3lar caia com a ajuda de uma pol\u00edtica econ\u00f4mica austera e de um pouco de sorte no cen\u00e1rio internacional. E, enquanto isso, deixar que o Banco Central suba os juros para que os pre\u00e7os como um todo, especialmente de servi\u00e7os, deem um al\u00edvio para os consumidores.<\/p>\n\n\n\n<p>A tend\u00eancia, portanto, \u00e9 de um cen\u00e1rio econ\u00f4mico pior para Lula em 2025, com infla\u00e7\u00e3o mais alta ou economia mais fraca por causa dos juros. Talvez Lula tenha que conviver com tudo isso ao mesmo tempo, agravado por uma pol\u00edtica econ\u00f4mica inflacion\u00e1ria nos Estados Unidos. Os efeitos mais fortes de todo esse quadro devem se manifestar ao longo do ano, especialmente no segundo semestre, quando se projeta uma desacelera\u00e7\u00e3o mais intensa da economia. Este pode ser um momento cr\u00edtico para as pretens\u00f5es de Lula em 2026 \u2013 marcando um ponto de virada, com a eventual aprova\u00e7\u00e3o de isen\u00e7\u00f5es do imposto de renda e outras medidas, ou um momento de fragilidade, que coloque a oposi\u00e7\u00e3o como favorita na pr\u00f3xima corrida eleitoral.<\/p>\n\n\n\n<figure class=\"wp-block-image\"><img decoding=\"async\" src=\"https:\/\/www.estadao.com.br\/resizer\/v2\/https%3A%2F%2Fs3.amazonaws.com%2Farc-authors%2Festadao%2F8dcd2910-20e7-4589-a2d0-92453e0ca499.png?quality=80&amp;auth=977b8418708d3cb1614c7ba48e0e281eaa5724863be87354008fd7f3004161c1&amp;width=66&amp;height=66&amp;smart=true\" alt=\"Foto do autor\"\/><\/figure>\n\n\n\n<p><strong>Opini\u00e3o<\/strong>&nbsp;por&nbsp;Silvio Cascione<\/p>\n\n\n\n<p><em>Mestre em ci\u00eancia pol\u00edtica pela UNB e diretor da consultoria Eurasia Group<\/em><\/p>\n\n\n\n<p><strong>Por Estad\u00e3o<\/strong><\/p>\n\n\n\n<p><strong><br><\/strong><\/p>\n","protected":false},"excerpt":{"rendered":"<p>Dificuldades econ\u00f4micas aumentam import\u00e2ncia de reforma do imposto de renda para pretens\u00f5es eleitorais de Lula em 2026 Nesta semana, a&nbsp;Quaest divulgou pesquisa de aprova\u00e7\u00e3o presidencial mostrando queda na popularidade de&hellip;<\/p>\n","protected":false},"author":1,"featured_media":334192,"comment_status":"closed","ping_status":"open","sticky":false,"template":"","format":"standard","meta":{"footnotes":""},"categories":[34,35,42],"tags":[],"class_list":["post-334191","post","type-post","status-publish","format-standard","has-post-thumbnail","hentry","category-brasil","category-politica","category-ultimas"],"_links":{"self":[{"href":"https:\/\/blogfolhadocomercio.com.br\/wp\/wp-json\/wp\/v2\/posts\/334191","targetHints":{"allow":["GET"]}}],"collection":[{"href":"https:\/\/blogfolhadocomercio.com.br\/wp\/wp-json\/wp\/v2\/posts"}],"about":[{"href":"https:\/\/blogfolhadocomercio.com.br\/wp\/wp-json\/wp\/v2\/types\/post"}],"author":[{"embeddable":true,"href":"https:\/\/blogfolhadocomercio.com.br\/wp\/wp-json\/wp\/v2\/users\/1"}],"replies":[{"embeddable":true,"href":"https:\/\/blogfolhadocomercio.com.br\/wp\/wp-json\/wp\/v2\/comments?post=334191"}],"version-history":[{"count":1,"href":"https:\/\/blogfolhadocomercio.com.br\/wp\/wp-json\/wp\/v2\/posts\/334191\/revisions"}],"predecessor-version":[{"id":334193,"href":"https:\/\/blogfolhadocomercio.com.br\/wp\/wp-json\/wp\/v2\/posts\/334191\/revisions\/334193"}],"wp:featuredmedia":[{"embeddable":true,"href":"https:\/\/blogfolhadocomercio.com.br\/wp\/wp-json\/wp\/v2\/media\/334192"}],"wp:attachment":[{"href":"https:\/\/blogfolhadocomercio.com.br\/wp\/wp-json\/wp\/v2\/media?parent=334191"}],"wp:term":[{"taxonomy":"category","embeddable":true,"href":"https:\/\/blogfolhadocomercio.com.br\/wp\/wp-json\/wp\/v2\/categories?post=334191"},{"taxonomy":"post_tag","embeddable":true,"href":"https:\/\/blogfolhadocomercio.com.br\/wp\/wp-json\/wp\/v2\/tags?post=334191"}],"curies":[{"name":"wp","href":"https:\/\/api.w.org\/{rel}","templated":true}]}}