{"id":334182,"date":"2025-01-29T12:46:49","date_gmt":"2025-01-29T15:46:49","guid":{"rendered":"https:\/\/blogfolhadocomercio.com.br\/wp\/?p=334182"},"modified":"2025-01-29T12:46:51","modified_gmt":"2025-01-29T15:46:51","slug":"quem-sao-as-seis-mulheres-mais-ricas-do-brasil-veja-ranking","status":"publish","type":"post","link":"https:\/\/blogfolhadocomercio.com.br\/wp\/2025\/01\/29\/quem-sao-as-seis-mulheres-mais-ricas-do-brasil-veja-ranking\/","title":{"rendered":"Quem s\u00e3o as seis mulheres mais ricas do Brasil? Veja ranking"},"content":{"rendered":"\n<p><strong>Tr\u00eas delas s\u00e3o netas de Werner Ricardo Voigt, cofundador da Weg, a maior fabricante de motores el\u00e9tricos da Am\u00e9rica Latina; saiba quem lidera lista<\/strong><\/p>\n\n\n\n<p><a href=\"https:\/\/www.estadao.com.br\/tudo-sobre\/vicky-safra\/?srsltid=AfmBOopxcjaOzgpjPLLzBPvPM6wt_kFKl18KfVuaEglH2xloGxVXnR-w\" target=\"_blank\" rel=\"noreferrer noopener\"><strong>Vicky Safra<\/strong><\/a>\u00a0continua liderando o ranking de mulheres mais ricas do Brasil, segundo a lista de bilion\u00e1rios em tempo real da revista\u00a0<em>Forbes<\/em>. O patrim\u00f4nio total da fam\u00edlia \u00e9 estimado em US$ 18 bilh\u00f5es (cerca de R$ 106 bilh\u00f5es), segundo o levantamento da revista, consultado na manh\u00e3 desta quarta-feira, 29.<\/p>\n\n\n\n<p>No ranking geral de bilion\u00e1rios brasileiros, Vicky s\u00f3 fica atr\u00e1s de Eduardo Saverin, que acumula fortuna de US$ 36,8 bilh\u00f5es (R$ 216,8 bilh\u00f5es). Ele \u00e9 a 46\u00aa pessoa mais rica do mundo. Vicky Safra, por sua vez, \u00e9 a 107\u00aa pessoa mais rica do mundo atualmente.<\/p>\n\n\n\n<p>Vicky e seus quatro filhos herdaram a fortuna de seu falecido marido e pai, o banqueiro Joseph Safra. A fam\u00edlia \u00e9 dona do Banco Safra no Brasil, do banco su\u00ed\u00e7o J. Safra Sarasin e do Safra National Bank of New York.<\/p>\n\n\n\n<figure class=\"wp-block-image\"><img decoding=\"async\" src=\"https:\/\/www.estadao.com.br\/resizer\/v2\/CSAIJO2ZFRF3ROCLAMHZJPIRFQ.jpg?quality=80&amp;auth=e76c2442bace4b186fee8d0b9f852174815d21f621bf1c8bd7f0ecf14b208bdb&amp;width=380\" alt=\"Vicky Safra \u00e9 a mulher brasileira mais rica, segundo a Forbes. \"\/><figcaption class=\"wp-element-caption\">Vicky Safra \u00e9 a mulher brasileira mais rica, segundo a Forbes.&nbsp;<em>Foto:&nbsp;Paulo Giandalia\/Estad\u00e3o<\/em><\/figcaption><\/figure>\n\n\n\n<p>Na lista, tr\u00eas das seis mulheres mais ricas do Brasil s\u00e3o netas de Werner Ricardo Voigt, cofundador da Weg junto com Eggon Jo\u00e3o da Silva e Geraldo Werninghaus. A Weg \u00e9 hoje a maior fabricante de motores el\u00e9tricos da Am\u00e9rica Latina. Mariana Voigt Schwartz Gomes, Dora Voigt de Assis e Livia Voigt est\u00e3o entre as maiores acionistas individuais da Weg atualmente. Nenhuma delas ocupa um cargo no conselho de administra\u00e7\u00e3o, nem qualquer posi\u00e7\u00e3o executiva na empresa.<\/p>\n\n\n\n<p>A lista ainda traz nomes como&nbsp;<a href=\"https:\/\/www.estadao.com.br\/economia\/nubank-cristina-junqueira-lista-25-mulheres-mais-influentes-financial-times-unica-brasileira-cofundadora-banco-nprei\/\" target=\"_blank\" rel=\"noreferrer noopener\"><strong>Cristina Junqueira, cofundadora do Nubank<\/strong><\/a>, e Ana Lucia de Mattos Barretto Villela, ligada ao Ita\u00fa-Unibanco. Veja a seguir quem s\u00e3o as seis mulheres mais ricas do Brasil, segundo a lista em tempo real de bilion\u00e1rios da&nbsp;<em>Forbes<\/em>.<\/p>\n\n\n\n<h3 class=\"wp-block-heading\" id=\"1-vicky-safra-e-familia\">1. Vicky Safra e fam\u00edlia<\/h3>\n\n\n\n<ul class=\"wp-block-list\">\n<li>Patrim\u00f4nio: US$ 18 bilh\u00f5es<\/li>\n\n\n\n<li>Origem do patrim\u00f4nio: Banco Safra<\/li>\n\n\n\n<li>Idade: 72 anos<\/li>\n<\/ul>\n\n\n\n<h3 class=\"wp-block-heading\" id=\"2-cristina-junqueira\">2. Cristina Junqueira<\/h3>\n\n\n\n<ul class=\"wp-block-list\">\n<li>Patrim\u00f4nio: US$ 1,6 bilh\u00e3o<\/li>\n\n\n\n<li>Origem do patrim\u00f4nio: Nubank<\/li>\n\n\n\n<li>Idade: 42 anos<\/li>\n<\/ul>\n\n\n\n<h3 class=\"wp-block-heading\" id=\"3-mariana-voigt-schwartz-gomes\">3. Mariana Voigt Schwartz Gomes<\/h3>\n\n\n\n<ul class=\"wp-block-list\">\n<li>Patrim\u00f4nio: US$ 1,6 bilh\u00e3o<\/li>\n\n\n\n<li>Origem do patrim\u00f4nio: Weg<\/li>\n\n\n\n<li>Idade: 39 anos<\/li>\n<\/ul>\n\n\n\n<p>4. Ana Lucia de Mattos Barretto Villela<\/p>\n\n\n\n<ul class=\"wp-block-list\">\n<li>Patrim\u00f4nio: US$ 1,5 bilh\u00e3o<\/li>\n\n\n\n<li>Origem do patrim\u00f4nio: Ita\u00fa-Unibanco<\/li>\n\n\n\n<li>Idade: 51 anos<\/li>\n<\/ul>\n\n\n\n<h3 class=\"wp-block-heading\" id=\"5-livia-voigt\">5. Livia Voigt<\/h3>\n\n\n\n<ul class=\"wp-block-list\">\n<li>Patrim\u00f4nio: US$ 1,3 bilh\u00e3o<\/li>\n\n\n\n<li>Origem do patrim\u00f4nio: Weg<\/li>\n\n\n\n<li>Idade: 20 anos<\/li>\n<\/ul>\n\n\n\n<h3 class=\"wp-block-heading\" id=\"5-dora-voigt-de-assis\">5. Dora Voigt de Assis<\/h3>\n\n\n\n<p>Idade: 26 anos<\/p>\n\n\n\n<p>Patrim\u00f4nio: US$ 1,3 bilh\u00e3o<\/p>\n\n\n\n<p>Origem do patrim\u00f4nio: Weg<\/p>\n\n\n\n<p><strong>Por Estad\u00e3o<\/strong><\/p>\n","protected":false},"excerpt":{"rendered":"<p>Tr\u00eas delas s\u00e3o netas de Werner Ricardo Voigt, cofundador da Weg, a maior fabricante de motores el\u00e9tricos da Am\u00e9rica Latina; saiba quem lidera lista Vicky Safra\u00a0continua liderando o ranking de&hellip;<\/p>\n","protected":false},"author":1,"featured_media":334183,"comment_status":"closed","ping_status":"open","sticky":false,"template":"","format":"standard","meta":{"footnotes":""},"categories":[42],"tags":[],"class_list":["post-334182","post","type-post","status-publish","format-standard","has-post-thumbnail","hentry","category-ultimas"],"_links":{"self":[{"href":"https:\/\/blogfolhadocomercio.com.br\/wp\/wp-json\/wp\/v2\/posts\/334182","targetHints":{"allow":["GET"]}}],"collection":[{"href":"https:\/\/blogfolhadocomercio.com.br\/wp\/wp-json\/wp\/v2\/posts"}],"about":[{"href":"https:\/\/blogfolhadocomercio.com.br\/wp\/wp-json\/wp\/v2\/types\/post"}],"author":[{"embeddable":true,"href":"https:\/\/blogfolhadocomercio.com.br\/wp\/wp-json\/wp\/v2\/users\/1"}],"replies":[{"embeddable":true,"href":"https:\/\/blogfolhadocomercio.com.br\/wp\/wp-json\/wp\/v2\/comments?post=334182"}],"version-history":[{"count":1,"href":"https:\/\/blogfolhadocomercio.com.br\/wp\/wp-json\/wp\/v2\/posts\/334182\/revisions"}],"predecessor-version":[{"id":334184,"href":"https:\/\/blogfolhadocomercio.com.br\/wp\/wp-json\/wp\/v2\/posts\/334182\/revisions\/334184"}],"wp:featuredmedia":[{"embeddable":true,"href":"https:\/\/blogfolhadocomercio.com.br\/wp\/wp-json\/wp\/v2\/media\/334183"}],"wp:attachment":[{"href":"https:\/\/blogfolhadocomercio.com.br\/wp\/wp-json\/wp\/v2\/media?parent=334182"}],"wp:term":[{"taxonomy":"category","embeddable":true,"href":"https:\/\/blogfolhadocomercio.com.br\/wp\/wp-json\/wp\/v2\/categories?post=334182"},{"taxonomy":"post_tag","embeddable":true,"href":"https:\/\/blogfolhadocomercio.com.br\/wp\/wp-json\/wp\/v2\/tags?post=334182"}],"curies":[{"name":"wp","href":"https:\/\/api.w.org\/{rel}","templated":true}]}}