{"id":334161,"date":"2025-01-29T12:09:00","date_gmt":"2025-01-29T15:09:00","guid":{"rendered":"https:\/\/blogfolhadocomercio.com.br\/wp\/?p=334161"},"modified":"2025-01-29T12:09:02","modified_gmt":"2025-01-29T15:09:02","slug":"governo-lula-e-melhor-que-o-de-bolsonaro-para-33-mostra-pesquisa","status":"publish","type":"post","link":"https:\/\/blogfolhadocomercio.com.br\/wp\/2025\/01\/29\/governo-lula-e-melhor-que-o-de-bolsonaro-para-33-mostra-pesquisa\/","title":{"rendered":"Governo Lula \u00e9 melhor que o de Bolsonaro para 33%, mostra pesquisa"},"content":{"rendered":"\n<p><strong>Para 42%, gest\u00e3o de Lula \u00e9 pior do que a do antecessor; avalia\u00e7\u00e3o atingiu o menor n\u00edvel desde o in\u00edcio do atual mandato, em 2023<\/strong><\/p>\n\n\n\n<p>A parcela de eleitores que considera o governo do presidente\u00a0<a href=\"https:\/\/www.estadao.com.br\/tudo-sobre\/lula-luiz-inacio-lula-da-silva\/\"><strong>Luiz In\u00e1cio Lula da Silva<\/strong><\/a>\u00a0(PT) melhor que o do ex-presidente\u00a0<a href=\"https:\/\/www.estadao.com.br\/tudo-sobre\/jair-bolsonaro\/?srsltid=AfmBOooXI2u4QLgueJskJyCMRw6oUtpUDDCC-Ho19-YmbkEvBvXvt-jr\"><strong>Jair Bolsonaro<\/strong><\/a>\u00a0(PL) caiu para 33%, segundo pesquisa do instituto PoderData divulgada nesta ter\u00e7a-feira, 29. \u00c9 um recuo de quatro pontos porcentuais em um m\u00eas, atingindo o menor n\u00edvel desde o in\u00edcio do atual mandato, em 2023.<\/p>\n\n\n\n<p>Ao mesmo tempo, o porcentual de eleitores que avaliam a gest\u00e3o de Lula como \u201cpior\u201d que a de Bolsonaro subiu para 42%. Essa \u00e9 a terceira vez desde a posse que o atual governo fica atr\u00e1s na compara\u00e7\u00e3o com a administra\u00e7\u00e3o anterior.<\/p>\n\n\n\n<p>Outros 22% afirmam n\u00e3o ver diferen\u00e7a entre os dois governos, enquanto 2% n\u00e3o souberam responder. A margem de erro do levantamento \u00e9 de 2 pontos porcentuais.<\/p>\n\n\n\n<figure class=\"wp-block-image\"><img decoding=\"async\" src=\"https:\/\/www.estadao.com.br\/resizer\/v2\/GR7UZSCOW5EVDCGIVD67RHTAOY.jpg?quality=80&amp;auth=8fd5a0fc981077b45a4d5ffabd2ca3f6365877074ed3efec0dc07dd5faa921c7&amp;width=380\" alt=\"Lula, presidente da Rep\u00fablica\"\/><figcaption class=\"wp-element-caption\">Lula, presidente da Rep\u00fablica&nbsp;<em>Foto:&nbsp;Wilton Junior\/Estad\u00e3o<\/em><\/figcaption><\/figure>\n\n\n\n<p>O levantamento cruzou os dados com a declara\u00e7\u00e3o de voto no segundo turno de 2022. Entre aqueles que votaram em Lula, 59% ainda consideram sua administra\u00e7\u00e3o melhor que a de Bolsonaro. Outros 26% n\u00e3o percebem diferen\u00e7as, enquanto 12% avaliam a gest\u00e3o atual como pior que a anterior.<\/p>\n\n\n\n<p>J\u00e1 entre os eleitores de Bolsonaro, a percep\u00e7\u00e3o \u00e9 amplamente negativa em rela\u00e7\u00e3o a Lula. Um total de 82% classificam a atual gest\u00e3o como pior que a anterior, enquanto apenas 6% a consideram melhor.<\/p>\n\n\n\n<p>A faixa et\u00e1ria de 16 a 24 anos \u00e9 a que mais aprova o governo Lula, com 48% considerando sua gest\u00e3o melhor que a anterior. Nesse grupo, 28% acham que Bolsonaro teve uma administra\u00e7\u00e3o melhor e 20% consideram as duas iguais.<\/p>\n\n\n\n<p>No recorte regional, o Nordeste segue como o maior reduto de apoio ao presidente, com 45% dos eleitores avaliando sua administra\u00e7\u00e3o como superior \u00e0 de Bolsonaro. Em rela\u00e7\u00e3o \u00e0 renda, o grupo que recebe entre dois e cinco sal\u00e1rios m\u00ednimos tamb\u00e9m se mostra mais favor\u00e1vel ao governo atual, com 40% afirmando que a gest\u00e3o petista \u00e9 melhor.<\/p>\n\n\n\n<p>Os n\u00fameros refor\u00e7am a tend\u00eancia de desgaste do governo Lula, que&nbsp;<a href=\"https:\/\/www.estadao.com.br\/politica\/pesquisa-quaest-desaprovacao-de-lula-chega-a-49-e-supera-aprovacao-pela-primeira-vez\/\"><strong>j\u00e1 havia registrado queda na aprova\u00e7\u00e3o em pesquisas recentes<\/strong><\/a>. Fatores como o&nbsp;<a href=\"https:\/\/www.estadao.com.br\/economia\/inflacao-alimentos-sao-paulo-ranking-alta-maiores-cidades\/?srsltid=AfmBOooEFNgUqBl0Lf_oyZmnQQY1czWIKPyPcVQgOrcgQznXh-tkUkJb\"><strong>aumento no pre\u00e7o dos alimentos<\/strong><\/a>&nbsp;e a&nbsp;<a href=\"https:\/\/www.estadao.com.br\/economia\/crise-pix-passo-passo-revogacao-medida\/?srsltid=AfmBOopYXjv8A8yF2cyVfAAAsQjeJt52T2ChrLqJ3yAnbIsAP3SBMDDU\"><strong>\u201ccrise do Pix\u201d<\/strong><\/a>&nbsp;podem ter influenciado na avalia\u00e7\u00e3o negativa.<\/p>\n\n\n\n<p>Os dados foram coletados entre os dias 25 e 27 de janeiro de 2025, por meio de liga\u00e7\u00f5es para celulares e telefones fixos. No total, foram realizadas 2.500 entrevistas em 219 munic\u00edpios das 27 unidades da Federa\u00e7\u00e3o. A pesquisa tem margem de erro de dois pontos porcentuais para mais ou para menos e um intervalo de confian\u00e7a de 95%.<\/p>\n\n\n\n<p><strong>Por Estad\u00e3o<\/strong><\/p>\n\n\n\n<p><strong><br><\/strong><\/p>\n","protected":false},"excerpt":{"rendered":"<p>Para 42%, gest\u00e3o de Lula \u00e9 pior do que a do antecessor; avalia\u00e7\u00e3o atingiu o menor n\u00edvel desde o in\u00edcio do atual mandato, em 2023 A parcela de eleitores que&hellip;<\/p>\n","protected":false},"author":1,"featured_media":334162,"comment_status":"closed","ping_status":"open","sticky":false,"template":"","format":"standard","meta":{"footnotes":""},"categories":[34,35,42],"tags":[],"class_list":["post-334161","post","type-post","status-publish","format-standard","has-post-thumbnail","hentry","category-brasil","category-politica","category-ultimas"],"_links":{"self":[{"href":"https:\/\/blogfolhadocomercio.com.br\/wp\/wp-json\/wp\/v2\/posts\/334161","targetHints":{"allow":["GET"]}}],"collection":[{"href":"https:\/\/blogfolhadocomercio.com.br\/wp\/wp-json\/wp\/v2\/posts"}],"about":[{"href":"https:\/\/blogfolhadocomercio.com.br\/wp\/wp-json\/wp\/v2\/types\/post"}],"author":[{"embeddable":true,"href":"https:\/\/blogfolhadocomercio.com.br\/wp\/wp-json\/wp\/v2\/users\/1"}],"replies":[{"embeddable":true,"href":"https:\/\/blogfolhadocomercio.com.br\/wp\/wp-json\/wp\/v2\/comments?post=334161"}],"version-history":[{"count":1,"href":"https:\/\/blogfolhadocomercio.com.br\/wp\/wp-json\/wp\/v2\/posts\/334161\/revisions"}],"predecessor-version":[{"id":334163,"href":"https:\/\/blogfolhadocomercio.com.br\/wp\/wp-json\/wp\/v2\/posts\/334161\/revisions\/334163"}],"wp:featuredmedia":[{"embeddable":true,"href":"https:\/\/blogfolhadocomercio.com.br\/wp\/wp-json\/wp\/v2\/media\/334162"}],"wp:attachment":[{"href":"https:\/\/blogfolhadocomercio.com.br\/wp\/wp-json\/wp\/v2\/media?parent=334161"}],"wp:term":[{"taxonomy":"category","embeddable":true,"href":"https:\/\/blogfolhadocomercio.com.br\/wp\/wp-json\/wp\/v2\/categories?post=334161"},{"taxonomy":"post_tag","embeddable":true,"href":"https:\/\/blogfolhadocomercio.com.br\/wp\/wp-json\/wp\/v2\/tags?post=334161"}],"curies":[{"name":"wp","href":"https:\/\/api.w.org\/{rel}","templated":true}]}}