{"id":334064,"date":"2025-01-28T21:08:18","date_gmt":"2025-01-29T00:08:18","guid":{"rendered":"https:\/\/blogfolhadocomercio.com.br\/wp\/?p=334064"},"modified":"2025-01-28T21:08:21","modified_gmt":"2025-01-29T00:08:21","slug":"opiniao-por-que-os-rituais-de-posse-presidencial-sao-tao-diferentes-no-brasil-e-nos-eua","status":"publish","type":"post","link":"https:\/\/blogfolhadocomercio.com.br\/wp\/2025\/01\/28\/opiniao-por-que-os-rituais-de-posse-presidencial-sao-tao-diferentes-no-brasil-e-nos-eua\/","title":{"rendered":"Opini\u00e3o\u00a0|\u00a0Por que os rituais de posse presidencial s\u00e3o t\u00e3o diferentes no Brasil e nos EUA?"},"content":{"rendered":"\n<p><strong>L\u00e1 e c\u00e1, os ritos de passagem, que atam uma pessoa ao papel social mais importante de uma na\u00e7\u00e3o, exibem concep\u00e7\u00f5es diferenciadas de poder e pol\u00edtica; entenda<\/strong><\/p>\n\n\n\n<p>As etapas que legitimam a investidura de um cidad\u00e3o como presidente s\u00e3o semelhantes nas democracias; h\u00e1 uma elei\u00e7\u00e3o e um eleito. Mas entre a vit\u00f3ria nas urnas, que termina um ciclo competitivo e agressivo, e o cargo de supremo magistrado da na\u00e7\u00e3o h\u00e1 diferen\u00e7as que a compara\u00e7\u00e3o dos seus aspectos expressivos ou simb\u00f3licos revela.<\/p>\n\n\n\n<p>Por que n\u00f3s, p\u00f3s-modernos guiados pela racionalidade tecnol\u00f3gica e implacabilidade dos mercados, investimos num processo ritual t\u00e3o elaborado para investir num candidato numa presid\u00eancia? Num regime aristocr\u00e1tico ou autocr\u00e1tico, n\u00e3o h\u00e1 disputas. Mas nas democracias a disputa requer pompa e circunst\u00e2ncia, ritual que, como estamos experimentando, n\u00e3o garante muita coisa.<\/p>\n\n\n\n<figure class=\"wp-block-image\"><img decoding=\"async\" src=\"https:\/\/www.estadao.com.br\/resizer\/v2\/INZ7OATQBFFOPJRWLE7GYJQLOE.jpg?quality=80&amp;auth=a3305824e3b5a3ed2c41467c79e9eb9596ed6bcfde2253d7b601b889a151ae2d&amp;width=380\" alt=\"Donald Trump fala durante a cerim\u00f4nia de posse, chamada de inaugura\u00e7\u00e3o nos EUA.\"\/><figcaption class=\"wp-element-caption\">Donald Trump fala durante a cerim\u00f4nia de posse, chamada de inaugura\u00e7\u00e3o nos EUA.&nbsp;<em>Foto:&nbsp;Chip Somodevilla\/AFP<\/em><\/figcaption><\/figure>\n\n\n\n<p>A \u201creinaugura\u00e7\u00e3o\u201d de Donald Trump mostra como nos EUA e no Brasil esses ritos de passagem, que atam uma pessoa ao papel social mais importante de uma na\u00e7\u00e3o, exibem concep\u00e7\u00f5es diferenciadas de poder e pol\u00edtica. Nos EUA, o rito se faz numa \u201cinaugura\u00e7\u00e3o\u201d; no Brasil, numa \u201cposse\u201d. Dir-se-ia que estamos procurando chifre em cabe\u00e7a de cavalo, mas o fato \u00e9 que \u201cposse\u201d remete a apropria\u00e7\u00e3o e \u201cinaugura\u00e7\u00e3o\u201d acende uma hist\u00f3ria. Algo com in\u00edcio, meio e fim at\u00e9 agora \u2013 advirto \u2013 indiscut\u00edvel. \u00c9 diferente da \u201cposse\u201d que sugere uma mesti\u00e7agem do cargo pela pessoa.<\/p>\n\n\n\n<p>No Brasil, a posse tem dois momentos. O primeiro no Congresso em que o eleito discursa e assina \u2013 o assinar ritual \u00e9 um \u00edndice de elitismo e de poder supremo, porque o Pa\u00eds ainda tem quem n\u00e3o saiba assinar o nome. No americano \u00e9 um gesto de arrog\u00e2ncia neofascista.<\/p>\n\n\n\n<p>No rito nacional, a segunda fase ocorre no Pal\u00e1cio do Planalto, quando o presidente \u201csobe\u201d a rampa e recebe a faixa presidencial do magistrado que deixa o cargo. H\u00e1, pois, um lado impessoal com \u00eanfase no jur\u00eddico-burocr\u00e1tico no Congresso; e um lado pessoal quando os presidentes se encontram, cumprimentam-se e, numa curiosa intimidade, trocam a faixa.<\/p>\n\n\n\n<p>A inaugura\u00e7\u00e3o americana tem um s\u00f3 ato: o juramento e o discurso-prega\u00e7\u00e3o. As aten\u00e7\u00f5es se voltam para o novo mandat\u00e1rio, e n\u00e3o h\u00e1 passagem de s\u00edmbolos de poder, numa sugest\u00e3o de um absolutismo impl\u00edcito da presid\u00eancia. O que, ali\u00e1s, testemunhamos com a inaugura\u00e7\u00e3o que Trump transforma em posse.<\/p>\n\n\n\n<p>Chama aten\u00e7\u00e3o que nos EUA o centro da solenidade seja um juramento de fidelidade \u00e0 Constitui\u00e7\u00e3o numa B\u00edblia e, no Brasil, o direito de ostentar uma faixa consagrada. No caso americano, a m\u00e3o direita sobre o livro sagrado insinua que o \u201cn\u00famero 1\u201d seja pastor e comandante em chefe ou, quem sabe, um caudilho. No caso brasileiro, a penetra\u00e7\u00e3o numa faixa que representa a Rep\u00fablica sugere uma apropria\u00e7\u00e3o f\u00edsica.<\/p>\n\n\n\n<p>Em 20 de janeiro, vimos Trump passando por um ritual c\u00edvico-religioso puritano, feito de palavras e promessas que ele est\u00e1 revolucionando. Uma Am\u00e9rica somente para americanos \u00e9 uma nega\u00e7\u00e3o da hist\u00f3ria e da \u00e9tica dos Estados Unidos.<\/p>\n\n\n\n<figure class=\"wp-block-image\"><img decoding=\"async\" src=\"https:\/\/www.estadao.com.br\/resizer\/v2\/https%3A%2F%2Fs3.amazonaws.com%2Farc-authors%2Festadao%2F32ab16b9-0eb8-4842-87a2-d7b0d698131d.png?quality=80&amp;auth=8b7a91d0ce825c06927fb936465f479ac257cd278d3bcbfb3d021fc634fe9158&amp;width=66&amp;height=66&amp;smart=true\" alt=\"Foto do autor\"\/><\/figure>\n\n\n\n<p><strong>Opini\u00e3o<\/strong>&nbsp;por&nbsp;Roberto DaMatta<\/p>\n\n\n\n<p><em>\u00c9 antrop\u00f3logo social, escritor e autor de &#8216;Fila e Democracia&#8217;<\/em>                                           <\/p>\n\n\n\n<p><strong>Por Estad\u00e3o<br><\/strong><\/p>\n","protected":false},"excerpt":{"rendered":"<p>L\u00e1 e c\u00e1, os ritos de passagem, que atam uma pessoa ao papel social mais importante de uma na\u00e7\u00e3o, exibem concep\u00e7\u00f5es diferenciadas de poder e pol\u00edtica; entenda As etapas que&hellip;<\/p>\n","protected":false},"author":1,"featured_media":334065,"comment_status":"closed","ping_status":"open","sticky":false,"template":"","format":"standard","meta":{"footnotes":""},"categories":[46,35],"tags":[],"class_list":["post-334064","post","type-post","status-publish","format-standard","has-post-thumbnail","hentry","category-mundo","category-politica"],"_links":{"self":[{"href":"https:\/\/blogfolhadocomercio.com.br\/wp\/wp-json\/wp\/v2\/posts\/334064","targetHints":{"allow":["GET"]}}],"collection":[{"href":"https:\/\/blogfolhadocomercio.com.br\/wp\/wp-json\/wp\/v2\/posts"}],"about":[{"href":"https:\/\/blogfolhadocomercio.com.br\/wp\/wp-json\/wp\/v2\/types\/post"}],"author":[{"embeddable":true,"href":"https:\/\/blogfolhadocomercio.com.br\/wp\/wp-json\/wp\/v2\/users\/1"}],"replies":[{"embeddable":true,"href":"https:\/\/blogfolhadocomercio.com.br\/wp\/wp-json\/wp\/v2\/comments?post=334064"}],"version-history":[{"count":1,"href":"https:\/\/blogfolhadocomercio.com.br\/wp\/wp-json\/wp\/v2\/posts\/334064\/revisions"}],"predecessor-version":[{"id":334066,"href":"https:\/\/blogfolhadocomercio.com.br\/wp\/wp-json\/wp\/v2\/posts\/334064\/revisions\/334066"}],"wp:featuredmedia":[{"embeddable":true,"href":"https:\/\/blogfolhadocomercio.com.br\/wp\/wp-json\/wp\/v2\/media\/334065"}],"wp:attachment":[{"href":"https:\/\/blogfolhadocomercio.com.br\/wp\/wp-json\/wp\/v2\/media?parent=334064"}],"wp:term":[{"taxonomy":"category","embeddable":true,"href":"https:\/\/blogfolhadocomercio.com.br\/wp\/wp-json\/wp\/v2\/categories?post=334064"},{"taxonomy":"post_tag","embeddable":true,"href":"https:\/\/blogfolhadocomercio.com.br\/wp\/wp-json\/wp\/v2\/tags?post=334064"}],"curies":[{"name":"wp","href":"https:\/\/api.w.org\/{rel}","templated":true}]}}