{"id":333834,"date":"2025-01-27T10:18:07","date_gmt":"2025-01-27T13:18:07","guid":{"rendered":"https:\/\/blogfolhadocomercio.com.br\/wp\/?p=333834"},"modified":"2025-01-27T10:18:10","modified_gmt":"2025-01-27T13:18:10","slug":"brasileiro-condenado-por-homicidio-esta-na-lista-de-imigrantes-presos-divulgada-pela-casa-branca","status":"publish","type":"post","link":"https:\/\/blogfolhadocomercio.com.br\/wp\/2025\/01\/27\/brasileiro-condenado-por-homicidio-esta-na-lista-de-imigrantes-presos-divulgada-pela-casa-branca\/","title":{"rendered":"Brasileiro condenado por homic\u00eddio est\u00e1 na lista de imigrantes presos divulgada pela Casa Branca"},"content":{"rendered":"\n<p><strong>Condenado por homic\u00eddio culposo, Vitor de Sousa Lima foi detido pelo servi\u00e7o de Imigra\u00e7\u00e3o e Alf\u00e2ndega dos EUA no \u00faltimo s\u00e1bado, 25. Al\u00e9m dele, outros oito homens, \u201calguns dos piores\u201d, segundo a Casa Branca, tamb\u00e9m foram presos<\/strong><\/p>\n\n\n\n<p>Um&nbsp;<strong>brasileiro condenado por homic\u00eddio culposo&nbsp;<\/strong>foi&nbsp;<strong>preso&nbsp;<\/strong>na cidade de&nbsp;<a href=\"https:\/\/www.estadao.com.br\/tudo-sobre\/boston-estados-unidos\/\" target=\"_blank\" rel=\"noreferrer noopener\"><strong>Boston<\/strong><\/a>,&nbsp;<a href=\"https:\/\/www.estadao.com.br\/tudo-sobre\/massachusetts-estados-unidos\/\" target=\"_blank\" rel=\"noreferrer noopener\"><strong>Massachusetts<\/strong><\/a>, pelo servi\u00e7o de&nbsp;<strong>Imigra\u00e7\u00e3o e Alf\u00e2ndega dos Estados Unidos (ICE)<\/strong>. A informa\u00e7\u00e3o foi divulgada neste domingo, 26, atrav\u00e9s dos perfis oficiais da&nbsp;<a href=\"https:\/\/www.estadao.com.br\/tudo-sobre\/casa-branca-estados-unidos\/\" target=\"_blank\" rel=\"noreferrer noopener\"><strong>Casa Branca<\/strong><\/a>&nbsp;nas redes sociais.<\/p>\n\n\n\n<p><strong>Vitor de Sousa Lima foi detido no \u00faltimo s\u00e1bado, 25<\/strong>. O governo americano divulgou o nome, foto e nacionalidade de Vitor e de&nbsp;<strong>outros oito homens<\/strong>&nbsp;presos entre os dias 24 e 25.&nbsp;<strong>Eles s\u00e3o \u201calguns dos piores\u201d<\/strong>, como descreveu a Casa Branca, dando a entender que mais de nove foram detidos.<\/p>\n\n\n\n<figure class=\"wp-block-image\"><img decoding=\"async\" src=\"https:\/\/www.estadao.com.br\/resizer\/v2\/BBJJ2OVSFJAEJOMTOY5C33W7BM.jpg?quality=80&amp;auth=bf41685243b85a715684e7e94dcc53b6d9deec6e6b82e6155f2eeb599313188a&amp;width=380\" alt=\"Vitor de Sousa Lima em cartaz divulgado pela Casa Branca.\"\/><figcaption class=\"wp-element-caption\">Vitor de Sousa Lima em cartaz divulgado pela Casa Branca.&nbsp;<em>Foto:&nbsp;Reprodu\u00e7\u00e3o\/Casa Branca<\/em><\/figcaption><\/figure>\n\n\n\n<p>Eles s\u00e3o&nbsp;<strong>\u201cde estupradores de crian\u00e7as a suspeitos de terrorismo do Estado Isl\u00e2mico\u201d<\/strong>, segundo o comunicado.<\/p>\n\n\n\n<p>Dos divulgados, foram presos tr\u00eas mexicanos e dois hondurenhos, al\u00e9m de outros quatro cidad\u00e3os da Jord\u00e2nia, El Salvador e Eti\u00f3pia.<\/p>\n\n\n\n<p>Sobre as pris\u00f5es, o&nbsp;<a href=\"https:\/\/www.estadao.com.br\/tudo-sobre\/donald-trump\/\" target=\"_blank\" rel=\"noreferrer noopener\"><strong>presidente Donald Trump<\/strong><\/a>&nbsp;declarou que n\u00e3o t\u00eam \u201cresponsabilidade maior do que defender nosso pa\u00eds de amea\u00e7as e invas\u00f5es, e \u00e9 exatamente isso que farei. Faremos isso em um n\u00edvel que ningu\u00e9m jamais viu antes\u201d.<\/p>\n\n\n\n<p>Trump completou o pronunciamento dizendo que \u201cpromessas feitas\u201d s\u00e3o \u201cpromessas cumpridas\u201d, em refer\u00eancia aos seus momentos de campanha em 2024.<\/p>\n\n\n\n<p><strong>Por Estad\u00e3o<\/strong><\/p>\n\n\n\n<p><strong><br><\/strong><\/p>\n","protected":false},"excerpt":{"rendered":"<p>Condenado por homic\u00eddio culposo, Vitor de Sousa Lima foi detido pelo servi\u00e7o de Imigra\u00e7\u00e3o e Alf\u00e2ndega dos EUA no \u00faltimo s\u00e1bado, 25. Al\u00e9m dele, outros oito homens, \u201calguns dos piores\u201d,&hellip;<\/p>\n","protected":false},"author":1,"featured_media":333835,"comment_status":"closed","ping_status":"open","sticky":false,"template":"","format":"standard","meta":{"footnotes":""},"categories":[54,46,42],"tags":[],"class_list":["post-333834","post","type-post","status-publish","format-standard","has-post-thumbnail","hentry","category-crime","category-mundo","category-ultimas"],"_links":{"self":[{"href":"https:\/\/blogfolhadocomercio.com.br\/wp\/wp-json\/wp\/v2\/posts\/333834","targetHints":{"allow":["GET"]}}],"collection":[{"href":"https:\/\/blogfolhadocomercio.com.br\/wp\/wp-json\/wp\/v2\/posts"}],"about":[{"href":"https:\/\/blogfolhadocomercio.com.br\/wp\/wp-json\/wp\/v2\/types\/post"}],"author":[{"embeddable":true,"href":"https:\/\/blogfolhadocomercio.com.br\/wp\/wp-json\/wp\/v2\/users\/1"}],"replies":[{"embeddable":true,"href":"https:\/\/blogfolhadocomercio.com.br\/wp\/wp-json\/wp\/v2\/comments?post=333834"}],"version-history":[{"count":1,"href":"https:\/\/blogfolhadocomercio.com.br\/wp\/wp-json\/wp\/v2\/posts\/333834\/revisions"}],"predecessor-version":[{"id":333836,"href":"https:\/\/blogfolhadocomercio.com.br\/wp\/wp-json\/wp\/v2\/posts\/333834\/revisions\/333836"}],"wp:featuredmedia":[{"embeddable":true,"href":"https:\/\/blogfolhadocomercio.com.br\/wp\/wp-json\/wp\/v2\/media\/333835"}],"wp:attachment":[{"href":"https:\/\/blogfolhadocomercio.com.br\/wp\/wp-json\/wp\/v2\/media?parent=333834"}],"wp:term":[{"taxonomy":"category","embeddable":true,"href":"https:\/\/blogfolhadocomercio.com.br\/wp\/wp-json\/wp\/v2\/categories?post=333834"},{"taxonomy":"post_tag","embeddable":true,"href":"https:\/\/blogfolhadocomercio.com.br\/wp\/wp-json\/wp\/v2\/tags?post=333834"}],"curies":[{"name":"wp","href":"https:\/\/api.w.org\/{rel}","templated":true}]}}