{"id":333781,"date":"2025-01-26T14:53:03","date_gmt":"2025-01-26T17:53:03","guid":{"rendered":"https:\/\/blogfolhadocomercio.com.br\/wp\/2025\/01\/26\/vereadores-de-uirapuru-boicotaram-votacao-da-nova-mesa-diretora-diz-presidente\/"},"modified":"2025-01-26T14:53:05","modified_gmt":"2025-01-26T17:53:05","slug":"vereadores-de-uirapuru-boicotaram-votacao-da-nova-mesa-diretora-diz-presidente","status":"publish","type":"post","link":"https:\/\/blogfolhadocomercio.com.br\/wp\/2025\/01\/26\/vereadores-de-uirapuru-boicotaram-votacao-da-nova-mesa-diretora-diz-presidente\/","title":{"rendered":"Vereadores de Uirapuru boicotaram vota\u00e7\u00e3o da nova mesa diretora, diz presidente"},"content":{"rendered":"<p> <br \/>\n<\/p>\n<div id=\"\">\n<p>\n              <strong>SITUA\u00c7\u00c3O CONTINUA<\/strong><br \/>\n              <!-- <small><\/small> -->\n            <\/p>\n<h2 class=\"entry-subtitle\" itemprop=\"description\">Grupo opositor afirma que regimento n\u00e3o foi respeitado, pois convoca\u00e7\u00e3o n\u00e3o ocorreu com tr\u00eas dias de anteced\u00eancia<\/h2>\n<div class=\"entry-date\">\n<p>\n                <time datetime=\"2025-01-26T13:42:52-03:00\">Publicado em: 26\/01\/2025 13:42<\/time><\/p>\n<p>                                    <time datetime=\"2025-01-26T13:54:12-03:00\">\u00daltima atualiza\u00e7\u00e3o: 26\/01\/2025 13:54<\/time>\n                              <\/p>\n<\/p><\/div>\n<div class=\"responsive-img\">\n                <picture itemscope=\"\" itemtype=\"https:\/\/schema.org\/ImageObject\">\n<\/picture>\n<p>\n                  <small>Vereadores de Uirapuru boicotaram vota\u00e7\u00e3o da nova mesa diretora, diz presidente (Foto: C\u00e2mara de Uirapuru)<\/small>                <\/p>\n<\/p><\/div>\n<\/p><\/div>\n<div>\n<p>O presidente da C\u00e2mara de Uirapuru, Wesley Barbosa Leopoldino, disse ao <strong>Mais Goi\u00e1s<\/strong> que, apesar da presen\u00e7a dos 9 vereadores, n\u00e3o houve vota\u00e7\u00e3o da mesa diretora no s\u00e1bado (25), conforme a determina\u00e7\u00e3o da Justi\u00e7a. Com isso, ele marcou novo pleito para este domingo (26), \u00e0s 18h.<\/p>\n<p>\u201cOrganizamos a elei\u00e7\u00e3o, seguindo o rito do regimento interno, conforme decis\u00e3o da Justi\u00e7a, mas eles descumpriram e n\u00e3o votaram\u201d, diz Wesley, que continua presidente. \u201cRegistrou-se a presen\u00e7a de todos, mas se recusaram. Eu cumpri o que o juiz mandou com total transpar\u00eancia\u201d, afirma. J\u00e1 os vereadores que n\u00e3o votaram rebatem e dizem que o regimento n\u00e3o foi cumprido adequadamente.<\/p>\n<p>S\u00e1bado era o \u00faltimo dia para o pleito concedido pela Justi\u00e7a, sob pena de multa di\u00e1ria de R$ 5 mil. A\u00a0<a href=\"https:\/\/www.tjgo.jus.br\/\" target=\"_blank\" rel=\"noreferrer noopener\">decis\u00e3o<\/a>\u00a0do judici\u00e1rio ocorreu ap\u00f3s o desembargador Jeronymo Pedro Villas negar recurso de Wesley, na \u00faltima semana, e manter o entendimento do juiz Joviano Carneiro Neto.<\/p>\n<p>A nova elei\u00e7\u00e3o foi determinada ap\u00f3s cinco dos nove vereadores do munic\u00edpio (Emerson Fran\u00e7a, Joaci da Rocha Afonso, Romilton Pedro de Oliveira, Giovanni da Silva Cabral e Ailton Alves de Paula) denunciarem fraude na escolha de Wesley como presidente. \u00c0 \u00e9poca, o juiz Joviano disse: \u201cEvidencia-se a probabilidade do direito vindicado no caso em tela, uma vez que a documenta\u00e7\u00e3o apresentada pelos impetrantes, assim como suas alega\u00e7\u00f5es, se mostram plaus\u00edveis e possuem fundamento relevante a ensejar o acolhimento da tutela de urg\u00eancia pleiteada.\u201d<\/p>\n<p>Na sexta-feira (24), o presidente da C\u00e2mara enviou ao <strong>Mais Goi\u00e1s<\/strong> o edital de convoca\u00e7\u00e3o para a elei\u00e7\u00e3o de s\u00e1bado, que n\u00e3o ocorreu. O grupo de cinco vereadores da oposi\u00e7\u00e3o a Wesley afirma que a determina\u00e7\u00e3o continua sendo descumprida, pois n\u00e3o houve respeito aos tr\u00eas dias de convoca\u00e7\u00e3o, conforme artigo 63 do regimento interno. \u201cJ\u00e1 formalizamos nossa manifesta\u00e7\u00e3o que essa convoca\u00e7\u00e3o [para este domingo] \u00e9 ilegal.\u201d O quinteto convocou outra sess\u00e3o extraordin\u00e1ria para o pr\u00f3ximo dia 30.<\/p>\n<p>Wesley, ent\u00e3o, refor\u00e7a se tratar de sess\u00e3o de natureza especial por se tratar de decis\u00e3o judicial, e n\u00e3o extraordin\u00e1ria. <\/p>\n<footer>\n<\/footer><\/div>\n<p><br \/>\n<br \/><a href=\"https:\/\/www.maisgoias.com.br\/politica\/vereadores-de-uirapuru-boicotaram-votacao-da-nova-mesa-diretora-diz-presidente\/\">Fonte https:\/\/www.maisgoias.com.br\/politica\/vereadores-de-uirapuru-boicotaram-votacao-da-nova-mesa-diretora-diz-presidente\/<\/a><\/p>\n","protected":false},"excerpt":{"rendered":"<p>SITUA\u00c7\u00c3O CONTINUA Grupo opositor afirma que regimento n\u00e3o foi respeitado, pois convoca\u00e7\u00e3o n\u00e3o ocorreu com tr\u00eas dias de anteced\u00eancia Publicado em: 26\/01\/2025 13:42 \u00daltima atualiza\u00e7\u00e3o: 26\/01\/2025 13:54 Vereadores de Uirapuru&hellip;<\/p>\n","protected":false},"author":1,"featured_media":333782,"comment_status":"closed","ping_status":"open","sticky":false,"template":"","format":"standard","meta":{"footnotes":""},"categories":[42],"tags":[],"class_list":["post-333781","post","type-post","status-publish","format-standard","has-post-thumbnail","hentry","category-ultimas"],"_links":{"self":[{"href":"https:\/\/blogfolhadocomercio.com.br\/wp\/wp-json\/wp\/v2\/posts\/333781","targetHints":{"allow":["GET"]}}],"collection":[{"href":"https:\/\/blogfolhadocomercio.com.br\/wp\/wp-json\/wp\/v2\/posts"}],"about":[{"href":"https:\/\/blogfolhadocomercio.com.br\/wp\/wp-json\/wp\/v2\/types\/post"}],"author":[{"embeddable":true,"href":"https:\/\/blogfolhadocomercio.com.br\/wp\/wp-json\/wp\/v2\/users\/1"}],"replies":[{"embeddable":true,"href":"https:\/\/blogfolhadocomercio.com.br\/wp\/wp-json\/wp\/v2\/comments?post=333781"}],"version-history":[{"count":1,"href":"https:\/\/blogfolhadocomercio.com.br\/wp\/wp-json\/wp\/v2\/posts\/333781\/revisions"}],"predecessor-version":[{"id":333783,"href":"https:\/\/blogfolhadocomercio.com.br\/wp\/wp-json\/wp\/v2\/posts\/333781\/revisions\/333783"}],"wp:featuredmedia":[{"embeddable":true,"href":"https:\/\/blogfolhadocomercio.com.br\/wp\/wp-json\/wp\/v2\/media\/333782"}],"wp:attachment":[{"href":"https:\/\/blogfolhadocomercio.com.br\/wp\/wp-json\/wp\/v2\/media?parent=333781"}],"wp:term":[{"taxonomy":"category","embeddable":true,"href":"https:\/\/blogfolhadocomercio.com.br\/wp\/wp-json\/wp\/v2\/categories?post=333781"},{"taxonomy":"post_tag","embeddable":true,"href":"https:\/\/blogfolhadocomercio.com.br\/wp\/wp-json\/wp\/v2\/tags?post=333781"}],"curies":[{"name":"wp","href":"https:\/\/api.w.org\/{rel}","templated":true}]}}