{"id":333641,"date":"2025-01-23T17:43:12","date_gmt":"2025-01-23T20:43:12","guid":{"rendered":"https:\/\/blogfolhadocomercio.com.br\/wp\/?p=333641"},"modified":"2025-01-23T17:43:14","modified_gmt":"2025-01-23T20:43:14","slug":"nikolas-nao-declarou-voto-na-taxacao-das-blusinhas-ao-contrario-do-que-indica-video-de-erika-hilton","status":"publish","type":"post","link":"https:\/\/blogfolhadocomercio.com.br\/wp\/2025\/01\/23\/nikolas-nao-declarou-voto-na-taxacao-das-blusinhas-ao-contrario-do-que-indica-video-de-erika-hilton\/","title":{"rendered":"Nikolas n\u00e3o declarou voto na taxa\u00e7\u00e3o das blusinhas, ao contr\u00e1rio do que indica v\u00eddeo de Erika Hilton"},"content":{"rendered":"\n<p><strong>Publica\u00e7\u00e3o da deputada mostra parlamentares que aprovaram emendas do Senado a projeto de lei; procurada, Erika disse que, se Nikolas n\u00e3o declarou voto contra a taxa\u00e7\u00e3o, \u00e9 porque foi a favor<\/strong><\/p>\n\n\n\n<p><strong>O que est\u00e3o compartilhando:\u00a0<\/strong>v\u00eddeo em que a deputada federal\u00a0<a href=\"https:\/\/www.estadao.com.br\/tudo-sobre\/erika-hilton\/?srsltid=AfmBOor1c6ThcaBoNW1V9lW0Y53bU4nNQQn2ErXsGXgYDnWw7bRVTS4E\" target=\"_blank\" rel=\"noreferrer noopener\">Erika Hilton<\/a>\u00a0(PSOL-SP) afirma que deputados que espalharam desinforma\u00e7\u00e3o nas redes sociais sobre a taxa\u00e7\u00e3o do Pix, como\u00a0<a href=\"https:\/\/www.estadao.com.br\/estadao-verifica\/video-nikolas-ferreira-pix-receita-federal-enganoso\/\" target=\"_blank\" rel=\"noreferrer noopener\">Nikolas Ferreira<\/a>\u00a0(PL-MG), votaram na C\u00e2mara a favor da \u201ctaxa\u00e7\u00e3o das blusinhas\u201d.<\/p>\n\n\n\n<p><strong>O Estad\u00e3o Verifica investigou e concluiu que:&nbsp;<\/strong>\u00e9 enganoso. A vota\u00e7\u00e3o da \u201ctaxa\u00e7\u00e3o das blusinhas\u201d na C\u00e2mara foi simb\u00f3lica e n\u00e3o foi gerada uma lista de como votou cada parlamentar. Nikolas n\u00e3o declarou seu voto. A cria\u00e7\u00e3o da taxa foi inclu\u00edda como \u201cjabuti\u201d dentro do projeto de lei que criou o Programa Mobilidade Verde e Inova\u00e7\u00e3o (Mover). A lista de votos que \u00e9 mostrada no v\u00eddeo de Erika, que inclui Nikolas e outros deputados do PL, \u00e9 referente \u00e0s emendas feitas pelo Senado desse projeto. Nessa lista, Erika tamb\u00e9m aparece como tendo votado a favor.<\/p>\n\n\n\n<p>O&nbsp;<em>Verifica<\/em>&nbsp;procurou Erika, que se manifestou atrav\u00e9s de sua equipe: \u201cDa mesma maneira como o deputado Nikolas cita a taxa\u00e7\u00e3o das blusinhas no v\u00eddeo dele, a deputada Erika cita em cima de um fato concreto: a vota\u00e7\u00e3o, apesar de ser simb\u00f3lica, d\u00e1 o direito a qualquer parlamentar, partido, bancada ou bloco orientar, manifestar e registrar o voto contra. Se ele n\u00e3o o faz, vota a favor\u201d.<\/p>\n\n\n\n<p>O&nbsp;<em>Verifica<\/em>&nbsp;questionou Nikolas para saber o posicionamento dele sobre a taxa\u00e7\u00e3o. Ele n\u00e3o respondeu.<\/p>\n\n\n\n<figure class=\"wp-block-image\"><img decoding=\"async\" src=\"https:\/\/www.estadao.com.br\/resizer\/v2\/2ZXCWGMRDRCPHHLOEJWTEUECL4.png?quality=80&amp;auth=050e888a47789ee56b309c9e45de3b4cd4f1d8c93a225a124a79188dfc23801d&amp;width=380\" alt=\"\"\/><figcaption class=\"wp-element-caption\"><em>Foto:&nbsp;Reprodu\u00e7\u00e3o\/<\/em><\/figcaption><\/figure>\n\n\n\n<p><strong>Saiba mais:<\/strong>&nbsp;O v\u00eddeo de Erika foi feito em contraposi\u00e7\u00e3o a outro conte\u00fado de Nikolas, cujas alega\u00e7\u00f5es sobre a taxa\u00e7\u00e3o do Pix, o sigilo das transa\u00e7\u00f5es banc\u00e1rias e o Imposto de Renda para Microempreendedores Individuais (MEIs)&nbsp;<a href=\"https:\/\/www.estadao.com.br\/estadao-verifica\/video-nikolas-ferreira-pix-receita-federal-enganoso\/\">foram checadas<\/a>&nbsp;pelo&nbsp;<em>Verifica<\/em>.<\/p>\n\n\n\n<p>No v\u00eddeo, ao criticar os deputados que teriam votado pela taxa\u00e7\u00e3o das blusinhas, Erika exibe uma lista publicada pelo site Poder 360 \u2013 o nome de Nikolas Ferreira aparece no topo, tendo votado \u201csim\u201d. No entanto, aquela lista mostra a vota\u00e7\u00e3o na C\u00e2mara apenas das emendas propostas pelo Senado ao projeto de lei do Mover, que j\u00e1 tinha sido aprovado pelos deputados.<\/p>\n\n\n\n<p>A taxa\u00e7\u00e3o das compras no exterior de at\u00e9 US$ 50, que ficou conhecida como taxa\u00e7\u00e3o das blusinhas, foi um \u201cjabuti\u201d \u2013 um artigo sem qualquer rela\u00e7\u00e3o com o tema de um projeto \u2013 inserido no texto do Programa Mover pelo relator, deputado \u00c1tila Lira (PP-PI).<\/p>\n\n\n\n<p>Apesar de ter gerado pol\u00eamica e discuss\u00e3o nas duas Casas, a taxa foi aprovada junto com o Programa Mover. No entanto, n\u00e3o \u00e9 poss\u00edvel afirmar que os deputados que aprovaram o projeto de lei tamb\u00e9m foram a favor da taxa\u00e7\u00e3o das blusinhas, porque&nbsp;<a href=\"https:\/\/www.estadao.com.br\/economia\/por-que-taxacao-compras-internacionais-aprovas-sem-registro\/\">a vota\u00e7\u00e3o da taxa ocorreu de forma simb\u00f3lica \u2013 quando n\u00e3o \u00e9 gerada uma lista de como votou cada parlamentar<\/a>.<\/p>\n\n\n\n<p>Nestes casos, apesar de n\u00e3o ser obrigat\u00f3rio, os deputados podem fazer o registro eletr\u00f4nico de seus votos, declarando seus posicionamentos. Na ocasi\u00e3o,&nbsp;<a href=\"https:\/\/www2.camara.leg.br\/atividade-legislativa\/plenario\/chamadaExterna.html?link=http:\/\/www.camara.gov.br\/internet\/votacao\/mostraVotacao.asp?ideVotacao=12220\">22 deputados optaram por declarar seus votos contr\u00e1rios ao projeto<\/a>: oito do PL, sete do Uni\u00e3o Brasil, tr\u00eas do Republicanos, dois do PSD, um do PP e um do MDB. Nikolas Ferreira n\u00e3o est\u00e1 entre os que declararam voto contr\u00e1rio.<\/p>\n\n\n\n<p>O projeto que criou o Programa Mover, chamado&nbsp;<a href=\"https:\/\/www.camara.leg.br\/proposicoesWeb\/fichadetramitacao?idProposicao=2422697\">PL 914\/2024<\/a>, foi enviado pelo Executivo \u00e0 C\u00e2mara dos Deputados em mar\u00e7o de 2024 e tinha rela\u00e7\u00e3o com incentivo \u00e0 ind\u00fastria automotiva.<\/p>\n\n\n\n<p>Depois, o projeto ganhou um artigo instituindo a taxa\u00e7\u00e3o de 20% para compras de at\u00e9 US$ 50 e de 60% para aquelas entre US$ 50,01 e US$ 3 mil. Na pr\u00e1tica, o dispositivo taxava compras de at\u00e9 US$ 50 feitas em sites estrangeiros, como Shopee e Shein, por exemplo. A taxa\u00e7\u00e3o foi sancionada pelo presidente Lula e virou lei,&nbsp;<a href=\"https:\/\/www.estadao.com.br\/economia\/taxa-blusinhas-comeca-neste-sabado-e-commerce-saiba-por-que-qual-motivo-entenda-nprei\/?srsltid=AfmBOoqC9yHdwLi9oqSxIDGLsTe-fFhYm7Hg1ROvOJIKxDQ1vlI7Nt46\">em vigor desde 1\u00ba de agosto do ano passado<\/a>.<\/p>\n\n\n\n<h3 class=\"wp-block-heading\" id=\"e-possivel-saber-quem-votou-a-favor-e-contra-a-taxacao-das-blusinhas\">\u00c9 poss\u00edvel saber quem votou a favor e contra a taxa\u00e7\u00e3o das blusinhas?<\/h3>\n\n\n\n<p>N\u00e3o necessariamente. A C\u00e2mara aprovou o texto incluindo o jabuti duas vezes. Primeiro, em 28 de maio do ano passado, foi aprovado o&nbsp;<a href=\"https:\/\/www.camara.leg.br\/proposicoesWeb\/prop_mostrarintegra?codteor=2438890&amp;filename=Tramitacao-PL%20914\/2024\" target=\"_blank\" rel=\"noreferrer noopener\">substitutivo apresentado pelo deputado federal \u00c1tila Lira<\/a>, relator da mat\u00e9ria. No&nbsp;<a href=\"https:\/\/www.camara.leg.br\/proposicoesWeb\/prop_mostrarintegra?codteor=2398197&amp;filename=Tramitacao-PL%20914\/2024\">texto original<\/a>, assinado pelo vice-presidente Geraldo Alckmin e pelos ministros Fernando Haddad, da Fazenda, e Luciana Santos, da Ci\u00eancia, Tecnologia e Inova\u00e7\u00f5es, n\u00e3o havia qualquer men\u00e7\u00e3o a taxar compras do exterior de at\u00e9 US$ 50.<\/p>\n\n\n\n<p>O deputado, contudo, incluiu um jabuti no texto no artigo 32, estabelecendo uma taxa\u00e7\u00e3o de 20% sobre compras de at\u00e9 US$ 50 e de 60% para aquelas de R$ 50,01 a R$ 3 mil. Houve discuss\u00e3o em torno da proposta, que poderia afetar a popularidade do governo. Como publicou o&nbsp;<strong>Estad\u00e3o<\/strong>, esta foi uma das raz\u00f5es pelas quais a vota\u00e7\u00e3o, neste primeiro momento,&nbsp;<a href=\"https:\/\/www.estadao.com.br\/economia\/por-que-taxacao-compras-internacionais-aprovas-sem-registro\/\">foi apenas simb\u00f3lica<\/a>, sem gerar uma lista mostrando como cada parlamentar votou.<\/p>\n\n\n\n<p>Mesmo assim, 22 deputados optaram por apresentar declara\u00e7\u00f5es de voto, todos eles contr\u00e1rios \u00e0 mat\u00e9ria. Alguns n\u00e3o explicaram o motivo da rejei\u00e7\u00e3o, enquanto outros disseram votar contra o texto substitutivo e outros deixaram claro que eram contra a taxa\u00e7\u00e3o das compras de at\u00e9 US$ 50. Foram eles:<\/p>\n\n\n\n<ul class=\"wp-block-list\">\n<li>Rodrigo Valadares (Uni\u00e3o-SE) \u2013 disse apenas ter votado contra<\/li>\n\n\n\n<li>Carlos Sampaio (PSD-SP) \u2013 disse que votou contra o substitutivo por causa dos jabutis, incluindo a taxa\u00e7\u00e3o das compras no exterior<\/li>\n\n\n\n<li>Silvia Wai\u00e3pi (PL-AP) \u2013 disse que votou contra o substitutivo<\/li>\n\n\n\n<li>Rosana Valle (PL-SP) \u2013 disse que votou contra por causa da taxa\u00e7\u00e3o das compras no exterior<\/li>\n\n\n\n<li>Delegado Ramagem (PL-RJ) \u2013 disse apenas ter votado contra<\/li>\n\n\n\n<li>Douglas Viegas (Uni\u00e3o-SP) \u2013 disse que votou contra por causa da taxa\u00e7\u00e3o das compras no exterior<\/li>\n\n\n\n<li>Roberto Duarte (Republicanos-AC) \u2013 disse que votou contra o substitutivo por causa dos jabutis, incluindo a taxa\u00e7\u00e3o das compras no exterior<\/li>\n\n\n\n<li>Silvye Alves (Uni\u00e3o-GO) \u2013 disse que votou contra por causa da taxa\u00e7\u00e3o das compras no exterior<\/li>\n\n\n\n<li>Dayany Bittencourt (Uni\u00e3o-CE) \u2013 disse apenas ter votado contra<\/li>\n\n\n\n<li>Ricardo Silva (PSD-SP) \u2013 disse apenas ter votado contra<\/li>\n\n\n\n<li>Ulisses Guimar\u00e3es (MDB-MG) \u2013 disse que votou contra por causa da taxa\u00e7\u00e3o das compras no exterior<\/li>\n\n\n\n<li>Thiago Flores (Republicanos-GO) \u2013 disse que votou contra por causa da taxa\u00e7\u00e3o das compras no exterior<\/li>\n\n\n\n<li>Messias Donato (Republicanos-ES) \u2013 disse que votou contra o substitutivo<\/li>\n\n\n\n<li>Luiz Philippe de Orleans e Bragan\u00e7a (PL-SP) \u2013 disse que votou contra o substitutivo<\/li>\n\n\n\n<li>Gustavo Gayer (PL-GO) \u2013 disse que votou contra o substitutivo<\/li>\n\n\n\n<li>Gerlen Diniz (PP-AC) \u2013 disse que votou contra por causa da taxa\u00e7\u00e3o das compras no exterior<\/li>\n\n\n\n<li>Junio Amaral (PL-MG) \u2013 disse que votou contra por causa da taxa\u00e7\u00e3o das compras no exterior<\/li>\n\n\n\n<li>Pastor Eurico (PL-PE) \u2013 disse que votou contra por causa da taxa\u00e7\u00e3o das compras no exterior<\/li>\n\n\n\n<li>Coronel Ulisses (Uni\u00e3o-AC) \u2013 disse que votou contra por causa da taxa\u00e7\u00e3o das compras no exterior<\/li>\n\n\n\n<li>Andr\u00e9 Fernandes (PL-CE) \u2013 disse apenas ter votado contra<\/li>\n\n\n\n<li>Dr. Fernando M\u00e1ximo (Uni\u00e3o-RO) \u2013 disse que votou contra o substitutivo<\/li>\n\n\n\n<li>Eduardo Velloso (Uni\u00e3o-AC) \u2013 disse que votou contra por causa da taxa\u00e7\u00e3o das compras no exterior<\/li>\n<\/ul>\n\n\n\n<h3 class=\"wp-block-heading\" id=\"relator-no-senado-tentou-tirar-jabuti-sem-sucesso\">Relator no Senado tentou tirar jabuti, sem sucesso<\/h3>\n\n\n\n<p>O texto aprovado na C\u00e2mara foi, ent\u00e3o, enviado para discuss\u00e3o e vota\u00e7\u00e3o no Senado. L\u00e1, o relator foi o senador Rodrigo Cunha (Podemos-AL), que&nbsp;<a href=\"https:\/\/www.estadao.com.br\/economia\/relator-retira-taxacao-blusinhas-mover-senado\/?srsltid=AfmBOorM--JI7xY-IvbUCscLng0UKYnLAb0uI9VzM_r0EcHWTLPrQp0i\">retirou a taxa\u00e7\u00e3o das blusinhas do texto e reabriu a discuss\u00e3o sobre o projeto<\/a>.<\/p>\n\n\n\n<p>Mas, empres\u00e1rios brasileiros argumentaram que a n\u00e3o taxa\u00e7\u00e3o das compras do exterior representava uma concorr\u00eancia desleal com os produtos do Brasil e o projeto acabou sendo aprovado tamb\u00e9m no Senado e tamb\u00e9m em vota\u00e7\u00e3o simb\u00f3lica.<\/p>\n\n\n\n<p>Na p\u00e1gina de tramita\u00e7\u00e3o da mat\u00e9ria, \u00e9 poss\u00edvel ver a&nbsp;<a href=\"https:\/\/www25.senado.leg.br\/web\/atividade\/materias\/-\/materia\/163889\/votacoes#votacao_6836\">vota\u00e7\u00e3o nominal apenas para o projeto como um todo<\/a>, n\u00e3o para os destaques.<\/p>\n\n\n\n<h3 class=\"wp-block-heading\" id=\"de-volta-a-camara-programa-mover-foi-aprovado-com-taxacao-por-380-votos\">De volta \u00e0 C\u00e2mara, Programa Mover foi aprovado com taxa\u00e7\u00e3o por 380 votos<\/h3>\n\n\n\n<p>Depois da aprova\u00e7\u00e3o no Senado, o texto, com emendas, foi enviado de volta \u00e0 C\u00e2mara. Apesar das mudan\u00e7as, a taxa\u00e7\u00e3o das blusinhas permaneceu no texto, que foi submetido, desta vez, \u00e0 vota\u00e7\u00e3o nominal. A lista exibida no v\u00eddeo da deputada Erika Hilton \u00e9 deste momento, quando os deputados precisaram votar pela aprova\u00e7\u00e3o ou rejei\u00e7\u00e3o das&nbsp;<a href=\"https:\/\/www25.senado.leg.br\/web\/atividade\/materias\/-\/materia\/163889\">emendas feitas pelo Senado<\/a>.<\/p>\n\n\n\n<p>Neste momento, o texto do projeto de lei devolvido pelos senadores foi aprovado por 3<a href=\"https:\/\/www2.camara.leg.br\/atividade-legislativa\/plenario\/chamadaExterna.html?link=http:\/\/www.camara.gov.br\/internet\/votacao\/mostraVotacao.asp?ideVotacao=12220\">80 votos favor\u00e1veis e 26 contr\u00e1rios dos deputados presentes<\/a>&nbsp;na sess\u00e3o deliberativa do dia 11 de junho do ano passado. A orienta\u00e7\u00e3o tanto do governo quanto da oposi\u00e7\u00e3o foi pela aprova\u00e7\u00e3o do texto, que virou lei em 27 de junho do ano passado.<\/p>\n\n\n\n<p>Dos 12 deputados do PSOL presentes na sess\u00e3o, todos votaram pela aprova\u00e7\u00e3o das emendas do Senado; dos 84 do PL, 11 votaram pela rejei\u00e7\u00e3o, apesar de o partido ter orientado a aprova\u00e7\u00e3o. Dos oito deputados do PL que tinham declarado voto contr\u00e1rio ao texto da C\u00e2mara que incluiu a taxa\u00e7\u00e3o das blusinhas, apenas uma manteve o voto contr\u00e1rio: Silvia Wai\u00e3pi, do Acre. Todos os demais aprovaram as emendas do Senado.<\/p>\n\n\n\n<p><strong>Por Estad\u00e3o<\/strong><\/p>\n\n\n\n<p><strong><br><\/strong><\/p>\n","protected":false},"excerpt":{"rendered":"<p>Publica\u00e7\u00e3o da deputada mostra parlamentares que aprovaram emendas do Senado a projeto de lei; procurada, Erika disse que, se Nikolas n\u00e3o declarou voto contra a taxa\u00e7\u00e3o, \u00e9 porque foi a&hellip;<\/p>\n","protected":false},"author":1,"featured_media":333642,"comment_status":"closed","ping_status":"open","sticky":false,"template":"","format":"standard","meta":{"footnotes":""},"categories":[52,42],"tags":[],"class_list":["post-333641","post","type-post","status-publish","format-standard","has-post-thumbnail","hentry","category-polemica","category-ultimas"],"_links":{"self":[{"href":"https:\/\/blogfolhadocomercio.com.br\/wp\/wp-json\/wp\/v2\/posts\/333641","targetHints":{"allow":["GET"]}}],"collection":[{"href":"https:\/\/blogfolhadocomercio.com.br\/wp\/wp-json\/wp\/v2\/posts"}],"about":[{"href":"https:\/\/blogfolhadocomercio.com.br\/wp\/wp-json\/wp\/v2\/types\/post"}],"author":[{"embeddable":true,"href":"https:\/\/blogfolhadocomercio.com.br\/wp\/wp-json\/wp\/v2\/users\/1"}],"replies":[{"embeddable":true,"href":"https:\/\/blogfolhadocomercio.com.br\/wp\/wp-json\/wp\/v2\/comments?post=333641"}],"version-history":[{"count":1,"href":"https:\/\/blogfolhadocomercio.com.br\/wp\/wp-json\/wp\/v2\/posts\/333641\/revisions"}],"predecessor-version":[{"id":333643,"href":"https:\/\/blogfolhadocomercio.com.br\/wp\/wp-json\/wp\/v2\/posts\/333641\/revisions\/333643"}],"wp:featuredmedia":[{"embeddable":true,"href":"https:\/\/blogfolhadocomercio.com.br\/wp\/wp-json\/wp\/v2\/media\/333642"}],"wp:attachment":[{"href":"https:\/\/blogfolhadocomercio.com.br\/wp\/wp-json\/wp\/v2\/media?parent=333641"}],"wp:term":[{"taxonomy":"category","embeddable":true,"href":"https:\/\/blogfolhadocomercio.com.br\/wp\/wp-json\/wp\/v2\/categories?post=333641"},{"taxonomy":"post_tag","embeddable":true,"href":"https:\/\/blogfolhadocomercio.com.br\/wp\/wp-json\/wp\/v2\/tags?post=333641"}],"curies":[{"name":"wp","href":"https:\/\/api.w.org\/{rel}","templated":true}]}}