{"id":333497,"date":"2025-01-22T15:18:05","date_gmt":"2025-01-22T18:18:05","guid":{"rendered":"https:\/\/blogfolhadocomercio.com.br\/wp\/?p=333497"},"modified":"2025-01-22T15:18:07","modified_gmt":"2025-01-22T18:18:07","slug":"marcal-e-cla-bolsonaro-disputam-capitalizacao-de-posse-de-trump-visando-2026","status":"publish","type":"post","link":"https:\/\/blogfolhadocomercio.com.br\/wp\/2025\/01\/22\/marcal-e-cla-bolsonaro-disputam-capitalizacao-de-posse-de-trump-visando-2026\/","title":{"rendered":"Mar\u00e7al e cl\u00e3 Bolsonaro disputam capitaliza\u00e7\u00e3o de posse de Trump visando 2026"},"content":{"rendered":"\n<p><strong>Cerim\u00f4nia de posse de presidente americano atraiu grupo de bolsonaristas, e proximidade com republicano virou alvo de disputa<\/strong><\/p>\n\n\n\n<p>A posse de&nbsp;<a href=\"https:\/\/www.estadao.com.br\/tudo-sobre\/donald-trump\/?srsltid=AfmBOop-kCiX5cmHSobNHT-nni2jIzCuqHMpr0QOnDpqtRJihEl5atX9\"><strong>Donald Trump<\/strong><\/a>&nbsp;mais uma vez como presidente dos Estados Unidos,&nbsp;<a href=\"https:\/\/www.estadao.com.br\/internacional\/ao-vivo-posse-donald-trump-2025\/\" target=\"_blank\" rel=\"noreferrer noopener\"><strong>ocorrida em Washington na segunda-feira, 20<\/strong><\/a>, foi vista por lideran\u00e7as da direita brasileira como oportunidade para capitalizar politicamente com vistas a 2026.<\/p>\n\n\n\n<p>Nomes como o deputado federal&nbsp;<a href=\"https:\/\/www.estadao.com.br\/tudo-sobre\/eduardo-bolsonaro\/?srsltid=AfmBOoq5Vt7secp-OeQ5KyMULFe5aGXkjzZ1oifjQYBoif2TiPdCgkWR\"><strong>Eduardo Bolsonaro<\/strong><\/a>&nbsp;(PL-SP) e o coach&nbsp;<a href=\"https:\/\/www.estadao.com.br\/tudo-sobre\/pablo-marcal\/?srsltid=AfmBOoohJrhpjSWLxTmDaWBsCAffcf2vFHsL75KXmiNUtYLnVRI12BfU\"><strong>Pablo Mar\u00e7al<\/strong><\/a>&nbsp;(PRTB) estiveram na capital americana no dia da cerim\u00f4nia e exploraram a figura do republicano para suas multid\u00f5es de seguidores.<\/p>\n\n\n\n<figure class=\"wp-block-image\"><img decoding=\"async\" src=\"https:\/\/www.estadao.com.br\/resizer\/v2\/JW4RGFGXVVBA5APW7FR3KUN5N4.jpg?quality=80&amp;auth=72025ff942b020ceed0e52cfe4e78edd2aa97c1a3686e0ff3deacc7d842de37f&amp;width=380\" alt=\"Pablo Mar\u00e7al e Eduardo Bolsonaro\"\/><figcaption class=\"wp-element-caption\">Pablo Mar\u00e7al e Eduardo Bolsonaro&nbsp;<em>Foto:&nbsp;@pablomarcal via X<\/em><\/figcaption><\/figure>\n\n\n\n<p>Terceiro filho do ex-presidente&nbsp;<a href=\"https:\/\/www.estadao.com.br\/tudo-sobre\/jair-bolsonaro\/?srsltid=AfmBOop52tlR1U9LSXTGOpm5nYjA2tGmXfT4893F0qgTUdo1zHpkMmgU\"><strong>Jair Bolsonaro<\/strong><\/a>&nbsp;(PL), Eduardo tem sido o principal articulador da extrema direita brasileira junto a aliados internacionais, sobretudo ao c\u00edrculo pr\u00f3ximo a Trump. Ele&nbsp;<a href=\"https:\/\/www.estadao.com.br\/politica\/bolsonaro-eduardo-representa-posse-trump-michelle-nao-trata-desses-assuntos-nprp\/\" target=\"_blank\" rel=\"noreferrer noopener\"><strong>esteve em Washington ao lado da ex-primeira-dama<\/strong><\/a>&nbsp;<a href=\"https:\/\/www.estadao.com.br\/tudo-sobre\/michelle-de-paula-bolsonaro\/?srsltid=AfmBOoqx2HiE9eYZCiov0OjldF7hjIZr9i8ti9m0x0ykXYC5e7nXM-y7\"><strong>Michelle Bolsonaro<\/strong><\/a>, do ex-ministro do Turismo de seu pai, Gilson Machado (PL-PE), e do pr\u00f3prio filho do pernambucano, o vereador de Recife Gilson Machado Guimar\u00e3es, para o evento do novo presidente.<\/p>\n\n\n\n<p>Eduardo marcou presen\u00e7a no baile de gala ap\u00f3s a cerim\u00f4nia de posse e publicou o momento de uma&nbsp;<a href=\"https:\/\/www.estadao.com.br\/politica\/michelle-bolsonaro-faz-chamada-video-jair-bolsonaro-mostrar-baile-donald-trump-nprp\/\" target=\"_blank\" rel=\"noreferrer noopener\"><strong>videoconfer\u00eancia com seu pai enquanto Trump e a primeira-dama Melania dan\u00e7avam no sal\u00e3o<\/strong><\/a>.&nbsp;<a href=\"https:\/\/www.estadao.com.br\/politica\/blog-do-fausto-macedo\/moraes-nega-devolver-passaporte-para-bolsonaro-ir-a-posse-de-trump-nos-eua\/\" target=\"_blank\" rel=\"noreferrer noopener\"><strong>Bolsonaro foi impedido de viajar aos Estados Unidos<\/strong><\/a>&nbsp;por estar com o passaporte retido pela Pol\u00edcia Federal em raz\u00e3o da investiga\u00e7\u00e3o da qual \u00e9 alvo por tentativa de golpe de Estado. O v\u00eddeo de Eduardo soma 6,2 milh\u00f5es de visualiza\u00e7\u00f5es.<\/p>\n\n\n\n<p>A pol\u00eamica acerca da ida \u00e0 cerim\u00f4nia \u2014&nbsp;<a href=\"https:\/\/www.estadao.com.br\/politica\/blog-do-fausto-macedo\/moraes-manda-bolsonaro-apresentar-convite-oficial-para-posse-de-trump\/\" target=\"_blank\" rel=\"noreferrer noopener\"><strong>o ministro do Supremo Tribunal Federal (STF) Alexandre de Moraes mandou o ex-presidente comprovar a veracidade do convite<\/strong><\/a>&nbsp;\u2013 e o fato de&nbsp;<a href=\"https:\/\/www.estadao.com.br\/politica\/eduardo-bolsonaro-diz-por-que-ficou-de-fora-posse-donald-trump-transferencia-cerimonia-capitolio-nprp\/\"><strong>a fam\u00edlia Bolsonaro ter ficado de fora da cerim\u00f4nia de posse<\/strong><\/a>&nbsp;\u2013 como Washington registrou uma temperatura m\u00e1xima de -2 \u00baC naquele dia, o espa\u00e7o para os convidados foi alterado e ficou mais restrito \u2013 incomodou Eduardo. Nos \u00faltimos dias, ele tem refor\u00e7ado a exclusividade do acesso que tem junto ao americano.<\/p>\n\n\n\n<p>\u201cOntem n\u00f3s fomos ao baile de gala do presidente Trump. Ele fez quest\u00e3o de nos colocar, Michelle, Eduardo tamb\u00e9m, logo na primeira mesa para que tivesse total acesso a ele\u201d, diz um v\u00eddeo publicado por Machado e compartilhado por Eduardo.<\/p>\n\n\n\n<p>Ex-candidato \u00e0 Prefeitura de S\u00e3o Paulo pelo PRTB,&nbsp;<a href=\"https:\/\/www.estadao.com.br\/politica\/pablo-marcal-encontra-donald-trump-estados-unidos-save-brazil-nprp\/\" target=\"_blank\" rel=\"noreferrer noopener\"><strong>Mar\u00e7al publicou numa rede social um v\u00eddeo ao lado de Trump<\/strong><\/a>, como se tivesse o encontrado na festa ap\u00f3s a cerim\u00f4nia de posse \u2013 grava\u00e7\u00e3o que nem mesmo Eduardo conseguiu naquele dia. Na abordagem, o brasileiro pede ao americano que \u201csalve o Brasil\u201d, em que o presidente acena e responde que gosta do Pa\u00eds. O candidato \u00e0 Prefeitura de S\u00e3o Paulo em 2024 publicou 17 v\u00eddeos que somam 46 milh\u00f5es de visualiza\u00e7\u00f5es \u2013 a publica\u00e7\u00e3o com Trump soma sozinha 17 milh\u00f5es at\u00e9 esta quarta-feira, 22.<\/p>\n\n\n\n<p>Detalhes do cen\u00e1rio, no entanto, apontam que o conte\u00fado pode n\u00e3o ter sido gravado naquela oportunidade, e sim num evento sediado no resort do presidente em Mar-a-Lago, na Fl\u00f3rida. O ex-coach n\u00e3o diz em qual dia o v\u00eddeo foi gravado, e sua assessoria n\u00e3o soube confirmar a data. A pol\u00eamica logo se alastrou e virou muni\u00e7\u00e3o para os bolsonaristas desafetos de Mar\u00e7al.<\/p>\n\n\n\n<p>Eduardo comentou numa publica\u00e7\u00e3o no X (antigo Twitter) dizendo que at\u00e9 Mar\u00e7al havia chegado perto de Trump, mas o deputado e sua madrasta Michelle, n\u00e3o. Ele respondeu: \u201ckkkkkkkkkkk, todos os dias acordam um malandro e um ot\u00e1rio. Em algum momento do dia eles se cruzam (risos)\u201d. Em seguida, publicou uma enquete: \u201cE voc\u00ea? \u00c9 ot\u00e1rio nessa hist\u00f3ria?\u201d.<\/p>\n\n\n\n<p>Nesta quarta, ele voltou ao assunto e criticou sites bolsonaristas que haviam noticiado o v\u00eddeo enganoso de Mar\u00e7al: \u201cPor qual motivo eles estariam dando espa\u00e7o a isso? N\u00e3o precisa nem saber que o local \u00e9 Mar-a-Lago, basta ver que Trump est\u00e1 sem smoking\u201d, referindo-se ao traje obrigat\u00f3rio para a festa de gala desta semana.<\/p>\n\n\n\n<p>Eduardo e Mar\u00e7al s\u00e3o potenciais presidenci\u00e1veis. Aliados de Bolsonaro defendem que o seu terceiro filho possa herdar sua vaga, numa estrat\u00e9gia similar \u00e0 da chapa Lula-Haddad em 2018, para tentar derrotar o PT daqui a dois anos. O coach, por sua vez, passou os \u00faltimos dias respondendo mensagens no Instagram sobre sua candidatura, e reafirmando sua empreitada eleitoral.<\/p>\n\n\n\n<p>Trump tem alta relev\u00e2ncia para a direita no Brasil. Apoiadores de Bolsonaro, ele inclusive, dizem acreditar que o presidente americano pode exercer influ\u00eancia para mudar os ventos da pol\u00edtica brasileira e permitir que o ex-presidente concorra em 2026, ainda que isso signifique um ataque \u00e0 soberania brasileira. Numa transmiss\u00e3o ao vivo com Andr\u00e9 Ventura, presidente do<strong>&nbsp;<\/strong><a href=\"https:\/\/www.estadao.com.br\/tudo-sobre\/andre-ventura\/?srsltid=AfmBOoqP3H2IFBuH5cOOQuIV32Zr779sRexNVVJjII4v11PP_CYc-HwH\"><strong>partido de extrema direita portugu\u00eas Chega<\/strong><\/a>&nbsp;no \u00faltimo fim de semana, Bolsonaro disse acreditar em uma \u201cinterfer\u00eancia do bem\u201d de Trump no Brasil.<\/p>\n\n\n\n<p>Acompanhando Mar\u00e7al nos Estados Unidos, o&nbsp;<a href=\"https:\/\/www.estadao.com.br\/politica\/nos-eua-nikolas-ferreira-nao-encontra-trump-musk-mas-vai-acontecer-nprp\/\"><strong>deputado federal Nikolas Ferreira (PL-MG)<\/strong><\/a>, estrela do bolsonarismo, entrou na mira de aliados de Bolsonaro ao gravar v\u00eddeos com o ex-coach, que est\u00e1 pavimentado uma pr\u00e9-candidatura \u00e0 Presid\u00eancia da Rep\u00fablica como poss\u00edvel concorrente do \u201ccandidato oficial\u201d do ex-presidente. O comunicador Kim Paim, dono de um canal no YouTube com 817 mil inscritos entre eles membros da fam\u00edlia Bolsonaro, foi um dos criticaram o epis\u00f3dio.<\/p>\n\n\n\n<p>Nesta quarta,&nbsp;<a href=\"https:\/\/www.estadao.com.br\/politica\/jair-bolsonaro-critica-iniciativa-candidatos-pouca-idade-direita-limpinha-nprp\/\" target=\"_blank\" rel=\"noreferrer noopener\"><strong>Bolsonaro mandou recado a poss\u00edveis nomes da direita que querem substitu\u00ed-lo nas elei\u00e7\u00f5es presidenciais de 2026<\/strong><\/a>. Em entrevista ao canal&nbsp;<em>AuriVerde Brasil<\/em>&nbsp;no YouTube, Bolsonaro afirmou que candidatos \u201ccom pouca idade\u201d e que se dizem uma \u201cterceira via\u201d n\u00e3o resolver\u00e3o os problemas do Pa\u00eds.<\/p>\n\n\n\n<p>\u201cN\u00e3o fica inventando \u2018terceira via\u2019, \u2018direita limpinha\u2019, fazer um gestinho para l\u00e1 e para c\u00e1, com a sua inexperi\u00eancia, com a sua, at\u00e9, boa vontade, mas voc\u00ea n\u00e3o tem como enfrentar, hoje em dia, o sistema pelo povo\u201d, disse o ex-presidente.<\/p>\n\n\n\n<p>Deputados federais bolsonaristas&nbsp;<a href=\"https:\/\/www.estadao.com.br\/politica\/deputados-quem-foi-quem-nao-foi-posse-donald-trump-nprp\/\"><strong>embarcaram em peso para os Estados Unidos<\/strong><\/a>&nbsp;em busca de capitaliza\u00e7\u00e3o da figura de Trump, mesmo sem participar da cerim\u00f4nia oficial. Al\u00e9m de Eduardo,&nbsp;<a href=\"https:\/\/www.estadao.com.br\/politica\/deputados-quem-foi-quem-nao-foi-posse-donald-trump-nprp\/\" target=\"_blank\" rel=\"noreferrer noopener\"><strong>20 deles confirmaram ao Estad\u00e3o presen\u00e7a em Washington, al\u00e9m do senador Jorge Seif (PL-SC)<\/strong><\/a>. A lista contempla parlamentares de siglas que integram a base de apoio ao governo Lula no Congresso, como Uni\u00e3o Brasil, de Coronel Ulysses (SC), e Republicanos, de Messias Donato (ES).<\/p>\n\n\n\n<p>O governador de S\u00e3o Paulo,&nbsp;<a href=\"https:\/\/www.estadao.com.br\/tudo-sobre\/tarcisio-de-freitas\/\" target=\"_blank\" rel=\"noreferrer noopener\"><strong>Tarc\u00edsio de Freitas<\/strong><\/a>&nbsp;(Republicanos), foi outro dos que surfaram a onda desta semana. Ele publicou um v\u00eddeo vestindo um bon\u00e9 vermelho escrito \u201cMake America Great Again\u201d (fa\u00e7a a Am\u00e9rica grande de novo), slogan de Trump.<\/p>\n\n\n\n<p><strong>Por Estad\u00e3o<\/strong><\/p>\n\n\n\n<p><strong><br><\/strong><\/p>\n","protected":false},"excerpt":{"rendered":"<p>Cerim\u00f4nia de posse de presidente americano atraiu grupo de bolsonaristas, e proximidade com republicano virou alvo de disputa A posse de&nbsp;Donald Trump&nbsp;mais uma vez como presidente dos Estados Unidos,&nbsp;ocorrida em&hellip;<\/p>\n","protected":false},"author":1,"featured_media":333498,"comment_status":"closed","ping_status":"open","sticky":false,"template":"","format":"standard","meta":{"footnotes":""},"categories":[34,35,42],"tags":[],"class_list":["post-333497","post","type-post","status-publish","format-standard","has-post-thumbnail","hentry","category-brasil","category-politica","category-ultimas"],"_links":{"self":[{"href":"https:\/\/blogfolhadocomercio.com.br\/wp\/wp-json\/wp\/v2\/posts\/333497","targetHints":{"allow":["GET"]}}],"collection":[{"href":"https:\/\/blogfolhadocomercio.com.br\/wp\/wp-json\/wp\/v2\/posts"}],"about":[{"href":"https:\/\/blogfolhadocomercio.com.br\/wp\/wp-json\/wp\/v2\/types\/post"}],"author":[{"embeddable":true,"href":"https:\/\/blogfolhadocomercio.com.br\/wp\/wp-json\/wp\/v2\/users\/1"}],"replies":[{"embeddable":true,"href":"https:\/\/blogfolhadocomercio.com.br\/wp\/wp-json\/wp\/v2\/comments?post=333497"}],"version-history":[{"count":1,"href":"https:\/\/blogfolhadocomercio.com.br\/wp\/wp-json\/wp\/v2\/posts\/333497\/revisions"}],"predecessor-version":[{"id":333499,"href":"https:\/\/blogfolhadocomercio.com.br\/wp\/wp-json\/wp\/v2\/posts\/333497\/revisions\/333499"}],"wp:featuredmedia":[{"embeddable":true,"href":"https:\/\/blogfolhadocomercio.com.br\/wp\/wp-json\/wp\/v2\/media\/333498"}],"wp:attachment":[{"href":"https:\/\/blogfolhadocomercio.com.br\/wp\/wp-json\/wp\/v2\/media?parent=333497"}],"wp:term":[{"taxonomy":"category","embeddable":true,"href":"https:\/\/blogfolhadocomercio.com.br\/wp\/wp-json\/wp\/v2\/categories?post=333497"},{"taxonomy":"post_tag","embeddable":true,"href":"https:\/\/blogfolhadocomercio.com.br\/wp\/wp-json\/wp\/v2\/tags?post=333497"}],"curies":[{"name":"wp","href":"https:\/\/api.w.org\/{rel}","templated":true}]}}