{"id":333466,"date":"2025-01-21T14:32:55","date_gmt":"2025-01-21T17:32:55","guid":{"rendered":"https:\/\/blogfolhadocomercio.com.br\/wp\/?p=333466"},"modified":"2025-01-21T14:33:04","modified_gmt":"2025-01-21T17:33:04","slug":"pablo-marcal-encontra-donald-trump-nos-estados-unidos-save-brazil","status":"publish","type":"post","link":"https:\/\/blogfolhadocomercio.com.br\/wp\/2025\/01\/21\/pablo-marcal-encontra-donald-trump-nos-estados-unidos-save-brazil\/","title":{"rendered":"Pablo Mar\u00e7al encontra Donald Trump nos Estados Unidos: \u2018Save Brazil\u2019"},"content":{"rendered":"\n<p><strong>Ex-coach viajou para Washington para acompanhar os eventos da posse do presidente americano<\/strong><\/p>\n\n\n\n<p>O ex-candidato \u00e0\u00a0<a href=\"https:\/\/www.estadao.com.br\/tudo-sobre\/prefeitura-de-sao-paulo\/\" target=\"_blank\" rel=\"noreferrer noopener\"><strong>Prefeitura de S\u00e3o Paulo<\/strong><\/a><strong>\u00a0<\/strong><a href=\"https:\/\/www.estadao.com.br\/tudo-sobre\/prefeitura-de-sao-paulo\/\"><strong>Pablo Mar\u00e7al<\/strong><\/a>\u00a0(PRTB) encontrou o presidente dos Estados Unidos,\u00a0<a href=\"https:\/\/www.estadao.com.br\/tudo-sobre\/donald-trump\/?srsltid=AfmBOopp_hM9xKaaNmtBMEWFWe-oGpYqOefKkwpC77qQHOe2N3OMmqxM\" target=\"_blank\" rel=\"noreferrer noopener\"><strong>Donald Trump<\/strong><\/a>, que tomou posse no cargo nesta segunda-feira, 20.<\/p>\n\n\n\n<figure class=\"wp-block-image size-full\"><img loading=\"lazy\" decoding=\"async\" width=\"347\" height=\"195\" src=\"https:\/\/blogfolhadocomercio.com.br\/wp\/wp-content\/uploads\/2025\/01\/image-660.png\" alt=\"\" class=\"wp-image-333467\" srcset=\"https:\/\/blogfolhadocomercio.com.br\/wp\/wp-content\/uploads\/2025\/01\/image-660.png 347w, https:\/\/blogfolhadocomercio.com.br\/wp\/wp-content\/uploads\/2025\/01\/image-660-300x169.png 300w\" sizes=\"auto, (max-width: 347px) 100vw, 347px\" \/><\/figure>\n\n\n\n<p>Em um v\u00eddeo de poucos segundos publicado na rede social do ex-coach, ele aparece ao lado de Trump, e diz para o americano \u201csalvar o Brasil\u201d. \u201cDonald Trump, save America, save Brazil.\u201d Trump olha para a c\u00e2mera e diz que \u201cgosta\u201d do Brasil.<\/p>\n\n\n\n<p>O pol\u00edtico do PRTB afirma, na mesma publica\u00e7\u00e3o, que esteve com o presidente americano em tr\u00eas ocasi\u00f5es. Nos coment\u00e1rios da publica\u00e7\u00e3o, se referiu ao encontro como o \u201cacesso mais dif\u00edcil de toda\u201d a sua vida, afirmando que o \u201cservi\u00e7o secreto n\u00e3o deixa chegar perto de Trump\u201d e que foi \u201cquase imposs\u00edvel gravar esse v\u00eddeo\u201d.<\/p>\n\n\n\n<p>A assessoria de imprensa de Mar\u00e7al n\u00e3o informou quando e onde o r\u00e1pido encontro ocorreu. O ex-coach pretendia encontrar Trump para \u201cdiscutir iniciativas voltadas ao empreendedorismo, valores crist\u00e3os e o fortalecimento das economias de ambas as na\u00e7\u00f5es\u201d.<\/p>\n\n\n\n<p>Nesta segunda, durante seus primeiros minutos sentado \u00e0 mesa do Sal\u00e3o Oval da Casa Branca para um segundo mandato,&nbsp;<a href=\"https:\/\/www.estadao.com.br\/internacional\/eles-precisam-de-nos-muito-mais-do-que-precisamos-deles-diz-trump-sobre-relacoes-com-brasil\/\" target=\"_blank\" rel=\"noreferrer noopener\"><strong>Donald Trump afirmou que Brasil e Am\u00e9rica Latina precisam \u201cmais dos EUA do que os EUA precisam deles\u201d<\/strong><\/a>&nbsp;e questionou o envolvimento do Brasil em conversas de negocia\u00e7\u00f5es entre R\u00fassia e Ucr\u00e2nia.<\/p>\n\n\n\n<p>Ao ser interrogado sobre uma proposta apresentada por China e Brasil, no ano passado, para promover conversas de paz no leste europeu, Trump afirmou: \u201cIsso \u00e9 bom, \u00e9 bom. Eu estou pronto\u201d, em resposta \u00e0 jornalista brasileira Raquel Krahenbuhl, correspondente da\u00a0<em>TV Globo<\/em>.<\/p>\n\n\n\n<p><strong>Por Estad\u00e3o<br><\/strong><\/p>\n","protected":false},"excerpt":{"rendered":"<p>Ex-coach viajou para Washington para acompanhar os eventos da posse do presidente americano O ex-candidato \u00e0\u00a0Prefeitura de S\u00e3o Paulo\u00a0Pablo Mar\u00e7al\u00a0(PRTB) encontrou o presidente dos Estados Unidos,\u00a0Donald Trump, que tomou posse&hellip;<\/p>\n","protected":false},"author":1,"featured_media":333467,"comment_status":"closed","ping_status":"open","sticky":false,"template":"","format":"standard","meta":{"footnotes":""},"categories":[46,35,42],"tags":[],"class_list":["post-333466","post","type-post","status-publish","format-standard","has-post-thumbnail","hentry","category-mundo","category-politica","category-ultimas"],"_links":{"self":[{"href":"https:\/\/blogfolhadocomercio.com.br\/wp\/wp-json\/wp\/v2\/posts\/333466","targetHints":{"allow":["GET"]}}],"collection":[{"href":"https:\/\/blogfolhadocomercio.com.br\/wp\/wp-json\/wp\/v2\/posts"}],"about":[{"href":"https:\/\/blogfolhadocomercio.com.br\/wp\/wp-json\/wp\/v2\/types\/post"}],"author":[{"embeddable":true,"href":"https:\/\/blogfolhadocomercio.com.br\/wp\/wp-json\/wp\/v2\/users\/1"}],"replies":[{"embeddable":true,"href":"https:\/\/blogfolhadocomercio.com.br\/wp\/wp-json\/wp\/v2\/comments?post=333466"}],"version-history":[{"count":1,"href":"https:\/\/blogfolhadocomercio.com.br\/wp\/wp-json\/wp\/v2\/posts\/333466\/revisions"}],"predecessor-version":[{"id":333468,"href":"https:\/\/blogfolhadocomercio.com.br\/wp\/wp-json\/wp\/v2\/posts\/333466\/revisions\/333468"}],"wp:featuredmedia":[{"embeddable":true,"href":"https:\/\/blogfolhadocomercio.com.br\/wp\/wp-json\/wp\/v2\/media\/333467"}],"wp:attachment":[{"href":"https:\/\/blogfolhadocomercio.com.br\/wp\/wp-json\/wp\/v2\/media?parent=333466"}],"wp:term":[{"taxonomy":"category","embeddable":true,"href":"https:\/\/blogfolhadocomercio.com.br\/wp\/wp-json\/wp\/v2\/categories?post=333466"},{"taxonomy":"post_tag","embeddable":true,"href":"https:\/\/blogfolhadocomercio.com.br\/wp\/wp-json\/wp\/v2\/tags?post=333466"}],"curies":[{"name":"wp","href":"https:\/\/api.w.org\/{rel}","templated":true}]}}