{"id":333354,"date":"2025-01-21T06:29:36","date_gmt":"2025-01-21T09:29:36","guid":{"rendered":"https:\/\/blogfolhadocomercio.com.br\/wp\/2025\/01\/21\/havera-centralidade-nas-decisoes-e-anuncios-do-governo-diz-rui-costa\/"},"modified":"2025-01-21T06:29:38","modified_gmt":"2025-01-21T09:29:38","slug":"havera-centralidade-nas-decisoes-e-anuncios-do-governo-diz-rui-costa","status":"publish","type":"post","link":"https:\/\/blogfolhadocomercio.com.br\/wp\/2025\/01\/21\/havera-centralidade-nas-decisoes-e-anuncios-do-governo-diz-rui-costa\/","title":{"rendered":"Haver\u00e1 centralidade nas decis\u00f5es e an\u00fancios do governo, diz Rui Costa"},"content":{"rendered":"<p> <br \/>\n<\/p>\n<div>\n<p>O presidente Luiz In\u00e1cio Lula da Silva encerrou, nesta segunda-feira (20), por volta das 16h30, uma reuni\u00e3o de aproximadamente 7 horas com todos os 38 ministros de seu governo. A primeira reuni\u00e3o ministerial do ano, que come\u00e7ou \u00e0s 9h30, marcou tamb\u00e9m o balan\u00e7o de 2024 e o planejamento do governo para 2025 e para a segunda metade do mandato.<img decoding=\"async\" src=\"https:\/\/agenciabrasil.ebc.com.br\/ebc.gif?id=1627333&#038;o=node\" style=\"width:1px; height:1px; display:inline;\"\/><\/p>\n<p>Ap\u00f3s o encontro, que ocorreu na Resid\u00eancia Oficial da Granja do Torto, em Bras\u00edlia, o ministro-chefe da Casa Civil, Rui Costa, falou \u00e0 imprensa sobre alguns dos pontos abordados e comentou a declara\u00e7\u00e3o do pr\u00f3prio presidente, que durante a abertura da reuni\u00e3o, pela manh\u00e3, disse que todas as portarias e normas editadas pelos minist\u00e9rios deveriam passar pelo crivo da Presid\u00eancia da Rep\u00fablica, atrav\u00e9s da Casa Civil.\u00a0<\/p>\n<p>&#8220;Independentemente\u00a0de qual seja o instrumento, se instru\u00e7\u00e3o normativa, portaria ou decreto, \u00e9 importante, em qualquer medida de governo, em qualquer minist\u00e9rio, que a gente tenha uma centralidade nas decis\u00f5es e nos an\u00fancios&#8221;, afirmou.<\/p>\n<p>&#8220;At\u00e9 porque o ministro Sid\u00f4nio [Palmeira, da Secom), que est\u00e1 assumindo agora o governo, corretamente diz que \u00e9 preciso, nesse mundo de alta velocidade da comunica\u00e7\u00e3o, que a informa\u00e7\u00e3o organizada chegue primeiro \u00e0 popula\u00e7\u00e3o, antes de chegar a mentira, antes de chegar a desinforma\u00e7\u00e3o&#8221;, completou\u00a0Rui Costa.<\/p>\n<p>A ideia, segundo ele, \u00e9 que qualquer medida que gere impacto em pol\u00edticas p\u00fablicas seja precedida de um plano de comunica\u00e7\u00e3o que antecipe as explica\u00e7\u00f5es das mudan\u00e7as para a popula\u00e7\u00e3o.<\/p>\n<p>N\u00e3o haver\u00e1 uma mudan\u00e7a formal de fluxo, como a publica\u00e7\u00e3o de norma jur\u00eddica, mas haver\u00e1 uma mudan\u00e7a no fluxo de decis\u00f5es pol\u00edticas sobre as a\u00e7\u00f5es de todas as pastas e \u00f3rg\u00e3os do governo.<\/p>\n<p>&#8220;Definitivamente n\u00e3o podemos permitir que a mentira prevale\u00e7a sobre a verdade&#8221;, insistiu Rui Costa.<\/p>\n<p>Na semana passada, diante da onda de fake news em torno de uma atualiza\u00e7\u00e3o na fiscaliza\u00e7\u00e3o do Pix, por decis\u00e3o do Pal\u00e1cio do Planalto, a Receita Federal revogou o ato normativo que estendeu o monitoramento das transa\u00e7\u00f5es aos bancos digitais, fintechs e institui\u00e7\u00f5es de pagamento. No lugar, o governo editou medida provis\u00f3ria (MP) para proibir a cobran\u00e7a diferenciada por transa\u00e7\u00f5es em Pix e em dinheiro.<\/p>\n<p>Questionado sobre uma reforma ministerial, o ministro-chefe da Casa Civil voltou a dizer que \u00e9 uma decis\u00e3o que cabe ao presidente e pode ser feita a qualquer momento. &#8220;Ele est\u00e1 refletindo e, portanto, n\u00e3o h\u00e1 previs\u00e3o nem data de in\u00edcio nem data de fim de uma reforma ministerial&#8221;, afirmou.<\/p>\n<p>Rui Costa refor\u00e7ou que o foco da reuni\u00e3o desta segunda foi discutir metas a serem atingidas ao longo de 2025.<\/p>\n<blockquote>\n<p>&#8220;Vai ser o ano das entregas, de ganhar materialidade e consolidar tudo o que foi feito, para que a popula\u00e7\u00e3o tenha a n\u00edtida percep\u00e7\u00e3o do que foi feito em termos de pa\u00eds. Cada ministro e ministra ter\u00e1 sua meta de entrega para 2025&#8221;.<\/p>\n<\/blockquote>\n<p>Ainda sobre o engajamento dos ministros, Rui Costa comentou\u00a0outra declara\u00e7\u00e3o de Lula durante a abertura da reuni\u00e3o, quando cobrou empenho dos auxiliares no di\u00e1logo com as bancadas e com os partidos que comp\u00f5em a base de apoio do governo.<\/p>\n<p>&#8220;N\u00f3s estamos tratando de pol\u00edtica e os ministros s\u00e3o agentes pol\u00edticos, n\u00e3o s\u00f3 agentes administrativos e, portanto, ele [Lula] deseja que os ministros dialoguem muito com suas bancadas, com seus partidos para que isso tudo fa\u00e7a parte do que estamos chamando de percep\u00e7\u00e3o por parte da popula\u00e7\u00e3o&#8221;, disse.<\/p>\n<h2>Compromisso fiscal e d\u00f3lar\u00a0<\/h2>\n<p>Perguntado por jornalistas sobre a ado\u00e7\u00e3o de medidas de redu\u00e7\u00e3o das despesas p\u00fablicas, pauta recorrente da imprensa, Rui Costa refor\u00e7ou o compromisso do governo, citando o que foi feito no \u00faltimo per\u00edodo, e que a mesma postura ser\u00e1 mantida.<\/p>\n<p>&#8220;Como eu tenho dito, o compromisso fiscal n\u00e3o \u00e9 do ministro A ou do ministro B, \u00e9 do presidente da Rep\u00fablica, \u00e9 do governo&#8221;, disse.<\/p>\n<p>&#8220;N\u00f3s bloqueamos, no ano passado, R$ 20 bilh\u00f5es de investimento. Muitos artigos colocavam em d\u00favida se o governo iria ser determinado, se iria fazer corte mesmo. Eu n\u00e3o estou falando de previs\u00e3o, estou falando de fatos&#8221;, afirmou, acrescentando que &#8220;tudo o que for necess\u00e1rio&#8221; para equilibrar as contas p\u00fablicas ser\u00e1 feito, mas sem nenhum an\u00fancio antecipado.<\/p>\n<p>Sobre o patamar do d\u00f3lar, que vem caindo mais lentamente ao longos do \u00faltimos dias, e que agora est\u00e1 na faixa de R$ 6,04, o chefe da Casa Civil do governo Lula disse esperar que essa volatilidade se estabilize ao longo das pr\u00f3ximas semanas<\/p>\n<p>&#8220;O que a realidade vai mostrando \u00e9 que o d\u00f3lar vai caindo. Infelizmente, ele n\u00e3o cai na mesma velocidade que ele subiu, mas eu acredito que, com o passar dos dias, a posse do novo presidente dos Estados Unidos e os n\u00fameros robustos da economia brasileira,\u00a0o d\u00f3lar volte\u00a0a um\u00a0patamar que tenha reflexo na vida real da economia, porque o patamar que est\u00e1 n\u00e3o corresponde \u00e0 vida real e aos n\u00fameros reais da economia brasileira&#8221;, afirmou.<\/p>\n<p>\u00a0<\/p>\n<p>      <!-- Relacionada --><\/p>\n<p>            <!-- Relacionada -->\n    <\/div>\n<p><br \/>\n<br \/><a href=\"https:\/\/agenciabrasil.ebc.com.br\/politica\/noticia\/2025-01\/havera-centralidade-nas-decisoes-e-anuncios-do-governo-diz-rui-costa\">Fonte https:\/\/agenciabrasil.ebc.com.br\/politica\/noticia\/2025-01\/havera-centralidade-nas-decisoes-e-anuncios-do-governo-diz-rui-costa<\/a><\/p>\n","protected":false},"excerpt":{"rendered":"<p>O presidente Luiz In\u00e1cio Lula da Silva encerrou, nesta segunda-feira (20), por volta das 16h30, uma reuni\u00e3o de aproximadamente 7 horas com todos os 38 ministros de seu governo. A&hellip;<\/p>\n","protected":false},"author":1,"featured_media":333355,"comment_status":"closed","ping_status":"open","sticky":false,"template":"","format":"standard","meta":{"footnotes":""},"categories":[43,35,42],"tags":[],"class_list":["post-333354","post","type-post","status-publish","format-standard","has-post-thumbnail","hentry","category-economia","category-politica","category-ultimas"],"_links":{"self":[{"href":"https:\/\/blogfolhadocomercio.com.br\/wp\/wp-json\/wp\/v2\/posts\/333354","targetHints":{"allow":["GET"]}}],"collection":[{"href":"https:\/\/blogfolhadocomercio.com.br\/wp\/wp-json\/wp\/v2\/posts"}],"about":[{"href":"https:\/\/blogfolhadocomercio.com.br\/wp\/wp-json\/wp\/v2\/types\/post"}],"author":[{"embeddable":true,"href":"https:\/\/blogfolhadocomercio.com.br\/wp\/wp-json\/wp\/v2\/users\/1"}],"replies":[{"embeddable":true,"href":"https:\/\/blogfolhadocomercio.com.br\/wp\/wp-json\/wp\/v2\/comments?post=333354"}],"version-history":[{"count":1,"href":"https:\/\/blogfolhadocomercio.com.br\/wp\/wp-json\/wp\/v2\/posts\/333354\/revisions"}],"predecessor-version":[{"id":333356,"href":"https:\/\/blogfolhadocomercio.com.br\/wp\/wp-json\/wp\/v2\/posts\/333354\/revisions\/333356"}],"wp:featuredmedia":[{"embeddable":true,"href":"https:\/\/blogfolhadocomercio.com.br\/wp\/wp-json\/wp\/v2\/media\/333355"}],"wp:attachment":[{"href":"https:\/\/blogfolhadocomercio.com.br\/wp\/wp-json\/wp\/v2\/media?parent=333354"}],"wp:term":[{"taxonomy":"category","embeddable":true,"href":"https:\/\/blogfolhadocomercio.com.br\/wp\/wp-json\/wp\/v2\/categories?post=333354"},{"taxonomy":"post_tag","embeddable":true,"href":"https:\/\/blogfolhadocomercio.com.br\/wp\/wp-json\/wp\/v2\/tags?post=333354"}],"curies":[{"name":"wp","href":"https:\/\/api.w.org\/{rel}","templated":true}]}}