{"id":333276,"date":"2025-01-20T16:47:40","date_gmt":"2025-01-20T19:47:40","guid":{"rendered":"https:\/\/blogfolhadocomercio.com.br\/wp\/?p=333276"},"modified":"2025-01-20T16:47:42","modified_gmt":"2025-01-20T19:47:42","slug":"icone-do-jornalismo-leo-batista-noticiou-momentos-historicos","status":"publish","type":"post","link":"https:\/\/blogfolhadocomercio.com.br\/wp\/2025\/01\/20\/icone-do-jornalismo-leo-batista-noticiou-momentos-historicos\/","title":{"rendered":"\u00cdcone do jornalismo, L\u00e9o Batista noticiou momentos hist\u00f3ricos"},"content":{"rendered":"\n<p>&#8220;Voz marcante&#8221;, se dedicou cerca de 77 anos \u00e0 profiss\u00e3o, com destaque na cobertura esportiva<\/p>\n\n\n\n<figure class=\"wp-block-image size-full\"><img loading=\"lazy\" decoding=\"async\" width=\"888\" height=\"666\" src=\"https:\/\/blogfolhadocomercio.com.br\/wp\/wp-content\/uploads\/2025\/01\/image-602.png\" alt=\"\" class=\"wp-image-333277\" srcset=\"https:\/\/blogfolhadocomercio.com.br\/wp\/wp-content\/uploads\/2025\/01\/image-602.png 888w, https:\/\/blogfolhadocomercio.com.br\/wp\/wp-content\/uploads\/2025\/01\/image-602-300x225.png 300w, https:\/\/blogfolhadocomercio.com.br\/wp\/wp-content\/uploads\/2025\/01\/image-602-768x576.png 768w, https:\/\/blogfolhadocomercio.com.br\/wp\/wp-content\/uploads\/2025\/01\/image-602-585x439.png 585w\" sizes=\"auto, (max-width: 888px) 100vw, 888px\" \/><\/figure>\n\n\n\n<p>Em cerca de 77 anos de jornalismo, L\u00e9o Batista n\u00e3o s\u00f3 viveu, como noticiou, e muitas vezes em primeira m\u00e3o, momentos hist\u00f3ricos e marcantes para o Brasil. O \u00e2ncora e rep\u00f3rter, um dos maiores jornalistas do pa\u00eds, com seu \u201cvoz marcante\u201d levou aos ouvintes e aos telespectadores acontecimentos, muitas vezes em primeira m\u00e3o, como o suic\u00eddio do presidente Get\u00falio Vargas, no Rio de Janeiro, em agosto de 1954.<\/p>\n\n\n\n<p>Em uma produ\u00e7\u00e3o do \u201cMem\u00f3ria Globo\u201d, L\u00e9o Batista contou sobre este momento. A not\u00edcia foi dada ao vivo, na R\u00e1dio Globo, emissora onde come\u00e7ou como locutor ao chegar ao Rio, em 1952. O jornalista falou de como informou aos ouvintes:<\/p>\n\n\n\n<p>\u201cAten\u00e7\u00e3o, aten\u00e7\u00e3o. Informa o Globo no Ar edi\u00e7\u00e3o extraordin\u00e1ria, acaba de se suicidar no Pal\u00e1cio do Catete o presidente Get\u00falio Vargas. E aten\u00e7\u00e3o, repito, acaba de se suicidar no Pal\u00e1cio do Catete o presidente Get\u00falio Vargas. Voltarem com informa\u00e7\u00f5es a todo momento\u201d, lembrou da narra\u00e7\u00e3o.<\/p>\n\n\n\n<p>Tamb\u00e9m em primeira m\u00e3o, L\u00e9o Batista noticiou, j\u00e1 na TV Globo, a morte do piloto brasileiro Ayrton Senna, em 1994, pouco depois do acidente em \u00cdmola, na It\u00e1lia. Em entrevista ao programa \u201cReda\u00e7\u00e3o SporTV\u201d, em 2011, o jornalista falou que este foi o momento mais emocionante de sua longa carreira:<\/p>\n\n\n\n<p>\u201cNaquela confus\u00e3o, Galv\u00e3o Bueno estava nervoso e emocionado. Reginaldo Leme tamb\u00e9m. Eu acabei ficando no est\u00fadio com o retorno no ouvido, escutando a m\u00e9dica, quando ela disse que o Senna tinha perdido massa encef\u00e1lica. Eu entendo um pouco de italiano. E entendi que ele tinha morrido. Avisei para o pessoal. E acabei dando a not\u00edcia da morte do Senna. Fico at\u00e9 arrepiado lembrando disso. Foi triste\u201d, contou.<\/p>\n\n\n\n<p>Al\u00e9m de fazer parte da bancada do Jornal Nacional, passou 40 anos cobrindo o Carnaval do Rio de Janeiro no r\u00e1dio e na televis\u00e3o.<\/p>\n\n\n\n<p>L\u00e9o Batista morreu neste domingo, aos 92 anos, no Hospital Rios D\u2019Or, localizado na Zona Oeste do Rio de Janeiro, em fun\u00e7\u00e3o de um tumor no p\u00e2ncreas. O jornalista deu entrada no hospital no dia 6 de janeiro, em decorr\u00eancia de um quadro de desidrata\u00e7\u00e3o e dor abdominal. Exames detectaram o tumor, que exigira interna\u00e7\u00e3o na UTI da unidade ao longo dos \u00faltimos dias, mas ele n\u00e3o resistiu.<\/p>\n\n\n\n<p><strong>Coringa do interior<\/strong><br>O come\u00e7o da carreira foi na adolesc\u00eancia, aos 15 anos, trabalhando no servi\u00e7o de alto falantes de Cordeir\u00f3polis, cidade do interior de S\u00e3o Paulo na qual Jo\u00e3o Baptista Bellinaso Neto nasceu, em 22 de julho de 1932. Nela, o filho de italianos foi descoberto e n\u00e3o parou mais de conquistar espa\u00e7os.<\/p>\n\n\n\n<p>Em 1952, ap\u00f3s rodar em ve\u00edculos de v\u00e1rias cidades do estado, chegou ao Rio de Janeiro para ser locutor no programa \u201cO Globo no Ar\u201d, da R\u00e1dio Globo, local onde come\u00e7ou a ser chamado de L\u00e9o Batista. O pseud\u00f4nimo vem do nome da irm\u00e3, Leonilda, que gostava de ser chamada s\u00f3 de Nilda. Em 1955, migrou para a televis\u00e3o, apresentando durante 13 anos o Telejornal Pirelli, da extinta TV Rio.<\/p>\n\n\n\n<p>Apesar de ser um especialista em esporte, sempre foi considerado um \u201ccoringa\u201d desde que chegou \u00e0 Globo, que o convidou em 1970. Inicialmente, apenas para trabalhar na Copa do Mundo do M\u00e9xico, mas, depois que substituiu Cid Moreira em uma edi\u00e7\u00e3o do JN, nunca mais saiu. Na base do \u201cchama o L\u00e9o\u201d, tornou-se o primeiro apresentador tanto do Jornal Hoje, em 1971, quanto do Esporte Espetacular, em 1973, e tamb\u00e9m do Globo Esporte, em 1978. At\u00e9 ent\u00e3o, era o apresentador mais antigo da maior emissora do pa\u00eds. Tudo sempre com seu bom humor.<\/p>\n\n\n\n<p>\u201cGuardadas as devidas propor\u00e7\u00f5es, acho que tentei ser pioneiro numa \u00e9poca em que isso n\u00e3o era comum. Cheguei a levar algumas broncas. N\u00e3o s\u00f3 aprovo, como gosto muito desse estilo. Mas sem exageros, claro\u201d, disse L\u00e9o em entrevista ao GLOBO, em 2021.<\/p>\n\n\n\n<p>Seu grande leque de atua\u00e7\u00e3o o colocou no centro de grandes epis\u00f3dios da Hist\u00f3ria, como, por exemplo, ao ser o primeiro locutor que noticiou a morte do presidente Get\u00falio Vargas, em 1954, ou ser um dos jornalistas que transmitiram o primeiro jogo da carreira de Man\u00e9 Garrincha, maior \u00eddolo do Botafogo, em 1953.<\/p>\n\n\n\n<p>Torcedor do Botafogo, o lend\u00e1rio jornalista recebeu uma justa homenagem do clube do cora\u00e7\u00e3o ainda em vida, quando o alvinegro deu seu nome a uma das cabines de imprensa do est\u00e1dio Nilton Santos.<\/p>\n\n\n\n<p>Praticamente em voo solo, foi o primeiro narrador de uma transmiss\u00e3o de surfe e de F\u00f3rmula 1 na televis\u00e3o do pa\u00eds, al\u00e9m de marcar \u00e9poca com os gols do Fant\u00e1stico, que mudaram a forma com que se consumia o futebol nas d\u00e9cadas de 1970 e 1980, acompanhado da famosa \u201cZebrinha\u201d.<\/p>\n\n\n\n<p>Ali\u00e1s, a estreia como locutor esportivo havia sido na d\u00e9cada de 1950, em um jogo entre S\u00e3o Crist\u00f3v\u00e3o e Bonsucesso, no Maracan\u00e3. Desde a edi\u00e7\u00e3o da Copa do Mundo no Brasil, ele trabalhou em todos os Mundiais, in loco ou \u00e0 dist\u00e2ncia.<\/p>\n\n\n\n<p>Por O GLOBO \u2014 Rio de Janeiro<\/p>\n","protected":false},"excerpt":{"rendered":"<p>&#8220;Voz marcante&#8221;, se dedicou cerca de 77 anos \u00e0 profiss\u00e3o, com destaque na cobertura esportiva Em cerca de 77 anos de jornalismo, L\u00e9o Batista n\u00e3o s\u00f3 viveu, como noticiou, e&hellip;<\/p>\n","protected":false},"author":1,"featured_media":333277,"comment_status":"closed","ping_status":"open","sticky":false,"template":"","format":"standard","meta":{"footnotes":""},"categories":[34,36,42],"tags":[],"class_list":["post-333276","post","type-post","status-publish","format-standard","has-post-thumbnail","hentry","category-brasil","category-esporte","category-ultimas"],"_links":{"self":[{"href":"https:\/\/blogfolhadocomercio.com.br\/wp\/wp-json\/wp\/v2\/posts\/333276","targetHints":{"allow":["GET"]}}],"collection":[{"href":"https:\/\/blogfolhadocomercio.com.br\/wp\/wp-json\/wp\/v2\/posts"}],"about":[{"href":"https:\/\/blogfolhadocomercio.com.br\/wp\/wp-json\/wp\/v2\/types\/post"}],"author":[{"embeddable":true,"href":"https:\/\/blogfolhadocomercio.com.br\/wp\/wp-json\/wp\/v2\/users\/1"}],"replies":[{"embeddable":true,"href":"https:\/\/blogfolhadocomercio.com.br\/wp\/wp-json\/wp\/v2\/comments?post=333276"}],"version-history":[{"count":1,"href":"https:\/\/blogfolhadocomercio.com.br\/wp\/wp-json\/wp\/v2\/posts\/333276\/revisions"}],"predecessor-version":[{"id":333278,"href":"https:\/\/blogfolhadocomercio.com.br\/wp\/wp-json\/wp\/v2\/posts\/333276\/revisions\/333278"}],"wp:featuredmedia":[{"embeddable":true,"href":"https:\/\/blogfolhadocomercio.com.br\/wp\/wp-json\/wp\/v2\/media\/333277"}],"wp:attachment":[{"href":"https:\/\/blogfolhadocomercio.com.br\/wp\/wp-json\/wp\/v2\/media?parent=333276"}],"wp:term":[{"taxonomy":"category","embeddable":true,"href":"https:\/\/blogfolhadocomercio.com.br\/wp\/wp-json\/wp\/v2\/categories?post=333276"},{"taxonomy":"post_tag","embeddable":true,"href":"https:\/\/blogfolhadocomercio.com.br\/wp\/wp-json\/wp\/v2\/tags?post=333276"}],"curies":[{"name":"wp","href":"https:\/\/api.w.org\/{rel}","templated":true}]}}