{"id":333252,"date":"2025-01-19T22:24:06","date_gmt":"2025-01-20T01:24:06","guid":{"rendered":"https:\/\/blogfolhadocomercio.com.br\/wp\/2025\/01\/19\/governo-quer-emenda-para-acoes-contra-letalidade-policial-19-01-2025-painel\/"},"modified":"2025-01-19T22:24:13","modified_gmt":"2025-01-20T01:24:13","slug":"governo-quer-emenda-para-acoes-contra-letalidade-policial-19-01-2025-painel","status":"publish","type":"post","link":"https:\/\/blogfolhadocomercio.com.br\/wp\/2025\/01\/19\/governo-quer-emenda-para-acoes-contra-letalidade-policial-19-01-2025-painel\/","title":{"rendered":"Governo quer emenda para a\u00e7\u00f5es contra letalidade policial &#8211; 19\/01\/2025 &#8211; Painel"},"content":{"rendered":"<p> <br \/>\n<\/p>\n<div data-news-content-text=\"\" data-disable-copy=\"\" data-continue-reading=\"\" data-continue-reading-hide-others=\".js-continue-reading-hidden\" data-age-rating=\"\" itemprop=\"articleBody\">\n<p>O <a href=\"https:\/\/www1.folha.uol.com.br\/folha-topicos\/ministerio-da-justica\/\" rel=\"\" target=\"\">Minist\u00e9rio da Justi\u00e7a<\/a> tem atuado junto ao <a href=\"https:\/\/www1.folha.uol.com.br\/folha-topicos\/congresso-nacional\/\" rel=\"\" target=\"\">Congresso <\/a>para convencer parlamentares a destinarem emendas para a\u00e7\u00f5es alinhadas aos objetivos da pasta, como a aquisi\u00e7\u00e3o de armas de baixo potencial ofensivo, compra de c\u00e2meras corporais e outras iniciativas que reduzam a letalidade policial.<\/p>\n<p>Secret\u00e1rio de Assuntos Legislativos do minist\u00e9rio, <a href=\"https:\/\/www1.folha.uol.com.br\/cotidiano\/2023\/01\/da-favela-ao-ministerio-da-justica-marivaldo-pereira-luta-por-uma-justica-antirracista.shtml\" rel=\"\" target=\"\">Marivaldo Pereira<\/a> afirma que a atua\u00e7\u00e3o busca explicar aos parlamentares que a apresenta\u00e7\u00e3o de emendas a pol\u00edticas j\u00e1 realizadas pela pasta facilitaria a execu\u00e7\u00e3o dos recursos.<\/p>\n<p>&#8220;E ao mesmo tempo mostrando a import\u00e2ncia dessas pol\u00edticas. Ent\u00e3o, com esse objetivo, a gente apresentou ao Congresso a op\u00e7\u00e3o de aquisi\u00e7\u00e3o desses equipamentos de menor potencial ofensivo&#8221;, diz, afirmando que tamb\u00e9m houve a op\u00e7\u00e3o de investimento na compra de itens que permitam a cria\u00e7\u00e3o de oficinas para incentivo ao trabalho da pessoa presa.<\/p>\n<p>&#8220;J\u00e1 que a gente tem o problema da situa\u00e7\u00e3o das emendas [que tomam parte do Or\u00e7amento da Uni\u00e3o], pelo menos a gente est\u00e1 tentando trabalhar para que elas venham em sintonia com aquilo que o minist\u00e9rio est\u00e1 planejando.&#8221;<\/p>\n<p>&#8220;Ent\u00e3o tudo que vier de emenda no sentido de <a href=\"https:\/\/www1.folha.uol.com.br\/cotidiano\/2024\/12\/especialistas-pedem-politica-contra-letalidade-da-pm-que-va-alem-de-cameras-corporais.shtml\" rel=\"\" target=\"\">reduzir a letalidade policial<\/a>, de apoio \u00e0 atua\u00e7\u00e3o dos policiais, apoio psicol\u00f3gico aos policiais, de fornecimento de equipamento de prote\u00e7\u00e3o individual aos policiais como <a href=\"https:\/\/www1.folha.uol.com.br\/cotidiano\/2024\/12\/entenda-o-que-esta-em-jogo-no-modelo-de-cameras-corporais-da-pm-paulista.shtml\" rel=\"\" target=\"\">c\u00e2meras corporais<\/a>, de incentivo ao trabalho da pessoa presa, tudo isso \u00e9 muito bem-vindo&#8221;, diz.<\/p>\n<p>As conversas com parlamentares tamb\u00e9m buscam evitar que os recursos sejam enviados para pol\u00edticas que sejam &#8220;absolutamente estranhas&#8221; \u00e0s prioridades do minist\u00e9rio, complementa. &#8220;Primeiro porque ela vai ser implementada de forma fragmentada&#8221;, explica.<\/p>\n<p>&#8220;Vamos supor que eu tenho cem emendas, cada uma propondo uma pol\u00edtica p\u00fablica espec\u00edfica. Para cada uma delas eu tenho que fazer um conv\u00eanio. Isso significa que se eu vou ter que colocar toda a burocracia que eu dedicaria \u00e0 fun\u00e7\u00e3o das pol\u00edticas p\u00fablicas do minist\u00e9rio a servi\u00e7o da execu\u00e7\u00e3o das emendas&#8221;, complementa. &#8220;E executando pol\u00edticas p\u00fablicas que n\u00e3o necessariamente dialogam com as pol\u00edticas p\u00fablicas do minist\u00e9rio.&#8221;<\/p>\n<\/p><\/div>\n<div>\n<p class=\"c-context__content\">\n    <strong>LINK PRESENTE:<\/strong> Gostou deste texto? Assinante pode liberar sete acessos gratuitos de qualquer link por dia. Basta clicar no F azul abaixo.\n  <\/p>\n<\/div>\n<p><br \/>\n<br \/><a href=\"https:\/\/redir.folha.com.br\/redir\/online\/poder\/rss091\/*https:\/\/www1.folha.uol.com.br\/colunas\/painel\/2025\/01\/ministerio-busca-emendas-para-acoes-contra-letalidade-policial.shtml\">Fonte https:\/\/redir.folha.com.br\/redir\/online\/poder\/rss091\/*https:\/\/www1.folha.uol.com.br\/colunas\/painel\/2025\/01\/ministerio-busca-emendas-para-acoes-contra-letalidade-policial.shtml<\/a><\/p>\n","protected":false},"excerpt":{"rendered":"<p>O Minist\u00e9rio da Justi\u00e7a tem atuado junto ao Congresso para convencer parlamentares a destinarem emendas para a\u00e7\u00f5es alinhadas aos objetivos da pasta, como a aquisi\u00e7\u00e3o de armas de baixo potencial&hellip;<\/p>\n","protected":false},"author":1,"featured_media":333253,"comment_status":"closed","ping_status":"open","sticky":false,"template":"","format":"standard","meta":{"footnotes":""},"categories":[35,42],"tags":[],"class_list":["post-333252","post","type-post","status-publish","format-standard","has-post-thumbnail","hentry","category-politica","category-ultimas"],"_links":{"self":[{"href":"https:\/\/blogfolhadocomercio.com.br\/wp\/wp-json\/wp\/v2\/posts\/333252","targetHints":{"allow":["GET"]}}],"collection":[{"href":"https:\/\/blogfolhadocomercio.com.br\/wp\/wp-json\/wp\/v2\/posts"}],"about":[{"href":"https:\/\/blogfolhadocomercio.com.br\/wp\/wp-json\/wp\/v2\/types\/post"}],"author":[{"embeddable":true,"href":"https:\/\/blogfolhadocomercio.com.br\/wp\/wp-json\/wp\/v2\/users\/1"}],"replies":[{"embeddable":true,"href":"https:\/\/blogfolhadocomercio.com.br\/wp\/wp-json\/wp\/v2\/comments?post=333252"}],"version-history":[{"count":1,"href":"https:\/\/blogfolhadocomercio.com.br\/wp\/wp-json\/wp\/v2\/posts\/333252\/revisions"}],"predecessor-version":[{"id":333254,"href":"https:\/\/blogfolhadocomercio.com.br\/wp\/wp-json\/wp\/v2\/posts\/333252\/revisions\/333254"}],"wp:featuredmedia":[{"embeddable":true,"href":"https:\/\/blogfolhadocomercio.com.br\/wp\/wp-json\/wp\/v2\/media\/333253"}],"wp:attachment":[{"href":"https:\/\/blogfolhadocomercio.com.br\/wp\/wp-json\/wp\/v2\/media?parent=333252"}],"wp:term":[{"taxonomy":"category","embeddable":true,"href":"https:\/\/blogfolhadocomercio.com.br\/wp\/wp-json\/wp\/v2\/categories?post=333252"},{"taxonomy":"post_tag","embeddable":true,"href":"https:\/\/blogfolhadocomercio.com.br\/wp\/wp-json\/wp\/v2\/tags?post=333252"}],"curies":[{"name":"wp","href":"https:\/\/api.w.org\/{rel}","templated":true}]}}