{"id":333225,"date":"2025-01-18T15:27:13","date_gmt":"2025-01-18T18:27:13","guid":{"rendered":"https:\/\/blogfolhadocomercio.com.br\/wp\/?p=333225"},"modified":"2025-01-18T15:27:22","modified_gmt":"2025-01-18T18:27:22","slug":"fica-2025-tem-nova-data-veja-detalhes","status":"publish","type":"post","link":"https:\/\/blogfolhadocomercio.com.br\/wp\/2025\/01\/18\/fica-2025-tem-nova-data-veja-detalhes\/","title":{"rendered":"FICA 2025 tem nova data; veja detalhes"},"content":{"rendered":"\n<p>Com investimentos de R$ 6,1 milh\u00f5es do governo estadual, o Fica 2025 promete uma programa\u00e7\u00e3o diversificada<\/p>\n\n\n\n<figure class=\"wp-block-image size-large\"><img loading=\"lazy\" decoding=\"async\" width=\"1024\" height=\"576\" src=\"https:\/\/blogfolhadocomercio.com.br\/wp\/wp-content\/uploads\/2025\/01\/image-589-1024x576.png\" alt=\"\" class=\"wp-image-333226\" srcset=\"https:\/\/blogfolhadocomercio.com.br\/wp\/wp-content\/uploads\/2025\/01\/image-589-1024x576.png 1024w, https:\/\/blogfolhadocomercio.com.br\/wp\/wp-content\/uploads\/2025\/01\/image-589-300x169.png 300w, https:\/\/blogfolhadocomercio.com.br\/wp\/wp-content\/uploads\/2025\/01\/image-589-768x432.png 768w, https:\/\/blogfolhadocomercio.com.br\/wp\/wp-content\/uploads\/2025\/01\/image-589-1170x658.png 1170w, https:\/\/blogfolhadocomercio.com.br\/wp\/wp-content\/uploads\/2025\/01\/image-589-585x329.png 585w, https:\/\/blogfolhadocomercio.com.br\/wp\/wp-content\/uploads\/2025\/01\/image-589.png 1200w\" sizes=\"auto, (max-width: 1024px) 100vw, 1024px\" \/><\/figure>\n\n\n\n<p>A data da 26\u00aa edi\u00e7\u00e3o do&nbsp;<a href=\"https:\/\/www.maisgoias.com.br\/divirta-se\/fica-2024-festival-internacional-de-cinema-e-video-ambiental-sera-em-junho-com-show-da-banda-ira\/\" target=\"_blank\" rel=\"noreferrer noopener\">Festival Internacional de Cinema e V\u00eddeo Ambiental<\/a>&nbsp;(FICA) foi alterada para os dias 10 a 15 de junho de 2025. Inicialmente marcado para ocorrer entre 3 e 8 de junho, o evento teve sua programa\u00e7\u00e3o ajustada para evitar coincid\u00eancia com a&nbsp;<a href=\"https:\/\/www.maisgoias.com.br\/divirta-se\/pirenopolis-divulga-programacao-da-festa-do-divino-espirito-santo-e-cavalhadas-2024\/\" target=\"_blank\" rel=\"noreferrer noopener\">Festa do Divino Esp\u00edrito Santo<\/a>, que acontecer\u00e1 de 30 de maio a 8 de junho, na cidade de Goi\u00e1s.&nbsp;<\/p>\n\n\n\n<p>A decis\u00e3o, anunciada pela&nbsp;<a href=\"https:\/\/www.maisgoias.com.br\/cidades\/secult-goias-abre-agendamento-para-atividades-culturais-em-seus-espacos-em-2025\/\" target=\"_blank\" rel=\"noreferrer noopener\">Secretaria de Estado da Cultura<\/a>&nbsp;(Secult), levou em conta a import\u00e2ncia cultural da festividade religiosa para a comunidade local. \u201cEssa mudan\u00e7a permite que os dois eventos aconte\u00e7am sem interfer\u00eancia m\u00fatua, valorizando suas respectivas tradi\u00e7\u00f5es e p\u00fablicos\u201d, explicou a organiza\u00e7\u00e3o do festival.<\/p>\n\n\n\n<p>Com investimentos de R$ 6,1 milh\u00f5es do governo estadual, o Fica 2025 promete uma programa\u00e7\u00e3o diversificada, incluindo mostras de cinema, atividades formativas sobre meio ambiente, shows, feiras de artesanato, exposi\u00e7\u00f5es e apresenta\u00e7\u00f5es art\u00edsticas. A novidade deste ano ser\u00e1 uma \u00e1rea especialmente dedicada ao p\u00fablico infantil.<\/p>\n\n\n\n<p>O Fica \u00e9 realizado pela Secult em parceria com a&nbsp;<a href=\"https:\/\/www.maisgoias.com.br\/cidades\/pesquisadores-da-ufg-estao-entre-os-mais-influentes-do-mundo\/\" target=\"_blank\" rel=\"noreferrer noopener\">Universidade Federal de Goi\u00e1s<\/a>&nbsp;(UFG) e a Funda\u00e7\u00e3o R\u00e1dio e Televis\u00e3o Educativa (RTVE), al\u00e9m de contar com o apoio da Universidade Estadual de Goi\u00e1s (UEG), Instituto Federal de Goi\u00e1s (IFG), Sesc Goi\u00e1s, Goi\u00e1s Social e da prefeitura da cidade de Goi\u00e1s. Reconhecido como um dos maiores festivais ambientais do Brasil, o evento reafirma seu compromisso com a cultura, o turismo e a preserva\u00e7\u00e3o ambiental.<\/p>\n\n\n\n<p><strong>Por Mais Goi\u00e1s<\/strong><\/p>\n","protected":false},"excerpt":{"rendered":"<p>Com investimentos de R$ 6,1 milh\u00f5es do governo estadual, o Fica 2025 promete uma programa\u00e7\u00e3o diversificada A data da 26\u00aa edi\u00e7\u00e3o do&nbsp;Festival Internacional de Cinema e V\u00eddeo Ambiental&nbsp;(FICA) foi alterada&hellip;<\/p>\n","protected":false},"author":1,"featured_media":333226,"comment_status":"closed","ping_status":"open","sticky":false,"template":"","format":"standard","meta":{"footnotes":""},"categories":[34,56,41,42],"tags":[],"class_list":["post-333225","post","type-post","status-publish","format-standard","has-post-thumbnail","hentry","category-brasil","category-cultura","category-lazer","category-ultimas"],"_links":{"self":[{"href":"https:\/\/blogfolhadocomercio.com.br\/wp\/wp-json\/wp\/v2\/posts\/333225","targetHints":{"allow":["GET"]}}],"collection":[{"href":"https:\/\/blogfolhadocomercio.com.br\/wp\/wp-json\/wp\/v2\/posts"}],"about":[{"href":"https:\/\/blogfolhadocomercio.com.br\/wp\/wp-json\/wp\/v2\/types\/post"}],"author":[{"embeddable":true,"href":"https:\/\/blogfolhadocomercio.com.br\/wp\/wp-json\/wp\/v2\/users\/1"}],"replies":[{"embeddable":true,"href":"https:\/\/blogfolhadocomercio.com.br\/wp\/wp-json\/wp\/v2\/comments?post=333225"}],"version-history":[{"count":1,"href":"https:\/\/blogfolhadocomercio.com.br\/wp\/wp-json\/wp\/v2\/posts\/333225\/revisions"}],"predecessor-version":[{"id":333227,"href":"https:\/\/blogfolhadocomercio.com.br\/wp\/wp-json\/wp\/v2\/posts\/333225\/revisions\/333227"}],"wp:featuredmedia":[{"embeddable":true,"href":"https:\/\/blogfolhadocomercio.com.br\/wp\/wp-json\/wp\/v2\/media\/333226"}],"wp:attachment":[{"href":"https:\/\/blogfolhadocomercio.com.br\/wp\/wp-json\/wp\/v2\/media?parent=333225"}],"wp:term":[{"taxonomy":"category","embeddable":true,"href":"https:\/\/blogfolhadocomercio.com.br\/wp\/wp-json\/wp\/v2\/categories?post=333225"},{"taxonomy":"post_tag","embeddable":true,"href":"https:\/\/blogfolhadocomercio.com.br\/wp\/wp-json\/wp\/v2\/tags?post=333225"}],"curies":[{"name":"wp","href":"https:\/\/api.w.org\/{rel}","templated":true}]}}