{"id":333186,"date":"2025-01-17T15:52:14","date_gmt":"2025-01-17T18:52:14","guid":{"rendered":"https:\/\/blogfolhadocomercio.com.br\/wp\/?p=333186"},"modified":"2025-01-17T15:52:16","modified_gmt":"2025-01-17T18:52:16","slug":"conferencias-municipais-de-meio-ambiente-acontecem-ate-dia-26-veja-calendario","status":"publish","type":"post","link":"https:\/\/blogfolhadocomercio.com.br\/wp\/2025\/01\/17\/conferencias-municipais-de-meio-ambiente-acontecem-ate-dia-26-veja-calendario\/","title":{"rendered":"Confer\u00eancias municipais de meio ambiente acontecem at\u00e9 dia 26; veja calend\u00e1rio"},"content":{"rendered":"\n<p>Etapa municipal \u00e9 preparat\u00f3ria para Confer\u00eancia Estadual do Meio Ambiente, a se realizar nos dias 13 e 14 de mar\u00e7o de 2025<\/p>\n\n\n\n<figure class=\"wp-block-image size-large\"><img loading=\"lazy\" decoding=\"async\" width=\"1024\" height=\"576\" src=\"https:\/\/blogfolhadocomercio.com.br\/wp\/wp-content\/uploads\/2025\/01\/image-579-1024x576.png\" alt=\"\" class=\"wp-image-333187\" srcset=\"https:\/\/blogfolhadocomercio.com.br\/wp\/wp-content\/uploads\/2025\/01\/image-579-1024x576.png 1024w, https:\/\/blogfolhadocomercio.com.br\/wp\/wp-content\/uploads\/2025\/01\/image-579-300x169.png 300w, https:\/\/blogfolhadocomercio.com.br\/wp\/wp-content\/uploads\/2025\/01\/image-579-768x432.png 768w, https:\/\/blogfolhadocomercio.com.br\/wp\/wp-content\/uploads\/2025\/01\/image-579-1170x658.png 1170w, https:\/\/blogfolhadocomercio.com.br\/wp\/wp-content\/uploads\/2025\/01\/image-579-585x329.png 585w, https:\/\/blogfolhadocomercio.com.br\/wp\/wp-content\/uploads\/2025\/01\/image-579.png 1200w\" sizes=\"auto, (max-width: 1024px) 100vw, 1024px\" \/><\/figure>\n\n\n\n<p>Termina no dia 26 de janeiro o prazo para que os munic\u00edpios realizem as&nbsp;<a href=\"https:\/\/www.maisgoias.com.br\/cidades\/forum-de-mudancas-climaticas-de-goias-reune-se-pela-1a-vez-em-dezembro\/\">confer\u00eancias municipais e intermunicipais do meio ambiente.<\/a>&nbsp;Em Goi\u00e1s, aproximadamente 80 munic\u00edpios atenderam \u00e0 convoca\u00e7\u00e3o da&nbsp;<a href=\"https:\/\/goias.gov.br\/meioambiente\/\">Secretaria de Estado de Meio Ambiente e Desenvolvimento Sustent\u00e1vel (Semad)<\/a>&nbsp;e v\u00e3o realizar plen\u00e1rias (se j\u00e1 n\u00e3o tiverem realizado).<\/p>\n\n\n\n<p>A realiza\u00e7\u00e3o da Confer\u00eancia Municipal ou Intermunicipal do Meio Ambiente \u00e9 parte das etapas preparat\u00f3rias para a Confer\u00eancia Nacional. A iniciativa tem cinco eixos tem\u00e1ticos: (i) mitiga\u00e7\u00e3o, (ii) adapta\u00e7\u00e3o e prepara\u00e7\u00e3o para desastres, (iii) justi\u00e7a clim\u00e1tica, (iv) transforma\u00e7\u00e3o ecol\u00f3gica, e (v) governan\u00e7a e educa\u00e7\u00e3o ambiental.<\/p>\n\n\n\n<p>Essas confer\u00eancias municipais e intermunicipais v\u00e3o produzir propostas e indicar delegados para a Confer\u00eancia Estadual, a se realizar nos dias 13 e 14 de mar\u00e7o de 2025, em Goi\u00e2nia. A Comiss\u00e3o Organizadora Estadual \u00e9 presidida pelo subsecret\u00e1rio de Planejamento, Gest\u00e3o Ambiental e Desenvolvimento Sustent\u00e1vel da Semad e ter\u00e1 38 membros titulares, dos quais 19 representantes da sociedade civil e 19 do poder p\u00fablico, indicados pelo F\u00f3rum Goiano de Mudan\u00e7as Clim\u00e1ticas e Desenvolvimento Sustent\u00e1vel.<\/p>\n\n\n\n<p>Essa comiss\u00e3o ter\u00e1 a tarefa de reunir as propostas aprovadas nas confer\u00eancias municipais, intermunicipais e livres em um caderno de propostas para a confer\u00eancia estadual.A etapa estadual ocorrer\u00e1 com apoio da Assembleia Legislativa.<\/p>\n\n\n\n<h2 class=\"wp-block-heading\" id=\"h-conferencia-estadual-formato\">Confer\u00eancia Estadual: formato<\/h2>\n\n\n\n<p>O formato da confer\u00eancia estadual j\u00e1 est\u00e1 definido: com direito a voz e voto, ser\u00e3o at\u00e9 400 delegados eleitos na etapa municipal, at\u00e9 100 eleitos nas confer\u00eancias livres, integrantes titulares da comiss\u00e3o organizadora estadual, representantes de comiss\u00f5es organizadoras municipais, membros da Comiss\u00e3o de Meio Ambiente e Recursos H\u00eddricos da Assembleia Legislativa, membros da Secretaria Estadual de Meio Ambiente, membros do Conselho Estadual do Meio Ambiente, e outros colegiados e institui\u00e7\u00f5es a serem definidos pela Coordena\u00e7\u00e3o Executiva Estadual.<\/p>\n\n\n\n<p>\u201cA disponibilidade h\u00eddrica no Cerrado, que \u00e9 conhecido como Ber\u00e7o das \u00c1guas, est\u00e1 sofrendo altera\u00e7\u00f5es pelas mudan\u00e7as clim\u00e1ticas, o que poder\u00e1 comprometer o abastecimento de comunidades, a gera\u00e7\u00e3o de energia, os servi\u00e7os de saneamento b\u00e1sico, a produ\u00e7\u00e3o de alimentos e a manuten\u00e7\u00e3o dos ecossistemas\u201d, afirma Nat\u00e1lia Brito, da Semad. \u201cVisto que a maioria dos munic\u00edpios goianos tem vulnerabilidade alta ou muito alta a secas, segundo os dados do AdaptaBrasil, e que os impactos das mudan\u00e7as clim\u00e1ticas sobre a Seguran\u00e7a H\u00eddrica exigem uma abordagem integrada, este tema ser\u00e1 tratado de forma transversal em todos os eixos no Estado de Goi\u00e1s\u201d.<\/p>\n\n\n\n<h2 class=\"wp-block-heading\" id=\"h-conferencias-municipais-datas\">Confer\u00eancias municipais: datas<\/h2>\n\n\n\n<ul class=\"wp-block-list\">\n<li>Campina\u00e7u, Campinorte, Rialma, Guarinos, Mara Rosa, Ipameri, Amaralina, Caldazinha, Goian\u00e1polis, Bonfin\u00f3polis, Ouro Verde de Goi\u00e1s, Campos Verdes, Caiap\u00f4nia, Santo Ant\u00f4nio do Descoberto, Ceres, Jandaia, Rio Verde, S\u00e3o Domingos, Alvorada do Norte, Jaragu\u00e1, Rubiataba, Santa Barbara \u2013 22\/01\/2025 \u2013 audit\u00f3rio Conselho Regional de Contabilidade de Goi\u00e1s, em Goi\u00e2nia, no endere\u00e7o R. 107, 151 \u2013 St. Sul, Goi\u00e2nia \u2013 8h<\/li>\n\n\n\n<li>Aragar\u00e7as, Aren\u00f3polis, Bom Jardim de Goi\u00e1s, Diorama, Israel\u00e2ndia, Jaupaci e Montes Claros de Goi\u00e1s \u2013 24\/01\/2025 \u2013 C\u00e2mara Municipal de Montes Claros de Goi\u00e1s \u2013 8h<\/li>\n\n\n\n<li>Orizona \u2013 24\/01\/2025 \u2013 Avenida 7 de Setembro \u2013 Gin\u00e1sio de Esportes \u2013 8h<\/li>\n\n\n\n<li>\u00c1gua Limpa, Bela Vista de Goi\u00e1s, Buriti Alegre, Caldas Novas, Cristian\u00f3polis, Corumba\u00edba, Marzag\u00e3o, Morrinhos, Piracanjuba, Rio Quente, S\u00e3o Miguel do Passa Quatro e Santa Cruz de Goi\u00e1s \u2013 22\/01\/2025 \u2013 Audit\u00f3rio do Parque Estadual Serra de Caldas Novas \u2013 8h<\/li>\n\n\n\n<li>Senador Canedo \u2013 21\/01\/2024 \u2013 Pa\u00e7o Municipal \u2013 GO 403 Km 9, Morada do Morro, Senador Canedo \u2013 9h<\/li>\n\n\n\n<li>Goi\u00e2nia \u2013 23 e 24\/01\/2025 \u2013 Audit\u00f3rio Jaime C\u00e2mara \u2013 C\u00e2mara Municipal de Goi\u00e2nia, Avenida Goi\u00e1s, Setor Central \u2013 9h<\/li>\n\n\n\n<li>Aparecida \u2013 23\/01\/2025 \u2013 C\u00e2mara Municipal \u2013 8h<\/li>\n\n\n\n<li>Itau\u00e7u e Inhumas \u2013 23\/01\/2025 \u2013 Av. Wilson Quirino de Andrade, 450 \u2013 Centro, Inhumas \u2013 8h<\/li>\n\n\n\n<li>Santa Rita e Perol\u00e2ndia- 24\/01\/2025 \u2013 C\u00e2mara Municipal de Santa Rita do Araguaia \u2013 8h<\/li>\n\n\n\n<li>Hidrol\u00e2ndia \u2013 22\/01\/2025 \u2013 Audit\u00f3rio da Escola Municipal Jos\u00e9 Am\u00e2ncio de Souza Pinto \u2013 8h<\/li>\n<\/ul>\n\n\n\n<p><strong>Por Mais Goi\u00e1s<\/strong><\/p>\n","protected":false},"excerpt":{"rendered":"<p>Etapa municipal \u00e9 preparat\u00f3ria para Confer\u00eancia Estadual do Meio Ambiente, a se realizar nos dias 13 e 14 de mar\u00e7o de 2025 Termina no dia 26 de janeiro o prazo&hellip;<\/p>\n","protected":false},"author":1,"featured_media":333187,"comment_status":"closed","ping_status":"open","sticky":false,"template":"","format":"standard","meta":{"footnotes":""},"categories":[1,69,42],"tags":[],"class_list":["post-333186","post","type-post","status-publish","format-standard","has-post-thumbnail","hentry","category-cidades","category-meio-ambiente","category-ultimas"],"_links":{"self":[{"href":"https:\/\/blogfolhadocomercio.com.br\/wp\/wp-json\/wp\/v2\/posts\/333186","targetHints":{"allow":["GET"]}}],"collection":[{"href":"https:\/\/blogfolhadocomercio.com.br\/wp\/wp-json\/wp\/v2\/posts"}],"about":[{"href":"https:\/\/blogfolhadocomercio.com.br\/wp\/wp-json\/wp\/v2\/types\/post"}],"author":[{"embeddable":true,"href":"https:\/\/blogfolhadocomercio.com.br\/wp\/wp-json\/wp\/v2\/users\/1"}],"replies":[{"embeddable":true,"href":"https:\/\/blogfolhadocomercio.com.br\/wp\/wp-json\/wp\/v2\/comments?post=333186"}],"version-history":[{"count":1,"href":"https:\/\/blogfolhadocomercio.com.br\/wp\/wp-json\/wp\/v2\/posts\/333186\/revisions"}],"predecessor-version":[{"id":333188,"href":"https:\/\/blogfolhadocomercio.com.br\/wp\/wp-json\/wp\/v2\/posts\/333186\/revisions\/333188"}],"wp:featuredmedia":[{"embeddable":true,"href":"https:\/\/blogfolhadocomercio.com.br\/wp\/wp-json\/wp\/v2\/media\/333187"}],"wp:attachment":[{"href":"https:\/\/blogfolhadocomercio.com.br\/wp\/wp-json\/wp\/v2\/media?parent=333186"}],"wp:term":[{"taxonomy":"category","embeddable":true,"href":"https:\/\/blogfolhadocomercio.com.br\/wp\/wp-json\/wp\/v2\/categories?post=333186"},{"taxonomy":"post_tag","embeddable":true,"href":"https:\/\/blogfolhadocomercio.com.br\/wp\/wp-json\/wp\/v2\/tags?post=333186"}],"curies":[{"name":"wp","href":"https:\/\/api.w.org\/{rel}","templated":true}]}}