{"id":333041,"date":"2025-01-16T23:06:31","date_gmt":"2025-01-17T02:06:31","guid":{"rendered":"https:\/\/blogfolhadocomercio.com.br\/wp\/?p=333041"},"modified":"2025-01-16T23:06:33","modified_gmt":"2025-01-17T02:06:33","slug":"gaza-registra-mais-de-70-mortes-em-bombardeios-desde-anuncio-de-cessar-fogo","status":"publish","type":"post","link":"https:\/\/blogfolhadocomercio.com.br\/wp\/2025\/01\/16\/gaza-registra-mais-de-70-mortes-em-bombardeios-desde-anuncio-de-cessar-fogo\/","title":{"rendered":"Gaza registra mais de 70 mortes em bombardeios desde an\u00fancio de cessar-fogo"},"content":{"rendered":"\n<p>No total, o n\u00famero de palestinos mortos na guerra chega a 46.788<\/p>\n\n\n\n<figure class=\"wp-block-image size-large\"><img loading=\"lazy\" decoding=\"async\" width=\"1024\" height=\"576\" src=\"https:\/\/blogfolhadocomercio.com.br\/wp\/wp-content\/uploads\/2025\/01\/image-533-1024x576.png\" alt=\"\" class=\"wp-image-333042\" srcset=\"https:\/\/blogfolhadocomercio.com.br\/wp\/wp-content\/uploads\/2025\/01\/image-533-1024x576.png 1024w, https:\/\/blogfolhadocomercio.com.br\/wp\/wp-content\/uploads\/2025\/01\/image-533-300x169.png 300w, https:\/\/blogfolhadocomercio.com.br\/wp\/wp-content\/uploads\/2025\/01\/image-533-768x432.png 768w, https:\/\/blogfolhadocomercio.com.br\/wp\/wp-content\/uploads\/2025\/01\/image-533-1170x658.png 1170w, https:\/\/blogfolhadocomercio.com.br\/wp\/wp-content\/uploads\/2025\/01\/image-533-585x329.png 585w, https:\/\/blogfolhadocomercio.com.br\/wp\/wp-content\/uploads\/2025\/01\/image-533.png 1200w\" sizes=\"auto, (max-width: 1024px) 100vw, 1024px\" \/><\/figure>\n\n\n\n<p>(POR MAIS GOI\u00c1S) Desde o an\u00fancio do acordo por um cessar-fogo entre Israel e o grupo terrorista Hamas, mais de 70 pessoas morreram na<a href=\"https:\/\/www.maisgoias.com.br\/brasil\/milhares-fogem-de-gaza-apos-nova-ofensiva-de-israel\/\" target=\"_blank\" rel=\"noreferrer noopener\">\u00a0Faixa de <\/a>G<a href=\"https:\/\/www.maisgoias.com.br\/brasil\/milhares-fogem-de-gaza-apos-nova-ofensiva-de-israel\/\" target=\"_blank\" rel=\"noreferrer noopener\">aza,<\/a>\u00a0de acordo com o an\u00fancio do servi\u00e7o de emerg\u00eancia da Defesa Civil local, nesta quinta-feira (16\/01). Israel intensificou os ataques a\u00e9reos contra Gaza horas ap\u00f3s o an\u00fancio do acordo, na quarta-feira (15).<\/p>\n\n\n\n<p>Catar e Estados Unidos anunciaram o acordo, que prev\u00ea a liberta\u00e7\u00e3o de dezenas de ref\u00e9ns e a retirada gradual das tropas israelenses de Gaza. Ambos, junto com o Egito, mediaram as negocia\u00e7\u00f5es que se arrastaram por meses. Apesar de assinado, o cessar-fogo s\u00f3 entra em vigor no domingo (19\/01).<\/p>\n\n\n\n<p>De acordo com o balan\u00e7o do minist\u00e9rio de Sa\u00fade de Gaza, controlado pelo Hamas, foram registradas 81 mortes nas \u00faltimas 24 horas em ataques israelenses, al\u00e9m de 188 feridos. No total, o n\u00famero de palestinos mortos na guerra chega a 46.788. Um dos bombardeios israelenses atingiu uma escola, transformada em abrigo para deslocados da guerra, deixando quatro pessoas mortas e 20 feridas.<\/p>\n\n\n\n<p>O primeiro-ministro de Israel,&nbsp;<a href=\"https:\/\/en.wikipedia.org\/wiki\/Benjamin_Netanyahu\" target=\"_blank\" rel=\"noreferrer noopener\">Benjamin Netanyahu<\/a>, acusou o Hamas de n\u00e3o respeitar os termos do cessar-fogo e causar uma \u201ccrise de \u00faltima hora\u201d no acordo. O Hamas nega. Os palestinos pedem uma implementa\u00e7\u00e3o mais veloz da tr\u00e9gua, que pode ser atrasada pelo impasse entre Israel e Hamas mencionado por Netanyahu.<\/p>\n\n\n\n<p>\u201cPerdemos casas a cada hora. Exigimos que essa alegria n\u00e3o desapare\u00e7a, a alegria que foi desenhada em nossos rostos \u2013 n\u00e3o a desperdicem adiando a implementa\u00e7\u00e3o da tr\u00e9gua at\u00e9 domingo\u201d, disse o morador Mahmoud Abu Wardeh.<\/p>\n\n\n\n<p><em>*Com informa\u00e7\u00f5es do portal G1<\/em><\/p>\n","protected":false},"excerpt":{"rendered":"<p>No total, o n\u00famero de palestinos mortos na guerra chega a 46.788 (POR MAIS GOI\u00c1S) Desde o an\u00fancio do acordo por um cessar-fogo entre Israel e o grupo terrorista Hamas,&hellip;<\/p>\n","protected":false},"author":1,"featured_media":333042,"comment_status":"closed","ping_status":"open","sticky":false,"template":"","format":"standard","meta":{"footnotes":""},"categories":[46,42],"tags":[],"class_list":["post-333041","post","type-post","status-publish","format-standard","has-post-thumbnail","hentry","category-mundo","category-ultimas"],"_links":{"self":[{"href":"https:\/\/blogfolhadocomercio.com.br\/wp\/wp-json\/wp\/v2\/posts\/333041","targetHints":{"allow":["GET"]}}],"collection":[{"href":"https:\/\/blogfolhadocomercio.com.br\/wp\/wp-json\/wp\/v2\/posts"}],"about":[{"href":"https:\/\/blogfolhadocomercio.com.br\/wp\/wp-json\/wp\/v2\/types\/post"}],"author":[{"embeddable":true,"href":"https:\/\/blogfolhadocomercio.com.br\/wp\/wp-json\/wp\/v2\/users\/1"}],"replies":[{"embeddable":true,"href":"https:\/\/blogfolhadocomercio.com.br\/wp\/wp-json\/wp\/v2\/comments?post=333041"}],"version-history":[{"count":1,"href":"https:\/\/blogfolhadocomercio.com.br\/wp\/wp-json\/wp\/v2\/posts\/333041\/revisions"}],"predecessor-version":[{"id":333043,"href":"https:\/\/blogfolhadocomercio.com.br\/wp\/wp-json\/wp\/v2\/posts\/333041\/revisions\/333043"}],"wp:featuredmedia":[{"embeddable":true,"href":"https:\/\/blogfolhadocomercio.com.br\/wp\/wp-json\/wp\/v2\/media\/333042"}],"wp:attachment":[{"href":"https:\/\/blogfolhadocomercio.com.br\/wp\/wp-json\/wp\/v2\/media?parent=333041"}],"wp:term":[{"taxonomy":"category","embeddable":true,"href":"https:\/\/blogfolhadocomercio.com.br\/wp\/wp-json\/wp\/v2\/categories?post=333041"},{"taxonomy":"post_tag","embeddable":true,"href":"https:\/\/blogfolhadocomercio.com.br\/wp\/wp-json\/wp\/v2\/tags?post=333041"}],"curies":[{"name":"wp","href":"https:\/\/api.w.org\/{rel}","templated":true}]}}