{"id":332984,"date":"2025-01-16T22:34:13","date_gmt":"2025-01-17T01:34:13","guid":{"rendered":"https:\/\/blogfolhadocomercio.com.br\/wp\/?p=332984"},"modified":"2025-01-16T22:34:16","modified_gmt":"2025-01-17T01:34:16","slug":"crac-e-anapolis-empatam-na-abertura-do-goianao","status":"publish","type":"post","link":"https:\/\/blogfolhadocomercio.com.br\/wp\/2025\/01\/16\/crac-e-anapolis-empatam-na-abertura-do-goianao\/","title":{"rendered":"Crac e An\u00e1polis empatam na abertura do Goian\u00e3o"},"content":{"rendered":"\n<p>O Galo da Comarca saiu na frente, mas o Le\u00e3o do Sul empatou na segunda etapa<\/p>\n\n\n\n<figure class=\"wp-block-image size-large\"><img loading=\"lazy\" decoding=\"async\" width=\"1024\" height=\"640\" src=\"https:\/\/blogfolhadocomercio.com.br\/wp\/wp-content\/uploads\/2025\/01\/image-514-1024x640.png\" alt=\"\" class=\"wp-image-332985\" srcset=\"https:\/\/blogfolhadocomercio.com.br\/wp\/wp-content\/uploads\/2025\/01\/image-514-1024x640.png 1024w, https:\/\/blogfolhadocomercio.com.br\/wp\/wp-content\/uploads\/2025\/01\/image-514-300x188.png 300w, https:\/\/blogfolhadocomercio.com.br\/wp\/wp-content\/uploads\/2025\/01\/image-514-768x480.png 768w, https:\/\/blogfolhadocomercio.com.br\/wp\/wp-content\/uploads\/2025\/01\/image-514-585x366.png 585w, https:\/\/blogfolhadocomercio.com.br\/wp\/wp-content\/uploads\/2025\/01\/image-514.png 1080w\" sizes=\"auto, (max-width: 1024px) 100vw, 1024px\" \/><\/figure>\n\n\n\n<p>Por V\u00edctor Santos- Na primeira rodada do Campeonato Goiano 2025, Crac e An\u00e1polis empataram em 1 a 1. O duelo ocorreu na noite desta quarta-feira (15\/1) no est\u00e1dio Genervino da Fonseca, em Catal\u00e3o.<\/p>\n\n\n\n<p>Quem abriu o placar foi o An\u00e1polis, com Ariel Pal\u00e1cio. Aos 49 do primeiro tempo, o jogador recebeu cruzamento e cabeceou a bola para o fundo das redes. O Crac empatou aos quatro minutos da segunda etapa, com Cleo.<\/p>\n\n\n\n<p>O pr\u00f3ximo jogo do Crac ser\u00e1 contra o\u00a0Goi\u00e1s, no s\u00e1bado (18\/1), no est\u00e1dio Hail\u00e9 Pinheiro, em Goi\u00e2nia. J\u00e1 o An\u00e1polis recebe o Vila Nova no domingo (19\/1), \u00e0s 16h, no Est\u00e1dio Jonas Duarte, em An\u00e1polis.<\/p>\n\n\n\n<p><strong>Por Mais Goi\u00e1s<\/strong><\/p>\n","protected":false},"excerpt":{"rendered":"<p>O Galo da Comarca saiu na frente, mas o Le\u00e3o do Sul empatou na segunda etapa Por V\u00edctor Santos- Na primeira rodada do Campeonato Goiano 2025, Crac e An\u00e1polis empataram&hellip;<\/p>\n","protected":false},"author":1,"featured_media":332985,"comment_status":"closed","ping_status":"open","sticky":false,"template":"","format":"standard","meta":{"footnotes":""},"categories":[36,42],"tags":[],"class_list":["post-332984","post","type-post","status-publish","format-standard","has-post-thumbnail","hentry","category-esporte","category-ultimas"],"_links":{"self":[{"href":"https:\/\/blogfolhadocomercio.com.br\/wp\/wp-json\/wp\/v2\/posts\/332984","targetHints":{"allow":["GET"]}}],"collection":[{"href":"https:\/\/blogfolhadocomercio.com.br\/wp\/wp-json\/wp\/v2\/posts"}],"about":[{"href":"https:\/\/blogfolhadocomercio.com.br\/wp\/wp-json\/wp\/v2\/types\/post"}],"author":[{"embeddable":true,"href":"https:\/\/blogfolhadocomercio.com.br\/wp\/wp-json\/wp\/v2\/users\/1"}],"replies":[{"embeddable":true,"href":"https:\/\/blogfolhadocomercio.com.br\/wp\/wp-json\/wp\/v2\/comments?post=332984"}],"version-history":[{"count":1,"href":"https:\/\/blogfolhadocomercio.com.br\/wp\/wp-json\/wp\/v2\/posts\/332984\/revisions"}],"predecessor-version":[{"id":332986,"href":"https:\/\/blogfolhadocomercio.com.br\/wp\/wp-json\/wp\/v2\/posts\/332984\/revisions\/332986"}],"wp:featuredmedia":[{"embeddable":true,"href":"https:\/\/blogfolhadocomercio.com.br\/wp\/wp-json\/wp\/v2\/media\/332985"}],"wp:attachment":[{"href":"https:\/\/blogfolhadocomercio.com.br\/wp\/wp-json\/wp\/v2\/media?parent=332984"}],"wp:term":[{"taxonomy":"category","embeddable":true,"href":"https:\/\/blogfolhadocomercio.com.br\/wp\/wp-json\/wp\/v2\/categories?post=332984"},{"taxonomy":"post_tag","embeddable":true,"href":"https:\/\/blogfolhadocomercio.com.br\/wp\/wp-json\/wp\/v2\/tags?post=332984"}],"curies":[{"name":"wp","href":"https:\/\/api.w.org\/{rel}","templated":true}]}}