{"id":332966,"date":"2025-01-16T08:48:02","date_gmt":"2025-01-16T11:48:02","guid":{"rendered":"https:\/\/blogfolhadocomercio.com.br\/wp\/2025\/01\/16\/lula-celebra-anuncio-de-cessar-fogo-na-faixa-de-gaza\/"},"modified":"2025-01-16T08:48:03","modified_gmt":"2025-01-16T11:48:03","slug":"lula-celebra-anuncio-de-cessar-fogo-na-faixa-de-gaza","status":"publish","type":"post","link":"https:\/\/blogfolhadocomercio.com.br\/wp\/2025\/01\/16\/lula-celebra-anuncio-de-cessar-fogo-na-faixa-de-gaza\/","title":{"rendered":"Lula celebra an\u00fancio de cessar-fogo na Faixa de Gaza"},"content":{"rendered":"<p> <br \/>\n<\/p>\n<div>\n<p>O presidente Luiz In\u00e1cio Lula da Silva e o governo brasileiro celebraram o an\u00fancio de um acordo de cessar-fogo entre Israel e o Hamas, na Faixa de Gaza, para suspender um conflito militar que j\u00e1 matou mais de 46 mil palestinos, grande parte mulheres e crian\u00e7as, al\u00e9m de 1,2 mil soldados israelenses, desde outubro de 2023.<img decoding=\"async\" src=\"https:\/\/agenciabrasil.ebc.com.br\/ebc.gif?id=1626939&#038;o=node\" style=\"width:1px; height:1px; display:inline;\"\/><\/p>\n<p>O pacto foi anunciado nesta quarta-feira (15) pelo primeiro-ministro do Catar, o xeique Tamim bin Hamad\u00a0Al-Thani, e deve come\u00e7ar a\u00a0valer a partir de 19 de janeiro.<\/p>\n<p>&#8220;Ap\u00f3s tanto tempo de sofrimento e destrui\u00e7\u00e3o, a not\u00edcia de que um cessar-fogo em Gaza foi finalmente negociado traz esperan\u00e7a. Que a interrup\u00e7\u00e3o dos conflitos e a liberta\u00e7\u00e3o dos ref\u00e9ns ajudem a construir uma solu\u00e7\u00e3o duradoura que traga paz e estabilidade a todo Oriente M\u00e9dio&#8221;, escreveu o presidente em um postagem nas redes sociais.<\/p>\n<p>O Pal\u00e1cio do Itamaraty, que representa o Minist\u00e9rio das Rela\u00e7\u00f5es Exteriores do Brasil, tamb\u00e9m emitiu um comunicado oficial saudando a suspens\u00e3o da guerra, ap\u00f3s media\u00e7\u00e3o promovida pelos governos do Catar, do Egito e dos Estados Unidos.<\/p>\n<p>&#8220;Se confirmado oficialmente pelas partes envolvidas, o acordo interrompe conflito que, em 15 meses, vitimou fatalmente mais de 46 mil palestinos, com grande propor\u00e7\u00e3o de mulheres e crian\u00e7as, e mais de 1.200 israelenses, al\u00e9m de mais de 160 jornalistas e 265 funcion\u00e1rios das Na\u00e7\u00f5es Unidas. O conflito causou ainda o deslocamento for\u00e7ado de centenas de milhares de pessoas e a destrui\u00e7\u00e3o da infraestrutura do territ\u00f3rio palestino, incluindo hospitais e escolas, gerando danos indiretos incalcul\u00e1veis para gera\u00e7\u00f5es atuais e futuras. O Brasil exorta as partes envolvidas a respeitarem os termos do acordo e a garantirem a cessa\u00e7\u00e3o permanente das hostilidades, a liberta\u00e7\u00e3o de todos os ref\u00e9ns e a entrada desimpedida de ajuda humanit\u00e1ria a Gaza, assim como a assegurarem as condi\u00e7\u00f5es necess\u00e1rias para o in\u00edcio do urgente processo de reconstru\u00e7\u00e3o de sua infraestrutura civil&#8221;, diz a nota.<\/p>\n<p>O complexo acordo, negociado h\u00e1 meses, prev\u00ea um cessar-fogo inicial de seis semanas, a retirada gradual das for\u00e7as israelenses do territ\u00f3rio palestino e a liberta\u00e7\u00e3o dos ref\u00e9ns mantidos pelo Hamas em troca de prisioneiros custodiados por Israel.<\/p>\n<p>Ainda em nota, o governo brasileiro apelou pela retomada imediata do processo de paz entre israelenses e palestinos, com a solu\u00e7\u00e3o de dois Estados, dentro das fronteiras de 1967, que inclui a Faixa de Gaza e a Cisjord\u00e2nia, pertencentes \u00e0 Palestina, e Jerusal\u00e9m Oriental como sua capital.<\/p>\n<p>\u00a0<\/p>\n<p>      <!-- Relacionada --><\/p>\n<p>            <!-- Relacionada -->\n    <\/div>\n<p><br \/>\n<br \/><a href=\"https:\/\/agenciabrasil.ebc.com.br\/politica\/noticia\/2025-01\/lula-celebra-anuncio-de-cessar-fogo-na-faixa-de-gaza\">Fonte https:\/\/agenciabrasil.ebc.com.br\/politica\/noticia\/2025-01\/lula-celebra-anuncio-de-cessar-fogo-na-faixa-de-gaza<\/a><\/p>\n","protected":false},"excerpt":{"rendered":"<p>O presidente Luiz In\u00e1cio Lula da Silva e o governo brasileiro celebraram o an\u00fancio de um acordo de cessar-fogo entre Israel e o Hamas, na Faixa de Gaza, para suspender&hellip;<\/p>\n","protected":false},"author":1,"featured_media":332967,"comment_status":"closed","ping_status":"open","sticky":false,"template":"","format":"standard","meta":{"footnotes":""},"categories":[34,42],"tags":[],"class_list":["post-332966","post","type-post","status-publish","format-standard","has-post-thumbnail","hentry","category-brasil","category-ultimas"],"_links":{"self":[{"href":"https:\/\/blogfolhadocomercio.com.br\/wp\/wp-json\/wp\/v2\/posts\/332966","targetHints":{"allow":["GET"]}}],"collection":[{"href":"https:\/\/blogfolhadocomercio.com.br\/wp\/wp-json\/wp\/v2\/posts"}],"about":[{"href":"https:\/\/blogfolhadocomercio.com.br\/wp\/wp-json\/wp\/v2\/types\/post"}],"author":[{"embeddable":true,"href":"https:\/\/blogfolhadocomercio.com.br\/wp\/wp-json\/wp\/v2\/users\/1"}],"replies":[{"embeddable":true,"href":"https:\/\/blogfolhadocomercio.com.br\/wp\/wp-json\/wp\/v2\/comments?post=332966"}],"version-history":[{"count":1,"href":"https:\/\/blogfolhadocomercio.com.br\/wp\/wp-json\/wp\/v2\/posts\/332966\/revisions"}],"predecessor-version":[{"id":332968,"href":"https:\/\/blogfolhadocomercio.com.br\/wp\/wp-json\/wp\/v2\/posts\/332966\/revisions\/332968"}],"wp:featuredmedia":[{"embeddable":true,"href":"https:\/\/blogfolhadocomercio.com.br\/wp\/wp-json\/wp\/v2\/media\/332967"}],"wp:attachment":[{"href":"https:\/\/blogfolhadocomercio.com.br\/wp\/wp-json\/wp\/v2\/media?parent=332966"}],"wp:term":[{"taxonomy":"category","embeddable":true,"href":"https:\/\/blogfolhadocomercio.com.br\/wp\/wp-json\/wp\/v2\/categories?post=332966"},{"taxonomy":"post_tag","embeddable":true,"href":"https:\/\/blogfolhadocomercio.com.br\/wp\/wp-json\/wp\/v2\/tags?post=332966"}],"curies":[{"name":"wp","href":"https:\/\/api.w.org\/{rel}","templated":true}]}}