{"id":332945,"date":"2025-01-15T23:34:52","date_gmt":"2025-01-16T02:34:52","guid":{"rendered":"https:\/\/blogfolhadocomercio.com.br\/wp\/?p=332945"},"modified":"2025-01-15T23:34:55","modified_gmt":"2025-01-16T02:34:55","slug":"marginal-botafogo-tera-pontos-de-interdicao-parcial-por-15-dias","status":"publish","type":"post","link":"https:\/\/blogfolhadocomercio.com.br\/wp\/2025\/01\/15\/marginal-botafogo-tera-pontos-de-interdicao-parcial-por-15-dias\/","title":{"rendered":"Marginal Botafogo ter\u00e1 pontos de interdi\u00e7\u00e3o parcial por 15 dias"},"content":{"rendered":"\n<p>Segundo o Cimehgo, Goi\u00e2nia registrou 90,5% do volume de chuvas esperado para janeiro<\/p>\n\n\n\n<figure class=\"wp-block-image size-large\"><img loading=\"lazy\" decoding=\"async\" width=\"1024\" height=\"576\" src=\"https:\/\/blogfolhadocomercio.com.br\/wp\/wp-content\/uploads\/2025\/01\/image-505-1024x576.png\" alt=\"\" class=\"wp-image-332946\" srcset=\"https:\/\/blogfolhadocomercio.com.br\/wp\/wp-content\/uploads\/2025\/01\/image-505-1024x576.png 1024w, https:\/\/blogfolhadocomercio.com.br\/wp\/wp-content\/uploads\/2025\/01\/image-505-300x169.png 300w, https:\/\/blogfolhadocomercio.com.br\/wp\/wp-content\/uploads\/2025\/01\/image-505-768x432.png 768w, https:\/\/blogfolhadocomercio.com.br\/wp\/wp-content\/uploads\/2025\/01\/image-505-1170x658.png 1170w, https:\/\/blogfolhadocomercio.com.br\/wp\/wp-content\/uploads\/2025\/01\/image-505-585x329.png 585w, https:\/\/blogfolhadocomercio.com.br\/wp\/wp-content\/uploads\/2025\/01\/image-505.png 1200w\" sizes=\"auto, (max-width: 1024px) 100vw, 1024px\" \/><\/figure>\n\n\n\n<p>A Marginal Botafogo, em Goi\u00e2nia, ficar\u00e1 parcialmente interditada por 15 dias por causa das eros\u00f5es provocadas pelas fortes chuvas que atingiram a capital na ter\u00e7a-feira (14). Segundo a Secretaria Municipal de Infraestrutura Urbana (Seinfra), o tr\u00e1fego ser\u00e1 desviado para meia pista em dois pontos: na altura da Rua 88 e no Viaduto Mauro Borges, na Avenida A com a Avenida E, no Jardim Goi\u00e1s.<\/p>\n\n\n\n<p>Equipes da&nbsp;<a href=\"https:\/\/www.instagram.com\/seinfragoiania\/\">Seinfra<\/a>&nbsp;e da Companhia de Urbaniza\u00e7\u00e3o de Goi\u00e2nia (Comurg) tamb\u00e9m trabalham na limpeza das pistas na altura do Complexo Vi\u00e1rio Jamel Cec\u00edlio, com previs\u00e3o de libera\u00e7\u00e3o total do tr\u00e1fego no local ainda nesta quarta-feira (15).<\/p>\n\n\n\n<p>As\u00a0chuvas intensas\u00a0resultaram no desmoronamento de um muro de conten\u00e7\u00e3o pr\u00f3ximo \u00e0 Avenida Fued Sebba, causando interdi\u00e7\u00f5es adicionais na Marginal Botafogo. Conforme o coordenador de tr\u00e2nsito, Saulo Oliveira, desvios foram implementados nas proximidades do Centro Popular de Abastecimento e Lazer (Cepal). \u201cEssa conten\u00e7\u00e3o serve para direcionar o tr\u00e2nsito para a direita, devido ao desabamento na altura do muro de conten\u00e7\u00e3o\u201d, explicou.<\/p>\n\n\n\n<p>Outro trecho interditado fica no sentido sul-norte, pr\u00f3ximo \u00e0 Avenida Jamel Cec\u00edlio, onde a chuva causou alagamento severo, lama e grande ac\u00famulo de \u00e1gua.<\/p>\n\n\n\n<p>Nos \u00faltimos tr\u00eas dias, Goi\u00e2nia registrou 90,5% do volume de chuvas esperado para janeiro, de acordo com o&nbsp;<a href=\"https:\/\/goias.gov.br\/meioambiente\/cimehgo\/\">Centro de Informa\u00e7\u00f5es Meteorol\u00f3gicas e Hidrol\u00f3gicas de Goi\u00e1s<\/a>&nbsp;(Cimehgo). No Setor Sul, o volume chegou a 74,4 mm. Outros pontos tamb\u00e9m foram fortemente atingidos, como Jardim Olinda (70,8 mm) e o Aut\u00f3dromo (62,4 mm).<\/p>\n\n\n\n<p><strong>Por Mais Goi\u00e1s<\/strong><\/p>\n","protected":false},"excerpt":{"rendered":"<p>Segundo o Cimehgo, Goi\u00e2nia registrou 90,5% do volume de chuvas esperado para janeiro A Marginal Botafogo, em Goi\u00e2nia, ficar\u00e1 parcialmente interditada por 15 dias por causa das eros\u00f5es provocadas pelas&hellip;<\/p>\n","protected":false},"author":1,"featured_media":332946,"comment_status":"closed","ping_status":"open","sticky":false,"template":"","format":"standard","meta":{"footnotes":""},"categories":[1,68,42],"tags":[],"class_list":["post-332945","post","type-post","status-publish","format-standard","has-post-thumbnail","hentry","category-cidades","category-infraestrutura","category-ultimas"],"_links":{"self":[{"href":"https:\/\/blogfolhadocomercio.com.br\/wp\/wp-json\/wp\/v2\/posts\/332945","targetHints":{"allow":["GET"]}}],"collection":[{"href":"https:\/\/blogfolhadocomercio.com.br\/wp\/wp-json\/wp\/v2\/posts"}],"about":[{"href":"https:\/\/blogfolhadocomercio.com.br\/wp\/wp-json\/wp\/v2\/types\/post"}],"author":[{"embeddable":true,"href":"https:\/\/blogfolhadocomercio.com.br\/wp\/wp-json\/wp\/v2\/users\/1"}],"replies":[{"embeddable":true,"href":"https:\/\/blogfolhadocomercio.com.br\/wp\/wp-json\/wp\/v2\/comments?post=332945"}],"version-history":[{"count":1,"href":"https:\/\/blogfolhadocomercio.com.br\/wp\/wp-json\/wp\/v2\/posts\/332945\/revisions"}],"predecessor-version":[{"id":332947,"href":"https:\/\/blogfolhadocomercio.com.br\/wp\/wp-json\/wp\/v2\/posts\/332945\/revisions\/332947"}],"wp:featuredmedia":[{"embeddable":true,"href":"https:\/\/blogfolhadocomercio.com.br\/wp\/wp-json\/wp\/v2\/media\/332946"}],"wp:attachment":[{"href":"https:\/\/blogfolhadocomercio.com.br\/wp\/wp-json\/wp\/v2\/media?parent=332945"}],"wp:term":[{"taxonomy":"category","embeddable":true,"href":"https:\/\/blogfolhadocomercio.com.br\/wp\/wp-json\/wp\/v2\/categories?post=332945"},{"taxonomy":"post_tag","embeddable":true,"href":"https:\/\/blogfolhadocomercio.com.br\/wp\/wp-json\/wp\/v2\/tags?post=332945"}],"curies":[{"name":"wp","href":"https:\/\/api.w.org\/{rel}","templated":true}]}}