{"id":332939,"date":"2025-01-15T23:33:15","date_gmt":"2025-01-16T02:33:15","guid":{"rendered":"https:\/\/blogfolhadocomercio.com.br\/wp\/?p=332939"},"modified":"2025-01-15T23:33:18","modified_gmt":"2025-01-16T02:33:18","slug":"prefeito-de-bela-vista-de-goias-esta-na-uti-apos-cirurgia-no-coracao","status":"publish","type":"post","link":"https:\/\/blogfolhadocomercio.com.br\/wp\/2025\/01\/15\/prefeito-de-bela-vista-de-goias-esta-na-uti-apos-cirurgia-no-coracao\/","title":{"rendered":"Prefeito de Bela Vista de Goi\u00e1s est\u00e1 na UTI ap\u00f3s cirurgia no cora\u00e7\u00e3o"},"content":{"rendered":"\n<p>Cirurgia foi bem sucedida mas Eur\u00edpedes do Carmo deve ficar mais uma semana internado<\/p>\n\n\n\n<figure class=\"wp-block-image size-large\"><img loading=\"lazy\" decoding=\"async\" width=\"1024\" height=\"576\" src=\"https:\/\/blogfolhadocomercio.com.br\/wp\/wp-content\/uploads\/2025\/01\/image-503-1024x576.png\" alt=\"\" class=\"wp-image-332940\" srcset=\"https:\/\/blogfolhadocomercio.com.br\/wp\/wp-content\/uploads\/2025\/01\/image-503-1024x576.png 1024w, https:\/\/blogfolhadocomercio.com.br\/wp\/wp-content\/uploads\/2025\/01\/image-503-300x169.png 300w, https:\/\/blogfolhadocomercio.com.br\/wp\/wp-content\/uploads\/2025\/01\/image-503-768x432.png 768w, https:\/\/blogfolhadocomercio.com.br\/wp\/wp-content\/uploads\/2025\/01\/image-503-1170x658.png 1170w, https:\/\/blogfolhadocomercio.com.br\/wp\/wp-content\/uploads\/2025\/01\/image-503-585x329.png 585w, https:\/\/blogfolhadocomercio.com.br\/wp\/wp-content\/uploads\/2025\/01\/image-503.png 1200w\" sizes=\"auto, (max-width: 1024px) 100vw, 1024px\" \/><\/figure>\n\n\n\n<p>Treze dias ap\u00f3s assumir a Prefeitura de Bela Vista de Goi\u00e1s,\u00a0Eur\u00edpedes do Carmo\u00a0(Podemos), passou por um procedimento m\u00e9dico no \u00faltima segunda-feira (13), ap\u00f3s identificar a necessidade da cirurgia em exames de rotina. Ent\u00e3o, ele foi submetido a uma revasculariza\u00e7\u00e3o do mioc\u00e1rdio e est\u00e1 internado em um Hospital de S\u00e3o Paulo.<br><br>De acordo com a Secretaria de Comunica\u00e7\u00e3o da Prefeitura, o gestor encontra-se bem e em \u201crecupera\u00e7\u00e3o satisfat\u00f3ria\u201d, conforme boletim m\u00e9dico assinado pela cardiologista\u00a0Ludhmila Hajjar\u00a0e pelo diretor-geral do Hospital Vila Nova Star, Daniel Favar\u00e3o Del Negro, que o Mais Goi\u00e1s teve acesso, nesta quarta-feira (15).<\/p>\n\n\n\n<p>Eur\u00edpedes do Carmo, que est\u00e1 internado na UTI para monitoramento p\u00f3s-cir\u00fargico, deve ser transferido para um quarto de enfermaria ainda nesta quarta-feira (15). A previs\u00e3o \u00e9 que ele permane\u00e7a internado por mais uma semana, seguindo o curso natural de sua recupera\u00e7\u00e3o. Em nota oficial, a Prefeitura agradeceu o apoio e a compreens\u00e3o da popula\u00e7\u00e3o durante este per\u00edodo. \u201cO prefeito estar\u00e1 retomando suas atividades normais assim que sua sa\u00fade permitir\u201d, informou o comunicado.<\/p>\n\n\n\n<p>O Mais Goi\u00e1s apurou que ap\u00f3s a cirurgia, o prefeito teve um contato breve com o primeiro escal\u00e3o do seu secretariado e tranquilizou a todos. N\u00e3o haver\u00e1 necessidade que o vice assuma durante o per\u00edodo do seu afastamento. \u201cEle est\u00e1 bem tranquilo, a sa\u00fade ser\u00e1 reestabelecida logo. O procedimento foi um sucesso e o problema de sa\u00fade descoberto antes que maiores intercorr\u00eancias acontecessem\u201d, destacou um auxiliar de Eur\u00edpedes.<\/p>\n\n\n\n<p><strong>Por Mais Goi\u00e1s<\/strong><\/p>\n","protected":false},"excerpt":{"rendered":"<p>Cirurgia foi bem sucedida mas Eur\u00edpedes do Carmo deve ficar mais uma semana internado Treze dias ap\u00f3s assumir a Prefeitura de Bela Vista de Goi\u00e1s,\u00a0Eur\u00edpedes do Carmo\u00a0(Podemos), passou por um&hellip;<\/p>\n","protected":false},"author":1,"featured_media":332940,"comment_status":"closed","ping_status":"open","sticky":false,"template":"","format":"standard","meta":{"footnotes":""},"categories":[1,35,42],"tags":[],"class_list":["post-332939","post","type-post","status-publish","format-standard","has-post-thumbnail","hentry","category-cidades","category-politica","category-ultimas"],"_links":{"self":[{"href":"https:\/\/blogfolhadocomercio.com.br\/wp\/wp-json\/wp\/v2\/posts\/332939","targetHints":{"allow":["GET"]}}],"collection":[{"href":"https:\/\/blogfolhadocomercio.com.br\/wp\/wp-json\/wp\/v2\/posts"}],"about":[{"href":"https:\/\/blogfolhadocomercio.com.br\/wp\/wp-json\/wp\/v2\/types\/post"}],"author":[{"embeddable":true,"href":"https:\/\/blogfolhadocomercio.com.br\/wp\/wp-json\/wp\/v2\/users\/1"}],"replies":[{"embeddable":true,"href":"https:\/\/blogfolhadocomercio.com.br\/wp\/wp-json\/wp\/v2\/comments?post=332939"}],"version-history":[{"count":1,"href":"https:\/\/blogfolhadocomercio.com.br\/wp\/wp-json\/wp\/v2\/posts\/332939\/revisions"}],"predecessor-version":[{"id":332941,"href":"https:\/\/blogfolhadocomercio.com.br\/wp\/wp-json\/wp\/v2\/posts\/332939\/revisions\/332941"}],"wp:featuredmedia":[{"embeddable":true,"href":"https:\/\/blogfolhadocomercio.com.br\/wp\/wp-json\/wp\/v2\/media\/332940"}],"wp:attachment":[{"href":"https:\/\/blogfolhadocomercio.com.br\/wp\/wp-json\/wp\/v2\/media?parent=332939"}],"wp:term":[{"taxonomy":"category","embeddable":true,"href":"https:\/\/blogfolhadocomercio.com.br\/wp\/wp-json\/wp\/v2\/categories?post=332939"},{"taxonomy":"post_tag","embeddable":true,"href":"https:\/\/blogfolhadocomercio.com.br\/wp\/wp-json\/wp\/v2\/tags?post=332939"}],"curies":[{"name":"wp","href":"https:\/\/api.w.org\/{rel}","templated":true}]}}