{"id":332799,"date":"2025-01-14T14:16:33","date_gmt":"2025-01-14T17:16:33","guid":{"rendered":"https:\/\/blogfolhadocomercio.com.br\/wp\/?p=332799"},"modified":"2025-01-14T14:16:35","modified_gmt":"2025-01-14T17:16:35","slug":"catalao-recebe-evento-de-formacao-pedagogica-com-foco-em-arte-cultura-e-incentivo-a-leitura","status":"publish","type":"post","link":"https:\/\/blogfolhadocomercio.com.br\/wp\/2025\/01\/14\/catalao-recebe-evento-de-formacao-pedagogica-com-foco-em-arte-cultura-e-incentivo-a-leitura\/","title":{"rendered":"Catal\u00e3o recebe evento de forma\u00e7\u00e3o pedag\u00f3gica com foco em arte, cultura e incentivo \u00e0 leitura"},"content":{"rendered":"\n<p><em>Secretaria Municipal de Educa\u00e7\u00e3o re\u00fane educadores, coordenadores e gestores para oficinas pr\u00e1ticas e semin\u00e1rio para desenvolver estrat\u00e9gias pedag\u00f3gicas inovadoras<\/em><\/p>\n\n\n\n<p>Catal\u00e3o recebe um evento de forma\u00e7\u00e3o voltado para educadores, coordenadores e gestores da rede municipal de ensino. Com oficinas pr\u00e1ticas que visam desenvolver estrat\u00e9gias pedag\u00f3gicas inovadoras, o projeto Plano Bienal Brasil Solid\u00e1rio tem como foco promover a valoriza\u00e7\u00e3o da arte e da cultura, al\u00e9m do incentivo \u00e0 leitura de forma interdisciplinar em sala de aula. A abertura ser\u00e1 nesta ter\u00e7a-feira (14\/1) e a programa\u00e7\u00e3o vai at\u00e9 na quinta-feira, na Escola CAIC S\u00e3o Francisco de Assis, no Jardim Primavera.<\/p>\n\n\n\n<figure class=\"wp-block-image size-large\"><img loading=\"lazy\" decoding=\"async\" width=\"1024\" height=\"683\" src=\"https:\/\/blogfolhadocomercio.com.br\/wp\/wp-content\/uploads\/2025\/01\/IMG-20250114-WA0260-1024x683.jpg\" alt=\"\" class=\"wp-image-332801\" srcset=\"https:\/\/blogfolhadocomercio.com.br\/wp\/wp-content\/uploads\/2025\/01\/IMG-20250114-WA0260-1024x683.jpg 1024w, https:\/\/blogfolhadocomercio.com.br\/wp\/wp-content\/uploads\/2025\/01\/IMG-20250114-WA0260-300x200.jpg 300w, https:\/\/blogfolhadocomercio.com.br\/wp\/wp-content\/uploads\/2025\/01\/IMG-20250114-WA0260-768x512.jpg 768w, https:\/\/blogfolhadocomercio.com.br\/wp\/wp-content\/uploads\/2025\/01\/IMG-20250114-WA0260-1170x780.jpg 1170w, https:\/\/blogfolhadocomercio.com.br\/wp\/wp-content\/uploads\/2025\/01\/IMG-20250114-WA0260-585x390.jpg 585w, https:\/\/blogfolhadocomercio.com.br\/wp\/wp-content\/uploads\/2025\/01\/IMG-20250114-WA0260-263x175.jpg 263w, https:\/\/blogfolhadocomercio.com.br\/wp\/wp-content\/uploads\/2025\/01\/IMG-20250114-WA0260.jpg 1401w\" sizes=\"auto, (max-width: 1024px) 100vw, 1024px\" \/><\/figure>\n\n\n\n<p><br>\u201c\u00c9 um projeto, em parceria com o Instituto Brasil Solid\u00e1rio e com patroc\u00ednio da John Deere, importante para os educadores catalanos. \u00c9 um momento de aprendizado e inspira\u00e7\u00e3o para todos n\u00f3s. A metodologia das oficinas fortalece o ensino de forma interdisciplinar e ser\u00e1 replicada em sala de aula para despertar mais a aten\u00e7\u00e3o dos nossos alunos durante as aulas\u201d, destaca o Secret\u00e1rio de Educa\u00e7\u00e3o de Catal\u00e3o, Adilson Cir\u00edaco.<br>Entre os destaques do projeto Plano Bienal Brasil Solid\u00e1rio est\u00e1 a oficina Cria\u00e7\u00e3o de Livro Ilustrado, ministrada pelo escritor e ilustrador Andr\u00e9 Neves, autor de mais de 80 livros infanto-juvenis premiados. Com uma estrutura din\u00e2mica e inteligente que atrai leitores pelas imagens criativas e de alta qualidade t\u00e9cnica, os textos de Andr\u00e9 s\u00e3o sens\u00edveis e po\u00e9ticos. Ele \u00e9 reconhecido internacionalmente e oferece cursos e oficinas de leitura e imagem.<br>Al\u00e9m da oficina de cria\u00e7\u00e3o de livros, a programa\u00e7\u00e3o inclui forma\u00e7\u00f5es em Pintura e Desenho, Teatro de Sombras, Artes C\u00eanicas, M\u00fasica, Fotografia e Oficinas Criativas. Todas as atividades s\u00e3o conduzidas com o uso de materiais reciclados e reaproveitados, alinhando pr\u00e1ticas pedag\u00f3gicas com consci\u00eancia ambiental.<br>Outro ponto alto do evento \u00e9 o incentivo \u00e0 leitura. Ser\u00e3o apresentados modelos de espa\u00e7os liter\u00e1rios criativos, com mobili\u00e1rios produzidos a partir da reciclagem, como cantinhos de leitura com pufes de pneus e prateleiras feitas de paletes. Esses espa\u00e7os refor\u00e7am o compromisso com o uso sustent\u00e1vel de recursos, enquanto fomentam a pr\u00e1tica da leitura entre os estudantes.<br>A iniciativa faz parte de uma a\u00e7\u00e3o continuada que j\u00e1 contemplou, em sua primeira etapa, oficinas e a doa\u00e7\u00e3o de 7 mil livros para bibliotecas escolares da regi\u00e3o. Com essa nova etapa, o Instituto Brasil Solid\u00e1rio reafirma seu compromisso em fortalecer a educa\u00e7\u00e3o p\u00fablica com abordagens criativas e acess\u00edveis.<\/p>\n\n\n\n<p>Texto: Secom da Prefeitura de Catal\u00e3o\/ Brasil Solid\u00e1rio<br>Catal\u00e3o \u2013 Pot\u00eancia no Cora\u00e7\u00e3o do Brasil<\/p>\n","protected":false},"excerpt":{"rendered":"<p>Secretaria Municipal de Educa\u00e7\u00e3o re\u00fane educadores, coordenadores e gestores para oficinas pr\u00e1ticas e semin\u00e1rio para desenvolver estrat\u00e9gias pedag\u00f3gicas inovadoras Catal\u00e3o recebe um evento de forma\u00e7\u00e3o voltado para educadores, coordenadores e&hellip;<\/p>\n","protected":false},"author":1,"featured_media":332800,"comment_status":"closed","ping_status":"open","sticky":false,"template":"","format":"standard","meta":{"footnotes":""},"categories":[1,40,38,42],"tags":[],"class_list":["post-332799","post","type-post","status-publish","format-standard","has-post-thumbnail","hentry","category-cidades","category-educacao","category-prefeitura","category-ultimas"],"_links":{"self":[{"href":"https:\/\/blogfolhadocomercio.com.br\/wp\/wp-json\/wp\/v2\/posts\/332799","targetHints":{"allow":["GET"]}}],"collection":[{"href":"https:\/\/blogfolhadocomercio.com.br\/wp\/wp-json\/wp\/v2\/posts"}],"about":[{"href":"https:\/\/blogfolhadocomercio.com.br\/wp\/wp-json\/wp\/v2\/types\/post"}],"author":[{"embeddable":true,"href":"https:\/\/blogfolhadocomercio.com.br\/wp\/wp-json\/wp\/v2\/users\/1"}],"replies":[{"embeddable":true,"href":"https:\/\/blogfolhadocomercio.com.br\/wp\/wp-json\/wp\/v2\/comments?post=332799"}],"version-history":[{"count":1,"href":"https:\/\/blogfolhadocomercio.com.br\/wp\/wp-json\/wp\/v2\/posts\/332799\/revisions"}],"predecessor-version":[{"id":332802,"href":"https:\/\/blogfolhadocomercio.com.br\/wp\/wp-json\/wp\/v2\/posts\/332799\/revisions\/332802"}],"wp:featuredmedia":[{"embeddable":true,"href":"https:\/\/blogfolhadocomercio.com.br\/wp\/wp-json\/wp\/v2\/media\/332800"}],"wp:attachment":[{"href":"https:\/\/blogfolhadocomercio.com.br\/wp\/wp-json\/wp\/v2\/media?parent=332799"}],"wp:term":[{"taxonomy":"category","embeddable":true,"href":"https:\/\/blogfolhadocomercio.com.br\/wp\/wp-json\/wp\/v2\/categories?post=332799"},{"taxonomy":"post_tag","embeddable":true,"href":"https:\/\/blogfolhadocomercio.com.br\/wp\/wp-json\/wp\/v2\/tags?post=332799"}],"curies":[{"name":"wp","href":"https:\/\/api.w.org\/{rel}","templated":true}]}}