{"id":332634,"date":"2025-01-13T21:06:42","date_gmt":"2025-01-14T00:06:42","guid":{"rendered":"https:\/\/blogfolhadocomercio.com.br\/wp\/?p=332634"},"modified":"2025-01-13T21:06:44","modified_gmt":"2025-01-14T00:06:44","slug":"abertas-inscricoes-para-novos-beneficiarios-do-probem","status":"publish","type":"post","link":"https:\/\/blogfolhadocomercio.com.br\/wp\/2025\/01\/13\/abertas-inscricoes-para-novos-beneficiarios-do-probem\/","title":{"rendered":"Abertas inscri\u00e7\u00f5es para novos benefici\u00e1rios do ProBem"},"content":{"rendered":"\n<figure class=\"wp-block-image size-large\"><img loading=\"lazy\" decoding=\"async\" width=\"1024\" height=\"682\" src=\"https:\/\/blogfolhadocomercio.com.br\/wp\/wp-content\/uploads\/2025\/01\/image-410-1024x682.png\" alt=\"\" class=\"wp-image-332635\" srcset=\"https:\/\/blogfolhadocomercio.com.br\/wp\/wp-content\/uploads\/2025\/01\/image-410-1024x682.png 1024w, https:\/\/blogfolhadocomercio.com.br\/wp\/wp-content\/uploads\/2025\/01\/image-410-300x200.png 300w, https:\/\/blogfolhadocomercio.com.br\/wp\/wp-content\/uploads\/2025\/01\/image-410-768x512.png 768w, https:\/\/blogfolhadocomercio.com.br\/wp\/wp-content\/uploads\/2025\/01\/image-410-1536x1024.png 1536w, https:\/\/blogfolhadocomercio.com.br\/wp\/wp-content\/uploads\/2025\/01\/image-410-2048x1365.png 2048w, https:\/\/blogfolhadocomercio.com.br\/wp\/wp-content\/uploads\/2025\/01\/image-410-1920x1280.png 1920w, https:\/\/blogfolhadocomercio.com.br\/wp\/wp-content\/uploads\/2025\/01\/image-410-1170x780.png 1170w, https:\/\/blogfolhadocomercio.com.br\/wp\/wp-content\/uploads\/2025\/01\/image-410-585x390.png 585w, https:\/\/blogfolhadocomercio.com.br\/wp\/wp-content\/uploads\/2025\/01\/image-410-263x175.png 263w\" sizes=\"auto, (max-width: 1024px) 100vw, 1024px\" \/><\/figure>\n\n\n\n<p>Edital para quatro mil novos benefici\u00e1rios do ProBem j\u00e1 est\u00e1 dispon\u00edvel no site da OVG: inscri\u00e7\u00f5es devem ser realizadas at\u00e9 24 de janeiro (Fotos: Diego Canedo)<\/p>\n\n\n\n<p>O Governo de Goi\u00e1s, por meio do Goi\u00e1s Social e da Organiza\u00e7\u00e3o das Volunt\u00e1rias de Goi\u00e1s (OVG), inicia nesta segunda-feira (13\/1) as inscri\u00e7\u00f5es para o processo seletivo 2025\/1 do Programa Universit\u00e1rio do Bem (ProBem).<\/p>\n\n\n\n<p>Ao todo, ser\u00e3o ofertadas quatro mil novas bolsas, destinadas a estudantes da primeira gradua\u00e7\u00e3o em situa\u00e7\u00e3o de vulnerabilidade social, inscritos no Cadastro \u00danico para Programas Sociais do Governo Federal (Cad\u00danico).<\/p>\n\n\n\n<p>As inscri\u00e7\u00f5es s\u00e3o gratuitas e devem ser realizadas at\u00e9 o dia 24 de janeiro de 2025, exclusivamente pelo&nbsp;<a href=\"http:\/\/ovg.org.br\/probem\" target=\"_blank\" rel=\"noreferrer noopener\">site da OVG<\/a>. A divulga\u00e7\u00e3o preliminar dos classificados est\u00e1 prevista para o dia 3 de fevereiro.<\/p>\n\n\n\n<p>Os estudantes contemplados v\u00e3o receber o benef\u00edcio j\u00e1 no primeiro semestre deste ano (2025\/1), incluindo o valor da matr\u00edcula. Caso o benefici\u00e1rio j\u00e1 tenha realizado o pagamento \u00e0 institui\u00e7\u00e3o de ensino, o valor ser\u00e1 reembolsado.<\/p>\n\n\n\n<blockquote class=\"wp-block-quote is-layout-flow wp-block-quote-is-layout-flow\">\n<p>\u201cTemos a alegria de oferecer mais quatro mil novas bolsas do ProBem. Como sempre ressalta o governador Ronaldo Caiado, este \u00e9 um governo que tem o compromisso de cuidar e oferecer oportunidades de crescimento\u201d, afirma a presidente de honra da OVG e coordenadora do Goi\u00e1s Social, primeira-dama Gracinha Caiado.<\/p>\n<\/blockquote>\n\n\n\n<p>Das quatro mil novas bolsas ofertadas, mil ser\u00e3o integrais e tr\u00eas mil parciais. Na modalidade parcial, o benef\u00edcio corresponde a 50% do valor da mensalidade, limitado a R$ 650; na integral, a 100%, com teto de R$ 1,5 mil. J\u00e1 as bolsas concedidas aos estudantes de medicina e odontologia t\u00eam limites maiores, R$ 2,9 mil para parciais e R$ 5,8 mil para integrais.<\/p>\n\n\n\n<h2 class=\"wp-block-heading\">Quem pode participar<\/h2>\n\n\n\n<p>Para participar do processo seletivo do ProBem, \u00e9 necess\u00e1rio residir em Goi\u00e1s, estar matriculado ou possuir vaga em uma Institui\u00e7\u00e3o de Ensino Superior (IES) na modalidade presencial e possuir registro atualizado no Cad\u00danico, de acordo com os indicativos do edital.<\/p>\n\n\n\n<p>A classifica\u00e7\u00e3o dos candidatos leva em conta o \u00cdndice Multidimensional de Car\u00eancia das Fam\u00edlias Ampliado (IMCF-A), que avalia fatores como renda, perfil familiar e condi\u00e7\u00f5es de moradia.<\/p>\n\n\n\n<blockquote class=\"wp-block-quote is-layout-flow wp-block-quote-is-layout-flow\">\n<p>\u201cEssa iniciativa reafirma o compromisso do Governo de Goi\u00e1s e do Goi\u00e1s Social com a educa\u00e7\u00e3o e a transforma\u00e7\u00e3o social. Com o ProBem, mais jovens podem ter acesso ao ensino superior, concretizar seus sonhos e transformar o futuro de suas fam\u00edlias\u201d, ressalta Gracinha Caiado.<\/p>\n<\/blockquote>\n\n\n\n<h2 class=\"wp-block-heading\">ProBem<\/h2>\n\n\n\n<p>O Programa Universit\u00e1rio do Bem, sancionado pelo Governo de Goi\u00e1s em janeiro de 2021, j\u00e1 beneficiou mais 46,4 mil pessoas e tem o objetivo de ampliar a capacidade de atendimento aos mais vulner\u00e1veis.<\/p>\n\n\n\n<p>A iniciativa representa a oportunidade de acesso a milhares de jovens, em situa\u00e7\u00e3o de vulnerabilidade social, a bolsas de estudos integrais e parciais para a primeira gradua\u00e7\u00e3o em Institui\u00e7\u00f5es de Ensino Superior privadas ou p\u00fablicas n\u00e3o gratuitas localizadas no estado de Goi\u00e1s.<\/p>\n\n\n\n<p>O ProBem tamb\u00e9m promove o alinhamento \u00e0s demandas por m\u00e3o de obra qualificada em todas as regi\u00f5es do estado. Entre os diferenciais est\u00e1 a abertura de portas para est\u00e1gios e qualifica\u00e7\u00e3o profissional por meio do Banco de Oportunidades, que promove a integra\u00e7\u00e3o ao mundo do trabalho.<\/p>\n\n\n\n<p>Al\u00e9m disso, o programa oferece acompanhamento integral \u00e0 fam\u00edlia do bolsista, atrav\u00e9s da articula\u00e7\u00e3o com a rede socioassistencial.<\/p>\n\n\n\n<p>Em caso de d\u00favidas, o candidato pode entrar em contato com a Central de Relacionamento do ProBem pelos telefones (62) 3270-8500 (para residentes da capital) e 0800 062 9413 (para o interior) ou ainda pelo WhastApp (62) 9 9641 6090. O atendimento \u00e9 de segunda a sexta-feira, em hor\u00e1rio comercial.<\/p>\n\n\n\n<p><strong>Por Governo Goi\u00e1s<\/strong><\/p>\n","protected":false},"excerpt":{"rendered":"<p>Edital para quatro mil novos benefici\u00e1rios do ProBem j\u00e1 est\u00e1 dispon\u00edvel no site da OVG: inscri\u00e7\u00f5es devem ser realizadas at\u00e9 24 de janeiro (Fotos: Diego Canedo) O Governo de Goi\u00e1s,&hellip;<\/p>\n","protected":false},"author":1,"featured_media":332635,"comment_status":"closed","ping_status":"open","sticky":false,"template":"","format":"standard","meta":{"footnotes":""},"categories":[34,40,58,42],"tags":[],"class_list":["post-332634","post","type-post","status-publish","format-standard","has-post-thumbnail","hentry","category-brasil","category-educacao","category-social","category-ultimas"],"_links":{"self":[{"href":"https:\/\/blogfolhadocomercio.com.br\/wp\/wp-json\/wp\/v2\/posts\/332634","targetHints":{"allow":["GET"]}}],"collection":[{"href":"https:\/\/blogfolhadocomercio.com.br\/wp\/wp-json\/wp\/v2\/posts"}],"about":[{"href":"https:\/\/blogfolhadocomercio.com.br\/wp\/wp-json\/wp\/v2\/types\/post"}],"author":[{"embeddable":true,"href":"https:\/\/blogfolhadocomercio.com.br\/wp\/wp-json\/wp\/v2\/users\/1"}],"replies":[{"embeddable":true,"href":"https:\/\/blogfolhadocomercio.com.br\/wp\/wp-json\/wp\/v2\/comments?post=332634"}],"version-history":[{"count":1,"href":"https:\/\/blogfolhadocomercio.com.br\/wp\/wp-json\/wp\/v2\/posts\/332634\/revisions"}],"predecessor-version":[{"id":332636,"href":"https:\/\/blogfolhadocomercio.com.br\/wp\/wp-json\/wp\/v2\/posts\/332634\/revisions\/332636"}],"wp:featuredmedia":[{"embeddable":true,"href":"https:\/\/blogfolhadocomercio.com.br\/wp\/wp-json\/wp\/v2\/media\/332635"}],"wp:attachment":[{"href":"https:\/\/blogfolhadocomercio.com.br\/wp\/wp-json\/wp\/v2\/media?parent=332634"}],"wp:term":[{"taxonomy":"category","embeddable":true,"href":"https:\/\/blogfolhadocomercio.com.br\/wp\/wp-json\/wp\/v2\/categories?post=332634"},{"taxonomy":"post_tag","embeddable":true,"href":"https:\/\/blogfolhadocomercio.com.br\/wp\/wp-json\/wp\/v2\/tags?post=332634"}],"curies":[{"name":"wp","href":"https:\/\/api.w.org\/{rel}","templated":true}]}}