{"id":332625,"date":"2025-01-13T13:49:01","date_gmt":"2025-01-13T16:49:01","guid":{"rendered":"https:\/\/blogfolhadocomercio.com.br\/wp\/?p=332625"},"modified":"2025-01-13T13:49:05","modified_gmt":"2025-01-13T16:49:05","slug":"suecia-manda-navios-militares-ao-baltico-e-diz-que-nao-esta-em-paz-e-nem-em-guerra","status":"publish","type":"post","link":"https:\/\/blogfolhadocomercio.com.br\/wp\/2025\/01\/13\/suecia-manda-navios-militares-ao-baltico-e-diz-que-nao-esta-em-paz-e-nem-em-guerra\/","title":{"rendered":"Su\u00e9cia manda navios militares ao B\u00e1ltico e diz que n\u00e3o est\u00e1 em paz e nem em guerra"},"content":{"rendered":"\n<p><strong>Decis\u00e3o tem o objetivo de inibir casos de sabotagem da infraestrutura subaqu\u00e1tica, um m\u00eas depois de cabos submarinos terem sido rompidos<\/strong><\/p>\n\n\n\n<p>A\u00a0<a href=\"https:\/\/www.estadao.com.br\/tudo-sobre\/suecia-europa\/?srsltid=AfmBOoo5KVBaAoIODxLPfPQ0WVwKk0S33TUon81PGgSs_uApkhXLAVao\" target=\"_blank\" rel=\"noreferrer noopener\"><strong>Su\u00e9cia\u00a0<\/strong><\/a>anunciou neste domingo, 12, o envio de tr\u00eas navios de guerra para o Mar B\u00e1ltico como parte de um esfor\u00e7o da\u00a0<a href=\"https:\/\/www.estadao.com.br\/tudo-sobre\/otan-organizacao-do-tratado-do-atlantico-norte\/?srsltid=AfmBOooppFg_NwNOzq9ZJ0WGN_Y_9TWk9DiQ93WiuzXVWXfyQ5k7moFb\" target=\"_blank\" rel=\"noreferrer noopener\"><strong>Organiza\u00e7\u00e3o do Tratado do Atl\u00e2ntico Norte (Otan)\u00a0<\/strong><\/a>para aumentar a presen\u00e7a naval na regi\u00e3o. A decis\u00e3o tem o objetivo de inibir c<a href=\"https:\/\/www.estadao.com.br\/internacional\/suecia-acusa-china-de-romper-cabos-submarinos-no-mar-baltico\/\" target=\"_blank\" rel=\"noreferrer noopener\"><strong>asos de sabotagem da infraestrutura subaqu\u00e1tica<\/strong><\/a>, um m\u00eas depois de cabos submarinos terem sido rompidos no B\u00e1ltico.<\/p>\n\n\n\n<p>Segundo o primeiro-ministro sueco,&nbsp;<strong>Ulf Kristersson<\/strong>, a Su\u00e9cia n\u00e3o est\u00e1 em guerra, mas tamb\u00e9m n\u00e3o est\u00e1 em uma situa\u00e7\u00e3o de paz. O pa\u00eds entrou na Otan em mar\u00e7o do ano passado junto com a Finl\u00e2ndia, ap\u00f3s abandonar d\u00e9cadas de uma pol\u00edtica de neutralidade militar em resposta \u00e0 guerra na Ucr\u00e2nia, que aumentou o temor de amea\u00e7as expansionistas da R\u00fassia. Essa \u00e9 a primeira contribui\u00e7\u00e3o da Su\u00e9cia como integrante da alian\u00e7a.<\/p>\n\n\n\n<p>O Ex\u00e9rcito sueco tamb\u00e9m vai contribuir com uma aeronave de vigil\u00e2ncia, informou o governo. A guarda costeira do pa\u00eds ir\u00e1 contribuir com quatro navios para monitorar o B\u00e1ltico e outras sete embarca\u00e7\u00f5es est\u00e3o de prontid\u00e3o.<\/p>\n\n\n\n<figure class=\"wp-block-image\"><img decoding=\"async\" src=\"https:\/\/www.estadao.com.br\/resizer\/v2\/FUB6NJMOVVHXBCAOOWIGXSKJRA.jpg?quality=80&amp;auth=135bc80ecff8b700adc234b8d72683df34274579c4432fe3052a5490d87cf970&amp;width=380\" alt=\"Imagem mostra o primeiro-ministro sueco Ulf Kristersson em uma entrevista coletiva no dia 17 de dezembro. Premi\u00ea disse que Su\u00e9cia 'n\u00e3o est\u00e1 em guerra, mas tamb\u00e9m n\u00e3o est\u00e1 em paz'\"\/><figcaption class=\"wp-element-caption\">Imagem mostra o primeiro-ministro sueco Ulf Kristersson em uma entrevista coletiva no dia 17 de dezembro. Premi\u00ea disse que Su\u00e9cia &#8216;n\u00e3o est\u00e1 em guerra, mas tamb\u00e9m n\u00e3o est\u00e1 em paz&#8217;&nbsp;<em>Foto:&nbsp;Sergei Grits\/AP<\/em><\/figcaption><\/figure>\n\n\n\n<p>Em uma coletiva de imprensa neste domingo, Kristersson citou a amea\u00e7a de ataques h\u00edbridos na regi\u00e3o, que envolvem os casos de sabotagem. Desde 2013, pelo menos dez cabos submarinos, respons\u00e1veis por ligar os pa\u00edses n\u00f3rdicos e b\u00e1lticos \u00e0 Europa Central em \u00e1reas de com\u00e9rcio e energia, foram danificados.<\/p>\n\n\n\n<p>\u201cA verdadeira paz requer liberdade e a aus\u00eancia de conflitos s\u00e9rios entre pa\u00edses. N\u00f3s e nossos vizinhos estamos expostos a ataques h\u00edbridos, realizados n\u00e3o com rob\u00f4s e soldados, mas com computadores, dinheiro, desinforma\u00e7\u00e3o e o risco de sabotagem\u201d, declarou o premi\u00ea, de acordo com a ag\u00eancia de not\u00edcias sueca TT.<\/p>\n\n\n\n<p>Pelo menos dois incidentes envolveram navios acusados de arrastar as \u00e2ncoras no B\u00e1ltico. Em dezembro, a pol\u00edcia sueca come\u00e7ou a investigar o rompimento de um cabo entre a Finl\u00e2ndia e a Est\u00f4nia e passou a suspeitar de um navio registrado nas Ilhas Cook com o nome de Eagle S, que carregava petr\u00f3leo russo. Al\u00e9m dos tr\u00eas pa\u00edses citados, a Alemanha e a Litu\u00e2nia tamb\u00e9m afirmaram que foram prejudicadas pelo incidente.-<\/p>\n\n\n\n<p>Al\u00e9m do refor\u00e7o militar no B\u00e1ltico, a Su\u00e9cia tem buscado aumentar a seguran\u00e7a terrestre. No dia 9, o ministro de defesa do pa\u00eds, Pal Jonson, anunciou a compra de 44 tanques Leopard 2, de fabrica\u00e7\u00e3o alem\u00e3, para modernizar o arsenal do Ex\u00e9rcito. Trata-se do maior investimento militar do pa\u00eds neste s\u00e9culo, no valor de \u20ac 1,9 bilh\u00e3o (R$ 12 bilh\u00f5es, na cota\u00e7\u00e3o m\u00e9dia da moeda nos \u00faltimos 30 dias).&nbsp;<strong>\/Com AP<\/strong><\/p>\n\n\n\n<p><strong>Por Estad\u00e3o<\/strong><\/p>\n\n\n\n<p><strong><br><\/strong><\/p>\n","protected":false},"excerpt":{"rendered":"<p>Decis\u00e3o tem o objetivo de inibir casos de sabotagem da infraestrutura subaqu\u00e1tica, um m\u00eas depois de cabos submarinos terem sido rompidos A\u00a0Su\u00e9cia\u00a0anunciou neste domingo, 12, o envio de tr\u00eas navios&hellip;<\/p>\n","protected":false},"author":1,"featured_media":332626,"comment_status":"closed","ping_status":"open","sticky":false,"template":"","format":"standard","meta":{"footnotes":""},"categories":[55,46,42],"tags":[],"class_list":["post-332625","post","type-post","status-publish","format-standard","has-post-thumbnail","hentry","category-conflito","category-mundo","category-ultimas"],"_links":{"self":[{"href":"https:\/\/blogfolhadocomercio.com.br\/wp\/wp-json\/wp\/v2\/posts\/332625","targetHints":{"allow":["GET"]}}],"collection":[{"href":"https:\/\/blogfolhadocomercio.com.br\/wp\/wp-json\/wp\/v2\/posts"}],"about":[{"href":"https:\/\/blogfolhadocomercio.com.br\/wp\/wp-json\/wp\/v2\/types\/post"}],"author":[{"embeddable":true,"href":"https:\/\/blogfolhadocomercio.com.br\/wp\/wp-json\/wp\/v2\/users\/1"}],"replies":[{"embeddable":true,"href":"https:\/\/blogfolhadocomercio.com.br\/wp\/wp-json\/wp\/v2\/comments?post=332625"}],"version-history":[{"count":1,"href":"https:\/\/blogfolhadocomercio.com.br\/wp\/wp-json\/wp\/v2\/posts\/332625\/revisions"}],"predecessor-version":[{"id":332627,"href":"https:\/\/blogfolhadocomercio.com.br\/wp\/wp-json\/wp\/v2\/posts\/332625\/revisions\/332627"}],"wp:featuredmedia":[{"embeddable":true,"href":"https:\/\/blogfolhadocomercio.com.br\/wp\/wp-json\/wp\/v2\/media\/332626"}],"wp:attachment":[{"href":"https:\/\/blogfolhadocomercio.com.br\/wp\/wp-json\/wp\/v2\/media?parent=332625"}],"wp:term":[{"taxonomy":"category","embeddable":true,"href":"https:\/\/blogfolhadocomercio.com.br\/wp\/wp-json\/wp\/v2\/categories?post=332625"},{"taxonomy":"post_tag","embeddable":true,"href":"https:\/\/blogfolhadocomercio.com.br\/wp\/wp-json\/wp\/v2\/tags?post=332625"}],"curies":[{"name":"wp","href":"https:\/\/api.w.org\/{rel}","templated":true}]}}