{"id":332493,"date":"2025-01-10T22:55:02","date_gmt":"2025-01-11T01:55:02","guid":{"rendered":"https:\/\/blogfolhadocomercio.com.br\/wp\/?p=332493"},"modified":"2025-01-10T22:55:04","modified_gmt":"2025-01-11T01:55:04","slug":"beneficiarias-do-maes-de-goias-passam-a-receber-r-300-mes","status":"publish","type":"post","link":"https:\/\/blogfolhadocomercio.com.br\/wp\/2025\/01\/10\/beneficiarias-do-maes-de-goias-passam-a-receber-r-300-mes\/","title":{"rendered":"Benefici\u00e1rias do M\u00e3es de Goi\u00e1s passam a receber R$ 300\/m\u00eas"},"content":{"rendered":"\n<p>Todas as mais de 90 mil benefici\u00e1rias ativas atualmente no M\u00e3es de Goi\u00e1s passaram a receber R$ 300 mensais a partir desta sexta-feira (10\/01), quando o primeiro pagamento com o valor do programa do Goi\u00e1s Social foi realizado.<\/p>\n\n\n\n<p><strong><a href=\"https:\/\/agenciacoradenoticias.go.gov.br\/141168-valor-do-maes-de-goias-sera-reajustado-para-r-300-mensais\" target=\"_blank\" rel=\"noreferrer noopener\">O reajuste de 20% foi autorizado por meio de decreto assinado pelo governador Ronaldo Caiado no dia 20 de dezembro de 2024.<\/a><\/strong><\/p>\n\n\n\n<p>O novo valor ser\u00e1 creditado de maneira autom\u00e1tica, n\u00e3o sendo necess\u00e1ria a mudan\u00e7a do cart\u00e3o ou novo cadastro. Para mais informa\u00e7\u00f5es sobre a situa\u00e7\u00e3o do benef\u00edcio, a contemplada pode entrar em contato por meio do telefone (62) 3270-9610.<\/p>\n\n\n\n<h2 class=\"wp-block-heading\">Seguran\u00e7a alimentar<\/h2>\n\n\n\n<p>O benef\u00edcio garante a seguran\u00e7a alimentar, oferecendo melhor qualidade de vida para as fam\u00edlias com filhos de 0 a 6 anos de idade que est\u00e3o em situa\u00e7\u00e3o de extrema pobreza. A m\u00e9dia do valor investido mensalmente pelo estado \u00e9 de R$ 20 milh\u00f5es.<\/p>\n\n\n\n<blockquote class=\"wp-block-quote is-layout-flow wp-block-quote-is-layout-flow\">\n<p>\u201cEste \u00e9 um esfor\u00e7o do nosso governo para atender as mais de 90 mil m\u00e3es em situa\u00e7\u00e3o de vulnerabilidade que recebem o benef\u00edcio em todo o estado. Goi\u00e1s \u00e9 o estado que mais reduziu a pobreza e a extrema pobreza no pa\u00eds. E n\u00e3o vamos parar por aqui. O trabalho continua. Vamos a cada dia mais devolver Goi\u00e1s aos goianos\u201d, afirma o governador Ronaldo Caiado.<\/p>\n<\/blockquote>\n\n\n\n<p>Para a coordenadora do Goi\u00e1s Social, primeira-dama Gracinha Caiado, o programa \u00e9 hoje uma refer\u00eancia para todo o Brasil, pois protege a primeira inf\u00e2ncia, etapa crucial do desenvolvimento humano, al\u00e9m de ter papel fundamental na estrutura\u00e7\u00e3o familiar.<\/p>\n\n\n\n<blockquote class=\"wp-block-quote is-layout-flow wp-block-quote-is-layout-flow\">\n<p>\u201cAcreditamos que apoiar as m\u00e3es \u00e9 garantir aten\u00e7\u00e3o especial para os filhos. Apoiar as m\u00e3es \u00e9 garantir prote\u00e7\u00e3o total para as crian\u00e7as. Apoiar as m\u00e3es \u00e9 fortalecer a fam\u00edlia\u201d, ressalta.<\/p>\n<\/blockquote>\n\n\n\n<h2 class=\"wp-block-heading\">M\u00e3es de Goi\u00e1s<\/h2>\n\n\n\n<p>Criado em 2021, o M\u00e3es de Goi\u00e1s j\u00e1 beneficiou mais de 185 mil m\u00e3es do estado. O programa do Goi\u00e1s Social \u00e9 destinado a fam\u00edlias goianas que estejam em situa\u00e7\u00e3o de extrema pobreza com renda por pessoa de at\u00e9 R$ 109, com Cad\u00danico atualizado e que tenham crian\u00e7as de 0 a 6 anos de idade.<\/p>\n\n\n\n<p>Al\u00e9m disso, garante a vacina\u00e7\u00e3o das crian\u00e7as e ainda cuidar da frequ\u00eancia no col\u00e9gio daquelas que est\u00e3o em idade escolar.<\/p>\n\n\n\n<p><strong>Secretaria de Desenvolvimento Social \u2013 Governo de Goi\u00e1s<\/strong><\/p>\n","protected":false},"excerpt":{"rendered":"<p>Todas as mais de 90 mil benefici\u00e1rias ativas atualmente no M\u00e3es de Goi\u00e1s passaram a receber R$ 300 mensais a partir desta sexta-feira (10\/01), quando o primeiro pagamento com o&hellip;<\/p>\n","protected":false},"author":1,"featured_media":332494,"comment_status":"closed","ping_status":"open","sticky":false,"template":"","format":"standard","meta":{"footnotes":""},"categories":[60,58,42],"tags":[],"class_list":["post-332493","post","type-post","status-publish","format-standard","has-post-thumbnail","hentry","category-governo","category-social","category-ultimas"],"_links":{"self":[{"href":"https:\/\/blogfolhadocomercio.com.br\/wp\/wp-json\/wp\/v2\/posts\/332493","targetHints":{"allow":["GET"]}}],"collection":[{"href":"https:\/\/blogfolhadocomercio.com.br\/wp\/wp-json\/wp\/v2\/posts"}],"about":[{"href":"https:\/\/blogfolhadocomercio.com.br\/wp\/wp-json\/wp\/v2\/types\/post"}],"author":[{"embeddable":true,"href":"https:\/\/blogfolhadocomercio.com.br\/wp\/wp-json\/wp\/v2\/users\/1"}],"replies":[{"embeddable":true,"href":"https:\/\/blogfolhadocomercio.com.br\/wp\/wp-json\/wp\/v2\/comments?post=332493"}],"version-history":[{"count":1,"href":"https:\/\/blogfolhadocomercio.com.br\/wp\/wp-json\/wp\/v2\/posts\/332493\/revisions"}],"predecessor-version":[{"id":332495,"href":"https:\/\/blogfolhadocomercio.com.br\/wp\/wp-json\/wp\/v2\/posts\/332493\/revisions\/332495"}],"wp:featuredmedia":[{"embeddable":true,"href":"https:\/\/blogfolhadocomercio.com.br\/wp\/wp-json\/wp\/v2\/media\/332494"}],"wp:attachment":[{"href":"https:\/\/blogfolhadocomercio.com.br\/wp\/wp-json\/wp\/v2\/media?parent=332493"}],"wp:term":[{"taxonomy":"category","embeddable":true,"href":"https:\/\/blogfolhadocomercio.com.br\/wp\/wp-json\/wp\/v2\/categories?post=332493"},{"taxonomy":"post_tag","embeddable":true,"href":"https:\/\/blogfolhadocomercio.com.br\/wp\/wp-json\/wp\/v2\/tags?post=332493"}],"curies":[{"name":"wp","href":"https:\/\/api.w.org\/{rel}","templated":true}]}}