{"id":332336,"date":"2025-01-10T14:47:34","date_gmt":"2025-01-10T17:47:34","guid":{"rendered":"https:\/\/blogfolhadocomercio.com.br\/wp\/?p=332336"},"modified":"2025-01-10T14:47:36","modified_gmt":"2025-01-10T17:47:36","slug":"ney-matogrosso-lanca-album-com-banda-hecto-e-comenta-cobrancas-por-posicionamento-sou-a-bandeira","status":"publish","type":"post","link":"https:\/\/blogfolhadocomercio.com.br\/wp\/2025\/01\/10\/ney-matogrosso-lanca-album-com-banda-hecto-e-comenta-cobrancas-por-posicionamento-sou-a-bandeira\/","title":{"rendered":"Ney Matogrosso lan\u00e7a \u00e1lbum com banda Hecto e comenta cobran\u00e7as por posicionamento: \u2018Sou a bandeira\u2019"},"content":{"rendered":"\n<p><strong>Ao \u2018Estad\u00e3o\u2019, o cantor e o m\u00fasico Guilherme G\u00ea falam sobre \u2018Can\u00e7\u00f5es Para Um Novo Mundo\u2019. O disco denuncia e aponta solu\u00e7\u00f5es para mazelas sociais e da alma, quest\u00f5es que Ney aborda desde sempre. \u2018Eu chutei a porta em 1973\u2032<\/strong><\/p>\n\n\n\n<p>Dizer que\u00a0<a href=\"https:\/\/www.estadao.com.br\/tudo-sobre\/ney-matogrosso\/\" target=\"_blank\" rel=\"noreferrer noopener\"><strong>Ney Matogrosso<\/strong><\/a>\u00a0est\u00e1 cantando rock no \u00e1lbum<strong>\u00a0<\/strong><em>Can\u00e7\u00f5es Para Um Novo Mundo<\/em>, lan\u00e7ado nesta sexta-feira, 10, em parceria com a banda Hecto, \u00e9 chover no molhado. Ou melhor, no Secos &amp; Molhados &#8211; muito embora essa banda n\u00e3o fosse necessariamente apenas de rock. Falar que Ney, aos 83 anos, d\u00e1 conta dos vocais \u00e9 reafirmar o j\u00e1 sabido.<\/p>\n\n\n\n<p>O que resta, ent\u00e3o? Destacar como o \u00e1lbum, arquitetado pelo m\u00fasico e cantor carioca&nbsp;<strong>Guilherme G\u00ea<\/strong>, que forma a Hecto juntamente com o guitarrista catarinense Marcelo Nader, re\u00fane nove grandes can\u00e7\u00f5es de rock &#8211; seis delas s\u00e3o in\u00e9ditas.<\/p>\n\n\n\n<p>\u201cGosto muito do repert\u00f3rio. E isso \u00e9 o suficiente [para estar no projeto]\u201d, diz Ney ao&nbsp;<strong>Estad\u00e3o<\/strong>, em chamada de v\u00eddeo, ao lado de G\u00ea. \u201c\u00c9 um prazer est\u00e9tico. O prazer n\u00e3o acaba, mesmo depois de muito tempo. Na verdade, \u00e9 ele que me mant\u00e9m at\u00e9 hoje, caso contr\u00e1rio, eu j\u00e1 teria sa\u00eddo de cena\u201d, complementa.<\/p>\n\n\n\n<figure class=\"wp-block-image\"><img decoding=\"async\" src=\"https:\/\/www.estadao.com.br\/resizer\/v2\/CT4CPUFLMZHP3FBG6CJOYWDMSI.jpg?quality=80&amp;auth=3e810106e318bd27a9769c02bb3e5ea6aca1c101a616532f21eeac3bee6c41e4&amp;width=380\" alt=\"O m\u00fasico Guilherme G\u00ea e o cantor Ney Matogrosso: parceiros no \u00e1lbum 'Can\u00e7\u00f5es Para Um Novo Mundo'\"\/><figcaption class=\"wp-element-caption\">O m\u00fasico Guilherme G\u00ea e o cantor Ney Matogrosso: parceiros no \u00e1lbum &#8216;Can\u00e7\u00f5es Para Um Novo Mundo&#8217;&nbsp;<em>Foto:&nbsp;Marcos Hermes\/ Divulga\u00e7\u00e3o<\/em><\/figcaption><\/figure>\n\n\n\n<p>Cantar rock deixa Ney \u00e0 vontade. O g\u00eanero, ali\u00e1s, foi o \u00fanico capaz de induzir no cantor o desejo de ser algu\u00e9m &#8211; e Ney sempre quis ser muito ele. \u201cQuando tinha 13, surgiu Elvis Presley no mundo. Eu andava com um topete deste tamanho, que meu pai odiava\u201d, conta. \u201cFoi a \u00fanica vez que fiz alguma refer\u00eancia na minha vida.\u201d<\/p>\n\n\n\n<p>A Elvis, somaram-se Marlon Brando e James Dean. \u201cOs tr\u00eas me enlouqueceram a cabe\u00e7a\u201d. Tr\u00eas transgressores, n\u00e3o, Ney? \u201cSim, e que viviam a vida deles como queriam\u201d. Nada fora da ordem.<\/p>\n\n\n\n<p>Ney e G\u00ea se conheceram em 2017, quando o m\u00fasico participou do musical&nbsp;<em>Puro Ney<\/em>, dedicado \u00e0 obra do cantor. Nessa \u00e9poca, G\u00ea j\u00e1 havia composto&nbsp;<em>Teu Sangue<\/em>, can\u00e7\u00e3o seminal do \u00e1lbum&nbsp;<em>Can\u00e7\u00f5es Para Um Novo Mundo<\/em>. A m\u00fasica, agora, ganhou um videoclipe com dire\u00e7\u00e3o de Batman Zavareze.<\/p>\n\n\n\n<p>Ney, na entrevista ao\u00a0<strong>Estad\u00e3o<\/strong>, se surpreende com a revela\u00e7\u00e3o da data &#8211; a m\u00fasica s\u00f3 chegou para ele em 2023. \u201c\u00c9 mesmo? N\u00e3o sabia!\u201d, diz. N\u00e3o \u00e0 toa. Em sua primeira parte,\u00a0<em>Teu Sangue<\/em>\u00a0faz uma s\u00e9rie de den\u00fancias que parecem ter sa\u00eddo nos jornais de hoje. \u201cE a pol\u00edcia, mil\u00edcia, PM\/E as tropas de choque, teu sangue\u201d, diz um dos trechos. \u201cE nossos \u00edndios morrendo de fome\/De sede, sem dignidade, teu sangue\u201d, explicita a estrofe seguinte.<\/p>\n\n\n\n<figure class=\"wp-block-embed is-type-video is-provider-youtube wp-block-embed-youtube wp-embed-aspect-16-9 wp-has-aspect-ratio\"><div class=\"wp-block-embed__wrapper\">\n<iframe loading=\"lazy\" title=\"Ney Matogrosso, Hecto - Teu Sangue\" width=\"1170\" height=\"658\" src=\"https:\/\/www.youtube.com\/embed\/jhCN_Cys8oY?feature=oembed\" frameborder=\"0\" allow=\"accelerometer; autoplay; clipboard-write; encrypted-media; gyroscope; picture-in-picture; web-share\" referrerpolicy=\"strict-origin-when-cross-origin\" allowfullscreen><\/iframe>\n<\/div><\/figure>\n\n\n\n<p>\u201c\u00cdndios morrendo. Fico chocado! Apocalipse now! O fechamento da m\u00fasica \u00e9 o que mais me tocou. Tudo \u00e9 o nosso sangue. Todas as mazelas, tudo de bom ou de errado, faz parte do nosso sangue. Somos o mesmo povo. Gostei muito dessa ideia\u201d, elogia Ney. O cantor diz que um ind\u00edgena o atualiza sempre com not\u00edcias de seu povo.<\/p>\n\n\n\n<p>Ainda sobre&nbsp;<em>Teu Sangue<\/em>. A segunda parte dela aponta caminhos. Assim, ela, como bem destaca G\u00ea, \u00e9 o mote do \u00e1lbum, que n\u00e3o apenas denuncia, mas prop\u00f5e solu\u00e7\u00f5es para o caos social na maioria das can\u00e7\u00f5es. Nesse sentido, o \u00e1lbum \u00e9 muito bem definido em seu conceito.<\/p>\n\n\n\n<figure class=\"wp-block-image\"><img decoding=\"async\" src=\"https:\/\/www.estadao.com.br\/resizer\/v2\/NB3Q3H2P5BDOJMPZTC6MUWHLZI.jpg?quality=80&amp;auth=81970e74ce7d36196e5f7befaafb39282c425ceaf2b33e0d8d250da251454678&amp;width=380\" alt=\"Ney e a banda Hecto. O trabalho traz nove m\u00fasicas, seis delas in\u00e9ditas\"\/><figcaption class=\"wp-element-caption\">Ney e a banda Hecto. O trabalho traz nove m\u00fasicas, seis delas in\u00e9ditas&nbsp;<em>Foto:&nbsp;Marcos Hermes\/ Divulga\u00e7\u00e3o<\/em><\/figcaption><\/figure>\n\n\n\n<p>Os timbres de Ney e G\u00ea, muitas vezes, se assemelham. Algo espont\u00e2neo, nascido no est\u00fadio. Em outras, se somam a mais vozes. Como ocorre em&nbsp;<em>Solaris<\/em>, letra de Mauro Santa Cec\u00edlia musicada por G\u00ea. Al\u00e9m dos dois, h\u00e1 Frejat. O ex-Bar\u00e3o come\u00e7a a can\u00e7\u00e3o em um tom grave. G\u00ea segue na regi\u00e3o m\u00e9dia, at\u00e9 entregar para Ney no agudo. Cabe a ele, ent\u00e3o, trazer o sol para uma poesia que come\u00e7a falando de sombra e manh\u00e3 cinzenta.<\/p>\n\n\n\n<p>Ana Ca\u00f1as est\u00e1 em&nbsp;<em>O Amor Vem Antes de Tudo<\/em>, de G\u00ea e D\u00e9a Moura. A bateria de Will Calhoun, do Living Colour, gravada durante a passagem do m\u00fasico pelo Brasil, e o sitar, instrumento indiano, deixam a faixa mais pr\u00f3xima do que se denomina de world music.<\/p>\n\n\n\n<p><em>Anonimato<\/em>, com letra e m\u00fasica de G\u00ea, traz a vis\u00e3o de um morador de rua. \u201cSaudade de existir\u201d, diz o refr\u00e3o. Embora apare\u00e7a alinhada com a sonoridade do \u00e1lbum, \u00e9 um samba. Isso fica evidente no trecho \u201clevaram meu viol\u00e3o\u201d, muito bem desenhado melodicamente por Ney. \u201cDurante a grava\u00e7\u00e3o dessa m\u00fasica, Ney me disse que as melodias eram dif\u00edceis, mas que estava tudo certo para ele, que elas o levavam. \u00c9 a conex\u00e3o\u201d, avalia G\u00ea.<\/p>\n\n\n\n<p>Ney, que teve sua fase hippie nos anos 1970, disse nunca ter se sentido invis\u00edvel perante \u00e0 sociedade, como ocorre com a popula\u00e7\u00e3o de rua. Mas entende a dor de quem est\u00e1 nas ruas e pra\u00e7as. \u201cSou sens\u00edvel. Quando ando de madrugada pelo Rio de Janeiro, vejo aquelas fam\u00edlias nas ruas, emboladas&#8230; O que \u00e9 isso? As pessoas nessa decad\u00eancia. Para mim, \u00e9 o fim de um ciclo da humanidade\u201d, diz. G\u00ea, autor da faixa, pede \u201cigualdade, solidariedade e respeito\u201d. \u201cS\u00f3 assim chegaremos \u00e0 justi\u00e7a\u201d, opina.<\/p>\n\n\n\n<p>Al\u00e9m de G\u00ea e seus parceiros, Ney tamb\u00e9m canta pela primeira vez outro compositor. Um veterano: Paulo S\u00e9rgio Valle, conhecido, dos anos 1990 para c\u00e1, pelas letras da sertaneja<em>&nbsp;Evid\u00eancias<\/em>&nbsp;e do pagode pop&nbsp;<em>Essa Tal Liberdade<\/em>. Dois hits. Nos anos 1960, Valle, ao lado do irm\u00e3o, Marcos, comp\u00f4s cl\u00e1ssicos da bossa nova.<\/p>\n\n\n\n<p>Ney deixa escapar que essa can\u00e7\u00e3o, de t\u00edtulo&nbsp;<em>Mon\u00f3logo<\/em>, \u00e9 uma das que mais gosta no \u00e1lbum. O poema de Valle, publicado em seu livro&nbsp;<em>Contos e Letras: Uma Passagem pelo Tempo<\/em>&nbsp;(2018) e j\u00e1 gravado em forma de can\u00e7\u00e3o anteriormente por Madu e Jana Figarella, foi musicado por G\u00ea e S\u00e9rgio Britto, do Tit\u00e3s. Ela fala sobre um corpo cansado em um mundo errado. A solid\u00e3o dos dias atuais e o anseio da alma por sensa\u00e7\u00f5es mais reconfortantes.<\/p>\n\n\n\n<figure class=\"wp-block-image\"><img decoding=\"async\" src=\"https:\/\/www.estadao.com.br\/resizer\/v2\/L5USCWIMJBJI7JPKSJFMCSXQMY.jpg?quality=80&amp;auth=833fe4637cf447498b5c3d885ed45fc76ddbc288a6c871bb480b233111d21542&amp;width=380\" alt=\"Ney Matogrosso no show do grupo Secos e Molhados, em junho de 1974\"\/><figcaption class=\"wp-element-caption\">Ney Matogrosso no show do grupo Secos e Molhados, em junho de 1974&nbsp;<em>Foto:&nbsp;Ary Brandi\/Estad\u00e3o<\/em><\/figcaption><\/figure>\n\n\n\n<p>Cobrado por n\u00e3o explicitar bandeiras, sobretudo no campo da sexualidade, Ney levanta v\u00e1rias delas [sociais] no \u00e1lbum. Ali\u00e1s, como tem feito desde os anos 1970, quando literalmente rebolou na cara da censura do per\u00edodo militar.<\/p>\n\n\n\n<p>O assunto da cobran\u00e7a traz certo inc\u00f4modo a Ney &#8211; ele n\u00e3o faz quest\u00e3o alguma de escond\u00ea-lo. \u201cNunca tive medo de me expor. Mas n\u00e3o acho que, por isso, eu tenha que ir para a Avenida Paulista. N\u00e3o acho! Voc\u00ea quer mais bandeiras do que j\u00e1 dei no Brasil? Quando disseram que eu n\u00e3o me envolvia, eu disse: \u2018Eu sou a bandeira!\u2019. Eu chutei a porta em 1973, &#8230; [Ney autocensura um palavr\u00e3o].\u201d<\/p>\n\n\n\n<p>\u00c9 bem prov\u00e1vel que&nbsp;<em>Can\u00e7\u00f5es Para Um Novo Mundo<\/em>&nbsp;n\u00e3o chegue aos palcos com Ney e a banda Hecto. Isso n\u00e3o tem rela\u00e7\u00e3o com Ney n\u00e3o querer dividir holofotes em cena. Suas decis\u00f5es n\u00e3o passam pela vaidade &#8211; tampouco pelo dinheiro.<\/p>\n\n\n\n<p>Ney lembra bem o que ouviu, no passado, quando fez disco e show com Pedro Lu\u00eds e A Parede. Muitos apostaram que ele n\u00e3o iria conseguir compartilhar com o grupo. \u201cEu respondi: \u2018Voc\u00eas pensam que sou o que? Um maluco?\u2019 \u00c9 a m\u00fasica que comanda minha vida. E ela aproxima as pessoas\u201d. \u201cO Ney \u00e9 o oposto dessa vaidade, posso falar, pelo trabalho em est\u00fadio\u201d, atesta G\u00ea.<\/p>\n\n\n\n<p>Ney segue com o show&nbsp;<em>Bloco na Rua<\/em>, estreado em 2019, a todo vapor. Em 2024, se apresentou para quase 50 mil pessoas no Allianz Parque. Cantou no Rock in Rio em dois dias, al\u00e9m de lotar casas de shows pelo Pa\u00eds. J\u00e1 h\u00e1 datas de apresenta\u00e7\u00f5es para este ano.<\/p>\n\n\n\n<p>A for\u00e7a para estar pleno no palco, depois de mais de 50 anos de carreira? \u201cVem de dentro de mim. N\u00e3o tenho outro lugar para tirar. Adoro cantar nesses festivais loucos, com centenas de milhares de pessoas. N\u00e3o sofro! Tenho prazer de estar ali\u201d.<\/p>\n\n\n\n<p>Para G\u00ea, que acompanha Ney nesse \u00e1lbum t\u00e3o sobre o mundo, mas tamb\u00e9m muito particular entre eles, o cantor \u00e9 uma \u201chipersensibilidade\u201d. \u201cNey \u00e9 t\u00e3o focado no palco, no est\u00fadio. \u00c9 como se ele entrasse em uma pe\u00e7a de teatro, com o mesmo respeito e amor. Ele encarna um personagem\u201d, diz o m\u00fasico. \u201c\u00c9 um personagem mesmo\u201d, confirma Ney.<\/p>\n\n\n\n<figure class=\"wp-block-image\"><img decoding=\"async\" src=\"https:\/\/www.estadao.com.br\/resizer\/v2\/7YLPVJ4KKFG4FJE7WEJQQM5GBE.png?quality=80&amp;auth=d142c92b611e3228e031796ff21a0ee0fb3621f8f73a61df9ae99bf21a2d6a06&amp;width=380\" alt=\"A capa do \u00e1lbum 'Can\u00e7\u00f5es Para Um Novo Mundo\"\/><figcaption class=\"wp-element-caption\">A capa do \u00e1lbum &#8216;Can\u00e7\u00f5es Para Um Novo Mundo&nbsp;<em>Foto:&nbsp;Som Livre\/Divulga\u00e7\u00e3o<\/em><\/figcaption><\/figure>\n\n\n\n<ul class=\"wp-block-list\">\n<li><em><strong>Can\u00e7\u00f5es Para Um Novo Mundo<\/strong><\/em><\/li>\n\n\n\n<li>Ney Matogrosso e Hecto<\/li>\n\n\n\n<li>Som Livre<\/li>\n\n\n\n<li>Dispon\u00edvel nas plataformas digitais<\/li>\n<\/ul>\n\n\n\n<p><strong>Por Estad\u00e3o<\/strong><\/p>\n","protected":false},"excerpt":{"rendered":"<p>Ao \u2018Estad\u00e3o\u2019, o cantor e o m\u00fasico Guilherme G\u00ea falam sobre \u2018Can\u00e7\u00f5es Para Um Novo Mundo\u2019. O disco denuncia e aponta solu\u00e7\u00f5es para mazelas sociais e da alma, quest\u00f5es que&hellip;<\/p>\n","protected":false},"author":1,"featured_media":332337,"comment_status":"closed","ping_status":"open","sticky":false,"template":"","format":"standard","meta":{"footnotes":""},"categories":[50,42],"tags":[],"class_list":["post-332336","post","type-post","status-publish","format-standard","has-post-thumbnail","hentry","category-famosos","category-ultimas"],"_links":{"self":[{"href":"https:\/\/blogfolhadocomercio.com.br\/wp\/wp-json\/wp\/v2\/posts\/332336","targetHints":{"allow":["GET"]}}],"collection":[{"href":"https:\/\/blogfolhadocomercio.com.br\/wp\/wp-json\/wp\/v2\/posts"}],"about":[{"href":"https:\/\/blogfolhadocomercio.com.br\/wp\/wp-json\/wp\/v2\/types\/post"}],"author":[{"embeddable":true,"href":"https:\/\/blogfolhadocomercio.com.br\/wp\/wp-json\/wp\/v2\/users\/1"}],"replies":[{"embeddable":true,"href":"https:\/\/blogfolhadocomercio.com.br\/wp\/wp-json\/wp\/v2\/comments?post=332336"}],"version-history":[{"count":1,"href":"https:\/\/blogfolhadocomercio.com.br\/wp\/wp-json\/wp\/v2\/posts\/332336\/revisions"}],"predecessor-version":[{"id":332338,"href":"https:\/\/blogfolhadocomercio.com.br\/wp\/wp-json\/wp\/v2\/posts\/332336\/revisions\/332338"}],"wp:featuredmedia":[{"embeddable":true,"href":"https:\/\/blogfolhadocomercio.com.br\/wp\/wp-json\/wp\/v2\/media\/332337"}],"wp:attachment":[{"href":"https:\/\/blogfolhadocomercio.com.br\/wp\/wp-json\/wp\/v2\/media?parent=332336"}],"wp:term":[{"taxonomy":"category","embeddable":true,"href":"https:\/\/blogfolhadocomercio.com.br\/wp\/wp-json\/wp\/v2\/categories?post=332336"},{"taxonomy":"post_tag","embeddable":true,"href":"https:\/\/blogfolhadocomercio.com.br\/wp\/wp-json\/wp\/v2\/tags?post=332336"}],"curies":[{"name":"wp","href":"https:\/\/api.w.org\/{rel}","templated":true}]}}