{"id":332266,"date":"2025-01-09T21:05:08","date_gmt":"2025-01-10T00:05:08","guid":{"rendered":"https:\/\/blogfolhadocomercio.com.br\/wp\/?p=332266"},"modified":"2025-01-09T21:05:10","modified_gmt":"2025-01-10T00:05:10","slug":"atletico-go-anuncia-contratacao-de-jogador-com-passagens-por-sao-paulo-e-ceara","status":"publish","type":"post","link":"https:\/\/blogfolhadocomercio.com.br\/wp\/2025\/01\/09\/atletico-go-anuncia-contratacao-de-jogador-com-passagens-por-sao-paulo-e-ceara\/","title":{"rendered":"Atl\u00e9tico-GO anuncia contrata\u00e7\u00e3o de jogador com passagens por S\u00e3o Paulo e Cear\u00e1"},"content":{"rendered":"\n<figure class=\"wp-block-image size-large\"><img loading=\"lazy\" decoding=\"async\" width=\"1024\" height=\"576\" src=\"https:\/\/blogfolhadocomercio.com.br\/wp\/wp-content\/uploads\/2025\/01\/image-299-1024x576.png\" alt=\"\" class=\"wp-image-332267\" srcset=\"https:\/\/blogfolhadocomercio.com.br\/wp\/wp-content\/uploads\/2025\/01\/image-299-1024x576.png 1024w, https:\/\/blogfolhadocomercio.com.br\/wp\/wp-content\/uploads\/2025\/01\/image-299-300x169.png 300w, https:\/\/blogfolhadocomercio.com.br\/wp\/wp-content\/uploads\/2025\/01\/image-299-768x432.png 768w, https:\/\/blogfolhadocomercio.com.br\/wp\/wp-content\/uploads\/2025\/01\/image-299-1170x658.png 1170w, https:\/\/blogfolhadocomercio.com.br\/wp\/wp-content\/uploads\/2025\/01\/image-299-585x329.png 585w, https:\/\/blogfolhadocomercio.com.br\/wp\/wp-content\/uploads\/2025\/01\/image-299.png 1200w\" sizes=\"auto, (max-width: 1024px) 100vw, 1024px\" \/><\/figure>\n\n\n\n<p>Ap\u00f3s confirmar a contrata\u00e7\u00e3o de\u00a0Marcinho, o Atl\u00e9tico Goianiense anunciou a chegada de mais um refor\u00e7o para a lateral direita: Ra\u00ed Ramos. O jogador de 30 anos, que pertence ao S\u00e3o Paulo, atuou na \u00faltima temporada pelo Cear\u00e1, onde disputou 42 jogos, marcou quatro gols e contribuiu com duas assist\u00eancias.<\/p>\n\n\n\n<p>A chegada de Ra\u00ed Ramos e Marcinho ao Drag\u00e3o tem como objetivo suprir as sa\u00eddas de Maguinho e Bruno Tubar\u00e3o, que defenderam a equipe na temporada passada. As negocia\u00e7\u00f5es entre Atl\u00e9tico Goianiense e S\u00e3o Paulo j\u00e1 estavam avan\u00e7adas desde dezembro, pois Ra\u00ed estava fora dos planos do t\u00e9cnico Zubeld\u00eda. O lateral havia sido contratado pelo clube paulista em 2023 para preencher a lacuna deixada pelas les\u00f5es de Rafinha, Moreira e Igor Vin\u00edcius.<\/p>\n\n\n\n<p>O Atl\u00e9tico oficializou a contrata\u00e7\u00e3o pelas redes sociais com entusiasmo: \u201cEM 2025 \u00c9 DRAG\u00c3O! O Drag\u00e3o acertou a chegada do lateral-direito Ra\u00ed Ramos (30 anos). O jogador estava no Cear\u00e1, onde disputou 42 jogos e marcou 4 gols em 2024. VAMOS PRA CIMA, RA\u00cd!\u201d, escreveu o clube em sua publica\u00e7\u00e3o.<\/p>\n\n\n\n<p><a href=\"https:\/\/www.instagram.com\/p\/DEnJa1Iu9or\/?utm_source=ig_embed&amp;ig_rid=e2de6827-5192-4ea7-b428-b3c8ba8aef4d\">VER NO INSTAGRAM<\/a><\/p>\n\n\n\n<p><strong>Por Mais Goi\u00e1s<\/strong><\/p>\n\n\n\n<p><\/p>\n","protected":false},"excerpt":{"rendered":"<p>Ap\u00f3s confirmar a contrata\u00e7\u00e3o de\u00a0Marcinho, o Atl\u00e9tico Goianiense anunciou a chegada de mais um refor\u00e7o para a lateral direita: Ra\u00ed Ramos. O jogador de 30 anos, que pertence ao S\u00e3o&hellip;<\/p>\n","protected":false},"author":1,"featured_media":332267,"comment_status":"closed","ping_status":"open","sticky":false,"template":"","format":"standard","meta":{"footnotes":""},"categories":[36,42],"tags":[],"class_list":["post-332266","post","type-post","status-publish","format-standard","has-post-thumbnail","hentry","category-esporte","category-ultimas"],"_links":{"self":[{"href":"https:\/\/blogfolhadocomercio.com.br\/wp\/wp-json\/wp\/v2\/posts\/332266","targetHints":{"allow":["GET"]}}],"collection":[{"href":"https:\/\/blogfolhadocomercio.com.br\/wp\/wp-json\/wp\/v2\/posts"}],"about":[{"href":"https:\/\/blogfolhadocomercio.com.br\/wp\/wp-json\/wp\/v2\/types\/post"}],"author":[{"embeddable":true,"href":"https:\/\/blogfolhadocomercio.com.br\/wp\/wp-json\/wp\/v2\/users\/1"}],"replies":[{"embeddable":true,"href":"https:\/\/blogfolhadocomercio.com.br\/wp\/wp-json\/wp\/v2\/comments?post=332266"}],"version-history":[{"count":1,"href":"https:\/\/blogfolhadocomercio.com.br\/wp\/wp-json\/wp\/v2\/posts\/332266\/revisions"}],"predecessor-version":[{"id":332268,"href":"https:\/\/blogfolhadocomercio.com.br\/wp\/wp-json\/wp\/v2\/posts\/332266\/revisions\/332268"}],"wp:featuredmedia":[{"embeddable":true,"href":"https:\/\/blogfolhadocomercio.com.br\/wp\/wp-json\/wp\/v2\/media\/332267"}],"wp:attachment":[{"href":"https:\/\/blogfolhadocomercio.com.br\/wp\/wp-json\/wp\/v2\/media?parent=332266"}],"wp:term":[{"taxonomy":"category","embeddable":true,"href":"https:\/\/blogfolhadocomercio.com.br\/wp\/wp-json\/wp\/v2\/categories?post=332266"},{"taxonomy":"post_tag","embeddable":true,"href":"https:\/\/blogfolhadocomercio.com.br\/wp\/wp-json\/wp\/v2\/tags?post=332266"}],"curies":[{"name":"wp","href":"https:\/\/api.w.org\/{rel}","templated":true}]}}