{"id":332178,"date":"2025-01-09T12:53:00","date_gmt":"2025-01-09T15:53:00","guid":{"rendered":"https:\/\/blogfolhadocomercio.com.br\/wp\/?p=332178"},"modified":"2025-01-09T12:53:02","modified_gmt":"2025-01-09T15:53:02","slug":"graciele-lacerda-nega-que-filha-seja-prematura-nasceu-pequenininha","status":"publish","type":"post","link":"https:\/\/blogfolhadocomercio.com.br\/wp\/2025\/01\/09\/graciele-lacerda-nega-que-filha-seja-prematura-nasceu-pequenininha\/","title":{"rendered":"Graciele Lacerda nega que filha seja prematura: \u2018Nasceu pequenininha\u2019"},"content":{"rendered":"\n<p><strong>Filha de Zez\u00e9 Di Camargo nasceu de 37 semanas e tr\u00eas dias e pesava 2,330 kg<\/strong><\/p>\n\n\n\n<p>A influenciadora&nbsp;<a href=\"https:\/\/www.estadao.com.br\/tudo-sobre\/graciele-lacerda\/\" target=\"_blank\" rel=\"noreferrer noopener\"><strong>Graciele Lacerda<\/strong><\/a>&nbsp;negou que sua filha Clara, que&nbsp;<a href=\"https:\/\/www.estadao.com.br\/emais\/gente\/nasce-clara-filha-de-zeze-di-camargo-e-graciele-lacerda-nprec\/\" target=\"_blank\" rel=\"noreferrer noopener\">nasceu no final de 2024<\/a>, seja prematura. A revela\u00e7\u00e3o foi feita nesta quarta-feira, 7, enquanto a esposa de<a href=\"https:\/\/www.estadao.com.br\/tudo-sobre\/zeze-di-camargo\" target=\"_blank\" rel=\"noreferrer noopener\"><strong>&nbsp;Zez\u00e9 Di Camargo<\/strong><\/a>&nbsp;respondia d\u00favidas dos f\u00e3s em seu perfil no&nbsp;<a href=\"https:\/\/www.estadao.com.br\/tudo-sobre\/instagram\/\" target=\"_blank\" rel=\"noreferrer noopener\"><strong>Instagram<\/strong><\/a>. \u201cA Clara n\u00e3o nasceu prematura. Ela nasceu de 37 semanas e tr\u00eas dias. S\u00f3 \u00e9 considerada prematura antes das 37\u2033, afirmou Graciele.<\/p>\n\n\n\n<p>No dia 25 de dezembro do ano passado, Graciele deu \u00e0 luz Clara \u2014 sua primeira filha com o cantor sertanejo. A menina veio ao mundo pesando 2,330 kg. \u201cEla nasceu pequenininha por conta de uma situa\u00e7\u00e3o do meu parto que eu ainda vou contar para voc\u00eas\u201d, relatou. \u201cMas ela n\u00e3o \u00e9 prematura.\u201d<\/p>\n\n\n\n<figure class=\"wp-block-image\"><img decoding=\"async\" src=\"https:\/\/www.estadao.com.br\/resizer\/v2\/ZEPES6HA5ZCKJJAYTGX5IFVJOI.png?quality=80&amp;auth=141549e660a3ab4ec62e19e7c63526937154c6739b296d5de39e379a3ad28016&amp;width=380\" alt=\"Clara recebe o carinho de Wanessa Camargo, irm\u00e3 mais velha, e dos pais. \"\/><\/figure>\n\n\n\n<p>Clara recebe o carinho de Wanessa Camargo, irm\u00e3 mais velha, e dos pais.\u00a0<em>Foto:\u00a0Janine Trassi\/@wanessa via Instagram<\/em><\/p>\n\n\n\n<p>A influenciadora optou por n\u00e3o contratar uma bab\u00e1 para \u201cviver a maternidade em tempo integral\u201d. Ela, no entanto, conta com ajuda de uma enfermeira. \u201cAt\u00e9 a priva\u00e7\u00e3o do sono a gente acha lindo. Estou vivenciando cada momento, tendo uma maternidade real. \u00c9 o que eu queria\u201d, afirmou.<\/p>\n\n\n\n<p>Esse \u00e9 o quarto filho de Zez\u00e9 Di Camargo. O cantor, que foi casado com Zilu God\u00f3i entre 1981 e 2012, tamb\u00e9m \u00e9 pai de Wanessa Camargo, Camilla Camargo e Igor.<\/p>\n\n\n\n<p>\u201cAcho que todas as m\u00e3es sentem um misto de medo e ansiedade, e comigo n\u00e3o foi diferente\u201d, disse Graciele sobre o momento do parto. \u201c\u00c9 um momento m\u00e1gico e sagrado. Em instantes, voc\u00ea ter\u00e1 em seus bra\u00e7os o maior amor da sua vida. Essa alegria se mistura com a preocupa\u00e7\u00e3o de saber se est\u00e1 tudo bem.\u201d<\/p>\n\n\n\n<p><strong>Por Estad\u00e3o<\/strong><\/p>\n\n\n\n<p><strong><br><\/strong><\/p>\n","protected":false},"excerpt":{"rendered":"<p>Filha de Zez\u00e9 Di Camargo nasceu de 37 semanas e tr\u00eas dias e pesava 2,330 kg A influenciadora&nbsp;Graciele Lacerda&nbsp;negou que sua filha Clara, que&nbsp;nasceu no final de 2024, seja prematura.&hellip;<\/p>\n","protected":false},"author":1,"featured_media":332179,"comment_status":"closed","ping_status":"open","sticky":false,"template":"","format":"standard","meta":{"footnotes":""},"categories":[50,42],"tags":[],"class_list":["post-332178","post","type-post","status-publish","format-standard","has-post-thumbnail","hentry","category-famosos","category-ultimas"],"_links":{"self":[{"href":"https:\/\/blogfolhadocomercio.com.br\/wp\/wp-json\/wp\/v2\/posts\/332178","targetHints":{"allow":["GET"]}}],"collection":[{"href":"https:\/\/blogfolhadocomercio.com.br\/wp\/wp-json\/wp\/v2\/posts"}],"about":[{"href":"https:\/\/blogfolhadocomercio.com.br\/wp\/wp-json\/wp\/v2\/types\/post"}],"author":[{"embeddable":true,"href":"https:\/\/blogfolhadocomercio.com.br\/wp\/wp-json\/wp\/v2\/users\/1"}],"replies":[{"embeddable":true,"href":"https:\/\/blogfolhadocomercio.com.br\/wp\/wp-json\/wp\/v2\/comments?post=332178"}],"version-history":[{"count":1,"href":"https:\/\/blogfolhadocomercio.com.br\/wp\/wp-json\/wp\/v2\/posts\/332178\/revisions"}],"predecessor-version":[{"id":332180,"href":"https:\/\/blogfolhadocomercio.com.br\/wp\/wp-json\/wp\/v2\/posts\/332178\/revisions\/332180"}],"wp:featuredmedia":[{"embeddable":true,"href":"https:\/\/blogfolhadocomercio.com.br\/wp\/wp-json\/wp\/v2\/media\/332179"}],"wp:attachment":[{"href":"https:\/\/blogfolhadocomercio.com.br\/wp\/wp-json\/wp\/v2\/media?parent=332178"}],"wp:term":[{"taxonomy":"category","embeddable":true,"href":"https:\/\/blogfolhadocomercio.com.br\/wp\/wp-json\/wp\/v2\/categories?post=332178"},{"taxonomy":"post_tag","embeddable":true,"href":"https:\/\/blogfolhadocomercio.com.br\/wp\/wp-json\/wp\/v2\/tags?post=332178"}],"curies":[{"name":"wp","href":"https:\/\/api.w.org\/{rel}","templated":true}]}}