{"id":332175,"date":"2025-01-09T12:48:15","date_gmt":"2025-01-09T15:48:15","guid":{"rendered":"https:\/\/blogfolhadocomercio.com.br\/wp\/?p=332175"},"modified":"2025-01-09T12:48:18","modified_gmt":"2025-01-09T15:48:18","slug":"o-que-se-sabe-sobre-os-incendios-florestais-em-los-angeles-no-sul-da-california","status":"publish","type":"post","link":"https:\/\/blogfolhadocomercio.com.br\/wp\/2025\/01\/09\/o-que-se-sabe-sobre-os-incendios-florestais-em-los-angeles-no-sul-da-california\/","title":{"rendered":"O que se sabe sobre os inc\u00eandios florestais em Los Angeles, no sul da Calif\u00f3rnia"},"content":{"rendered":"\n<p><strong>Inc\u00eandios j\u00e1 queimaram mais de mil casas e for\u00e7aram 100 mil pessoas a fugirem; um dos inc\u00eandios j\u00e1 causou a morte de cinco pessoas<\/strong><\/p>\n\n\n\n<p><a href=\"https:\/\/www.estadao.com.br\/tudo-sobre\/incendio\/?srsltid=AfmBOorbRtDFA5vBCdtCCb7SuixfYSfM89tsUugh9UOdkdedKuG_vm5b\" target=\"_blank\" rel=\"noreferrer noopener\"><strong>Inc\u00eandios<\/strong><\/a>&nbsp;de r\u00e1pida propaga\u00e7\u00e3o que atingiram a \u00e1rea de<a href=\"https:\/\/www.estadao.com.br\/tudo-sobre\/los-angeles-estados-unidos\/?srsltid=AfmBOopGEAkqf9kprnt1m13nzD3qGu6lJhbjLG-Bc4MMn-qN8VHuwUbb\" target=\"_blank\" rel=\"noreferrer noopener\"><strong>&nbsp;Los Angeles<\/strong><\/a>&nbsp;nesta semana j\u00e1 queimaram mais de mil casas, destru\u00edram marcos importantes e for\u00e7aram mais de 100 mil pessoas a fugir das chamas que se aproximavam rapidamente.<\/p>\n\n\n\n<p>Os tr\u00eas maiores inc\u00eandios \u2014 no bairro costeiro de Pacific Palisades, na \u00e1rea suburbana de Pasadena e em uma regi\u00e3o rural do Vale de San Fernando \u2014 ainda n\u00e3o estavam contidos at\u00e9 a noite de quarta-feira, 8. As autoridades alertaram que mais danos eram prov\u00e1veis, j\u00e1 que ventos fortes e condi\u00e7\u00f5es secas continuaram a alimentar o r\u00e1pido crescimento dos inc\u00eandios. Aqui est\u00e3o as \u00faltimas atualiza\u00e7\u00f5es sobre os inc\u00eandios.<\/p>\n\n\n\n<figure class=\"wp-block-image\"><img decoding=\"async\" src=\"https:\/\/www.estadao.com.br\/resizer\/v2\/6XAB5MVPXJGHPKH3DNE2JX7W4Q.jpg?quality=80&amp;auth=7230620881ade4775aa6a149e46153060e975a0ce78c4b46dfd81940fd303be3&amp;width=380\" alt=\"Residentes Albert e Joan Sanders observam a casa de um vizinho pegar fogo durante o inc\u00eandio Eaton em Altadena, Calif\u00f3rnia, em 8 de janeiro de 2025\"\/><figcaption class=\"wp-element-caption\">Residentes Albert e Joan Sanders observam a casa de um vizinho pegar fogo durante o inc\u00eandio Eaton em Altadena, Calif\u00f3rnia, em 8 de janeiro de 2025&nbsp;<em>Foto:&nbsp;Kyle Grillot\/NYT<\/em><\/figcaption><\/figure>\n\n\n\n<p>Onde os inc\u00eandios est\u00e3o ocorrendo?<\/p>\n\n\n\n<p>Quatro grandes inc\u00eandios estavam queimando em diferentes partes da \u00e1rea de Los Angeles na quarta-feira. A oeste, o inc\u00eandio em Palisades j\u00e1 havia queimado mais de 6.070 hectares e for\u00e7ado desocupa\u00e7\u00f5es em cidades e bairros ao longo da Pacific Coast Highway, incluindo Pacific Palisades, Malibu e Santa Monica. As resid\u00eancias nessas \u00e1reas incluem mans\u00f5es ic\u00f4nicas nos penhascos que se erguem sobre o Pac\u00edfico, bem como conjuntos habitacionais em bairros \u00e0 beira-mar.<\/p>\n\n\n\n<p>A leste, um inc\u00eandio come\u00e7ou na noite de quarta-feira nas colinas de Hollywood, uma \u00e1rea marcada por trilhas para caminhadas e repleta de mans\u00f5es isoladas. O inc\u00eandio de Sunset, que for\u00e7ou desocupa\u00e7\u00f5es em uma das partes mais densamente povoadas de Los Angeles, j\u00e1 havia se espalhado por 8 hectares at\u00e9 a noite de quarta-feira.<\/p>\n\n\n\n<p>Mais a leste, um inc\u00eandio ao norte de Pasadena, nas Montanhas de San Gabriel, j\u00e1 havia queimado mais de 4.047 hectares at\u00e9 a noite de quarta-feira e destru\u00eddo 100 casas. O inc\u00eandio recebeu o nome de Eaton, pois come\u00e7ou no Eaton Canyon, nas montanhas que s\u00e3o talvez mais conhecidas pelo pico mais alto, muitas vezes coberto de neve, conhecido como Mount Baldy. O inc\u00eandio for\u00e7ou mais de 32.000 desocupa\u00e7\u00f5es em \u00e1reas suburbanas onde muitas casas est\u00e3o localizadas nas encostas das montanhas.<\/p>\n\n\n\n<p>E, ao norte, o inc\u00eandio de Hurst havia se estendido para 202 hectares e estava queimando no Vale de San Fernando, cerca de 40 km a noroeste do centro de Los Angeles. Embora o pr\u00f3prio Vale de San Fernando seja densamente povoado, Sylmar \u00e9 uma \u00e1rea mais rural, conhecida por seus pomares de oliveiras e agora lar de propriedades com cavalos.<\/p>\n\n\n\n<figure class=\"wp-block-image\"><img decoding=\"async\" src=\"https:\/\/www.estadao.com.br\/resizer\/v2\/2X4KU6P3YZA3VMWD7BUP3TPNFQ.jpg?quality=80&amp;auth=2d32364f51f03144e0e0ba168b9ef30b50671648748e74b6b65331cb8e80bf82&amp;width=380\" alt=\"Bombeiros operam em uma propriedade em chamas no bairro Pacific Palisades, em Los Angeles, em 7 de janeiro de 2025\"\/><figcaption class=\"wp-element-caption\">Bombeiros operam em uma propriedade em chamas no bairro Pacific Palisades, em Los Angeles, em 7 de janeiro de 2025&nbsp;<em>Foto:&nbsp;Philip Cheung\/NYT<\/em><\/figcaption><\/figure>\n\n\n\n<h3 class=\"wp-block-heading\" id=\"quantas-casas-foram-destruidas\">Quantas casas foram destru\u00eddas?<\/h3>\n\n\n\n<p>O inc\u00eandio em Palisades destruiu mais de 1.000 casas, disseram autoridades na quarta-feira, e mais 15.000 estruturas estavam em risco. O inc\u00eandio tamb\u00e9m arrasou v\u00e1rias institui\u00e7\u00f5es locais queridas, incluindo o Malibu Feed Bin, que vendia produtos para animais de estima\u00e7\u00e3o e presentes desde 1966, e a Palisades Charter High School, alma mater de v\u00e1rias celebridades, al\u00e9m de ser o local de filmagens de muitos programas de TV, incluindo \u201cModern Family\u201d.<\/p>\n\n\n\n<p>O inc\u00eandio de Eaton queimou cerca de 100 casas, segundo autoridades. As chamas danificaram gravemente pelo menos parte do Pasadena Jewish Temple and Center, que opera h\u00e1 mais de um s\u00e9culo.<\/p>\n\n\n\n<p>Os danos causados pelo inc\u00eandio de Hurst ainda s\u00e3o incertos.<\/p>\n\n\n\n<h3 class=\"wp-block-heading\" id=\"houve-mortes\">Houve mortes?<\/h3>\n\n\n\n<p>O inc\u00eandio de Eaton causou a morte de cinco pessoas, disseram autoridades. Embora n\u00e3o tenha sido reportada nenhuma fatalidade no inc\u00eandio de Palisades, houve um \u201cn\u00famero elevado de ferimentos significativos\u201d entre as pessoas que n\u00e3o deixaram suas casas quando deveriam, disse Anthony C. Marrone, chefe dos bombeiros do Condado de Los Angeles.<\/p>\n\n\n\n<p>Por que esses grandes inc\u00eandios come\u00e7aram ao mesmo tempo?<\/p>\n\n\n\n<p>Os meteorologistas alertaram esta semana sobre<strong>&nbsp;rajadas de vento destrutivas que poderiam alcan\u00e7ar 80 a 130 km\/h,<\/strong>&nbsp;e at\u00e9 mais de 160 km\/h nas montanhas. Os ventos, combinados com o ar seco, criaram um evento de clima cr\u00edtico para inc\u00eandios no sul da Calif\u00f3rnia. As colinas tamb\u00e9m est\u00e3o cobertas de vegeta\u00e7\u00e3o ap\u00f3s dois invernos chuvosos que precederam este. \u201cIsso \u00e9 o pior que pode acontecer em termos de clima para inc\u00eandios\u201d, disseram os meteorologistas.<\/p>\n\n\n\n<p>O inverno e o final do outono costumam gerar inc\u00eandios catastr\u00f3ficos na Calif\u00f3rnia.<\/p>\n\n\n\n<p>Em per\u00edodos sem precipita\u00e7\u00e3o significativa, como tem sido o caso neste inverno, a vegeta\u00e7\u00e3o fica extremamente seca. E o clima mais frio na Calif\u00f3rnia coincide com os ventos de Santa Ana, rajadas fortes e secas que sopram de Nevada e Utah para o sul da Calif\u00f3rnia \u2014 e que est\u00e3o ligados aos inc\u00eandios mais devastadores da regi\u00e3o.<\/p>\n\n\n\n<p>O inc\u00eandio mais mortal e destrutivo na hist\u00f3ria da Calif\u00f3rnia, que destruiu a cidade de Paradise, no norte da Calif\u00f3rnia, come\u00e7ou em meados de novembro de 2018.<\/p>\n\n\n\n<figure class=\"wp-block-image\"><img decoding=\"async\" src=\"https:\/\/www.estadao.com.br\/resizer\/v2\/EEM2S6GVANDEHGN5RQPWJXKJ6I.jpg?quality=80&amp;auth=b38b32e28e31946fbb06aa5551b501db92db1f3ad65f791a25387f42f7ac1996&amp;width=380\" alt=\"Um bairro em chamas no bairro Pacific Palisades, em Los Angeles, em 7 de janeiro de 2025\n\n\n\n\n\n\"\/><figcaption class=\"wp-element-caption\">Um bairro em chamas no bairro Pacific Palisades, em Los Angeles, em 7 de janeiro de 2025&nbsp;<em>Foto:&nbsp;Philip Cheung\/NYT<\/em><\/figcaption><\/figure>\n\n\n\n<h3 class=\"wp-block-heading\" id=\"os-incendios-devem-continuar-crescendo\">Os inc\u00eandios devem continuar crescendo?<\/h3>\n\n\n\n<p>Infelizmente, sim. Os bombeiros est\u00e3o limitados em sua capacidade de combater os inc\u00eandios a partir de helic\u00f3pteros, pois os avi\u00f5es est\u00e3o impedidos de voar em algumas \u00e1reas devido aos ventos fortes. Os recursos de combate ao fogo tamb\u00e9m est\u00e3o sobrecarregados, dado os inc\u00eandios simult\u00e2neos, e em alguns lugares as hidrantes come\u00e7aram a ficar sem \u00e1gua devido \u00e0 demanda excessiva.<\/p>\n\n\n\n<p>Embora os ventos tenham come\u00e7ado a diminuir, eles ainda ser\u00e3o moderadamente fortes nos condados de Los Angeles e Ventura at\u00e9 quinta-feira, de acordo com as autoridades meteorol\u00f3gicas.<\/p>\n\n\n\n<p>Os bombeiros pedem \u00e0s pessoas que n\u00e3o desocuparam, mas vivem perto dos inc\u00eandios, para permanecerem alertas, pois as chamas provavelmente se mover\u00e3o rapidamente e de forma imprevis\u00edvel nas pr\u00f3ximas horas. E pedem a todos no sul da Calif\u00f3rnia que fiquem atentos a novos inc\u00eandios.<\/p>\n\n\n\n<p><em>c.2024 The New York Times Company<\/em><\/p>\n\n\n\n<p><em>Este conte\u00fado foi traduzido com o aux\u00edlio de ferramentas de Intelig\u00eancia Artificial e revisado por nossa equipe editorial.\u00a0<\/em><a href=\"https:\/\/www.estadao.com.br\/link\/estadao-define-politica-de-uso-de-ferramentas-de-inteligencia-artificial-por-seus-jornalistas-veja\/\" target=\"_blank\" rel=\"noreferrer noopener\"><em>Saiba mais em nossa Pol\u00edtica de IA.<\/em><\/a><\/p>\n\n\n\n<p><strong>Por Estad\u00e3o<\/strong><\/p>\n\n\n\n<p><strong><br><\/strong><\/p>\n","protected":false},"excerpt":{"rendered":"<p>Inc\u00eandios j\u00e1 queimaram mais de mil casas e for\u00e7aram 100 mil pessoas a fugirem; um dos inc\u00eandios j\u00e1 causou a morte de cinco pessoas Inc\u00eandios&nbsp;de r\u00e1pida propaga\u00e7\u00e3o que atingiram a&hellip;<\/p>\n","protected":false},"author":1,"featured_media":332176,"comment_status":"closed","ping_status":"open","sticky":false,"template":"","format":"standard","meta":{"footnotes":""},"categories":[69,53,42],"tags":[],"class_list":["post-332175","post","type-post","status-publish","format-standard","has-post-thumbnail","hentry","category-meio-ambiente","category-tragedia","category-ultimas"],"_links":{"self":[{"href":"https:\/\/blogfolhadocomercio.com.br\/wp\/wp-json\/wp\/v2\/posts\/332175","targetHints":{"allow":["GET"]}}],"collection":[{"href":"https:\/\/blogfolhadocomercio.com.br\/wp\/wp-json\/wp\/v2\/posts"}],"about":[{"href":"https:\/\/blogfolhadocomercio.com.br\/wp\/wp-json\/wp\/v2\/types\/post"}],"author":[{"embeddable":true,"href":"https:\/\/blogfolhadocomercio.com.br\/wp\/wp-json\/wp\/v2\/users\/1"}],"replies":[{"embeddable":true,"href":"https:\/\/blogfolhadocomercio.com.br\/wp\/wp-json\/wp\/v2\/comments?post=332175"}],"version-history":[{"count":1,"href":"https:\/\/blogfolhadocomercio.com.br\/wp\/wp-json\/wp\/v2\/posts\/332175\/revisions"}],"predecessor-version":[{"id":332177,"href":"https:\/\/blogfolhadocomercio.com.br\/wp\/wp-json\/wp\/v2\/posts\/332175\/revisions\/332177"}],"wp:featuredmedia":[{"embeddable":true,"href":"https:\/\/blogfolhadocomercio.com.br\/wp\/wp-json\/wp\/v2\/media\/332176"}],"wp:attachment":[{"href":"https:\/\/blogfolhadocomercio.com.br\/wp\/wp-json\/wp\/v2\/media?parent=332175"}],"wp:term":[{"taxonomy":"category","embeddable":true,"href":"https:\/\/blogfolhadocomercio.com.br\/wp\/wp-json\/wp\/v2\/categories?post=332175"},{"taxonomy":"post_tag","embeddable":true,"href":"https:\/\/blogfolhadocomercio.com.br\/wp\/wp-json\/wp\/v2\/tags?post=332175"}],"curies":[{"name":"wp","href":"https:\/\/api.w.org\/{rel}","templated":true}]}}