{"id":332049,"date":"2025-01-08T14:20:53","date_gmt":"2025-01-08T17:20:53","guid":{"rendered":"https:\/\/blogfolhadocomercio.com.br\/wp\/?p=332049"},"modified":"2025-01-08T14:20:54","modified_gmt":"2025-01-08T17:20:54","slug":"o-que-se-sabe-sobre-o-caso-da-empresaria-morta-por-funcionario-em-aparecida","status":"publish","type":"post","link":"https:\/\/blogfolhadocomercio.com.br\/wp\/2025\/01\/08\/o-que-se-sabe-sobre-o-caso-da-empresaria-morta-por-funcionario-em-aparecida\/","title":{"rendered":"O que se sabe sobre o caso da empres\u00e1ria morta por funcion\u00e1rio em Aparecida"},"content":{"rendered":"\n<p>Empres\u00e1ria desapareceu ap\u00f3s chamar prestador de servi\u00e7o para acompanh\u00e1-la para atender cliente em Aparecida<\/p>\n\n\n\n<figure class=\"wp-block-image size-large\"><img loading=\"lazy\" decoding=\"async\" width=\"1024\" height=\"576\" src=\"https:\/\/blogfolhadocomercio.com.br\/wp\/wp-content\/uploads\/2025\/01\/image-232-1024x576.png\" alt=\"\" class=\"wp-image-332050\" srcset=\"https:\/\/blogfolhadocomercio.com.br\/wp\/wp-content\/uploads\/2025\/01\/image-232-1024x576.png 1024w, https:\/\/blogfolhadocomercio.com.br\/wp\/wp-content\/uploads\/2025\/01\/image-232-300x169.png 300w, https:\/\/blogfolhadocomercio.com.br\/wp\/wp-content\/uploads\/2025\/01\/image-232-768x432.png 768w, https:\/\/blogfolhadocomercio.com.br\/wp\/wp-content\/uploads\/2025\/01\/image-232-1170x658.png 1170w, https:\/\/blogfolhadocomercio.com.br\/wp\/wp-content\/uploads\/2025\/01\/image-232-585x329.png 585w, https:\/\/blogfolhadocomercio.com.br\/wp\/wp-content\/uploads\/2025\/01\/image-232.png 1200w\" sizes=\"auto, (max-width: 1024px) 100vw, 1024px\" \/><\/figure>\n\n\n\n<p>Responder\u00e1 inicialmente por homic\u00eddio qualificado o homem de 44 anos que foi preso na ter\u00e7a-feira (7\/1), em flagrante, acusado de matar uma empres\u00e1ria, para quem prestava servi\u00e7os, em Aparecida de Goi\u00e2nia. O depoimento do indiciado, e c\u00e2meras de seguran\u00e7a que registraram o carro da v\u00edtima circulando pela cidade no momento em que ela era levada no banco traseiro, ajudaram a pol\u00edcia a entender a din\u00e2mica do crime.<\/p>\n\n\n\n<p>Dona de uma loja de parabrisas localizada na Avenida S\u00e3o Paulo, na Vila Bras\u00edlia, em Aparecida de Goi\u00e2nia, Maria Concei\u00e7\u00e3o dos Santos, que tinha 74 anos, desapareceu na tarde de segunda-feira (6\/1) ap\u00f3s chamar um prestador de servi\u00e7os para que fosse com ela fazer um or\u00e7amento para um cliente. O corpo da empres\u00e1ria encontrado no dia seguinte, dentro do Fiat Uno pertencente \u00e0 ela, abandonado em um parque no Residencial Maria In\u00eas, tamb\u00e9m em Aparecida. O local fica distante tr\u00eas quil\u00f4metros do estabelecimento da v\u00edtima.<\/p>\n\n\n\n<p>Durante o interrogat\u00f3rio, Davi Pereira da Silva, de 44 anos, contou que na segunda-feira \u00e0 tarde foi chamado pela empres\u00e1ria, para quem prestava servi\u00e7o h\u00e1 20 anos, para ir com ela at\u00e9 a casa de um cliente. \u201cTive um surto, s\u00f3 lembro que agarrei no pesco\u00e7o dela por tr\u00e1s, a fiz desmaiar, coloquei o corpo no carro, e sa\u00ed, mas no meio do caminho ela acordou, come\u00e7ou a gritar e abriu a porta, eu tive que parar, a empurrei para dentro, e continuei\u201d, descreveu o indiciado para o delegado Rog\u00e9rio Bicalho, do Grupo de Investiga\u00e7\u00f5es de Homic\u00eddios (GIH), de Aparecida de Goi\u00e2nia.<\/p>\n\n\n\n<p>Sem demonstrar arrependimento, Davi Pereira disse tamb\u00e9m que no momento em que Maria In\u00eas acordou novamente, e o agarrou, sacou uma faca que tinha em um dos bolsos, e a golpeou no pesco\u00e7o. Quando viu que a empres\u00e1ria tinha morrido, ele abandonou o carro com o corpo dela no parque, caminhou por alguns quarteir\u00f5es a p\u00e9, e solicitou um carro por aplicativo para que o levasse at\u00e9 a casa de um irm\u00e3o, no Setor Serra Dourada. Foi na casa deste parente que o suspeito acabou preso, no dia seguinte, pela Pol\u00edcia Militar.<\/p>\n\n\n\n<p>Imagens de c\u00e2meras de seguran\u00e7a obtidas pela pol\u00edcia registraram o momento em que a v\u00edtima abriu a porta traseira do carro, e tamb\u00e9m quando o motorista parou o ve\u00edculo, a empurrou, e continuou dirigindo. Apesar de ter sido autuado por homic\u00eddio, a pol\u00edcia n\u00e3o descarta a possibilidade de indiciar Davi por latroc\u00ednio (roubo seguido de morte), caso seja comprovado que ele matou a empres\u00e1ria para roubar dinheiro dela.<\/p>\n\n\n\n<p>Localizado ao lado do corpo da v\u00edtima, o celular de Maria Concei\u00e7\u00e3o estava com a tela travada no aplicativo de um banco, o que pode indicar que o assassino tentou realizar alguma transfer\u00eancia banc\u00e1ria, antes, ou ap\u00f3s mat\u00e1-la. Davi Pereira j\u00e1 tinha um mandado de pris\u00e3o em aberto, por um homic\u00eddio praticado em 2021, em Goi\u00e2nia, durante uma desaven\u00e7a com usu\u00e1rios de drogas.<\/p>\n\n\n\n<p>De acordo com o delegado que investiga o caso, o suspeito ainda n\u00e3o constituiu nenhum advogado para defend\u00ea-lo.<\/p>\n\n\n\n<p><strong>Por Mais Goi\u00e1s<\/strong><\/p>\n","protected":false},"excerpt":{"rendered":"<p>Empres\u00e1ria desapareceu ap\u00f3s chamar prestador de servi\u00e7o para acompanh\u00e1-la para atender cliente em Aparecida Responder\u00e1 inicialmente por homic\u00eddio qualificado o homem de 44 anos que foi preso na ter\u00e7a-feira (7\/1),&hellip;<\/p>\n","protected":false},"author":1,"featured_media":332050,"comment_status":"closed","ping_status":"open","sticky":false,"template":"","format":"standard","meta":{"footnotes":""},"categories":[1,53,42],"tags":[],"class_list":["post-332049","post","type-post","status-publish","format-standard","has-post-thumbnail","hentry","category-cidades","category-tragedia","category-ultimas"],"_links":{"self":[{"href":"https:\/\/blogfolhadocomercio.com.br\/wp\/wp-json\/wp\/v2\/posts\/332049","targetHints":{"allow":["GET"]}}],"collection":[{"href":"https:\/\/blogfolhadocomercio.com.br\/wp\/wp-json\/wp\/v2\/posts"}],"about":[{"href":"https:\/\/blogfolhadocomercio.com.br\/wp\/wp-json\/wp\/v2\/types\/post"}],"author":[{"embeddable":true,"href":"https:\/\/blogfolhadocomercio.com.br\/wp\/wp-json\/wp\/v2\/users\/1"}],"replies":[{"embeddable":true,"href":"https:\/\/blogfolhadocomercio.com.br\/wp\/wp-json\/wp\/v2\/comments?post=332049"}],"version-history":[{"count":1,"href":"https:\/\/blogfolhadocomercio.com.br\/wp\/wp-json\/wp\/v2\/posts\/332049\/revisions"}],"predecessor-version":[{"id":332051,"href":"https:\/\/blogfolhadocomercio.com.br\/wp\/wp-json\/wp\/v2\/posts\/332049\/revisions\/332051"}],"wp:featuredmedia":[{"embeddable":true,"href":"https:\/\/blogfolhadocomercio.com.br\/wp\/wp-json\/wp\/v2\/media\/332050"}],"wp:attachment":[{"href":"https:\/\/blogfolhadocomercio.com.br\/wp\/wp-json\/wp\/v2\/media?parent=332049"}],"wp:term":[{"taxonomy":"category","embeddable":true,"href":"https:\/\/blogfolhadocomercio.com.br\/wp\/wp-json\/wp\/v2\/categories?post=332049"},{"taxonomy":"post_tag","embeddable":true,"href":"https:\/\/blogfolhadocomercio.com.br\/wp\/wp-json\/wp\/v2\/tags?post=332049"}],"curies":[{"name":"wp","href":"https:\/\/api.w.org\/{rel}","templated":true}]}}