{"id":332015,"date":"2025-01-08T14:12:06","date_gmt":"2025-01-08T17:12:06","guid":{"rendered":"https:\/\/blogfolhadocomercio.com.br\/wp\/?p=332015"},"modified":"2025-01-08T14:12:09","modified_gmt":"2025-01-08T17:12:09","slug":"encontrado-corpo-de-motociclista-levado-pela-enxurrada-em-mineiros","status":"publish","type":"post","link":"https:\/\/blogfolhadocomercio.com.br\/wp\/2025\/01\/08\/encontrado-corpo-de-motociclista-levado-pela-enxurrada-em-mineiros\/","title":{"rendered":"Encontrado corpo de motociclista levado pela enxurrada em Mineiros"},"content":{"rendered":"\n<p>Encontrado corpo de motociclista levado pela enxurrada em Mineiros<\/p>\n\n\n\n<figure class=\"wp-block-image size-large\"><img loading=\"lazy\" decoding=\"async\" width=\"1024\" height=\"576\" src=\"https:\/\/blogfolhadocomercio.com.br\/wp\/wp-content\/uploads\/2025\/01\/image-221-1024x576.png\" alt=\"\" class=\"wp-image-332016\" srcset=\"https:\/\/blogfolhadocomercio.com.br\/wp\/wp-content\/uploads\/2025\/01\/image-221-1024x576.png 1024w, https:\/\/blogfolhadocomercio.com.br\/wp\/wp-content\/uploads\/2025\/01\/image-221-300x169.png 300w, https:\/\/blogfolhadocomercio.com.br\/wp\/wp-content\/uploads\/2025\/01\/image-221-768x432.png 768w, https:\/\/blogfolhadocomercio.com.br\/wp\/wp-content\/uploads\/2025\/01\/image-221-1170x658.png 1170w, https:\/\/blogfolhadocomercio.com.br\/wp\/wp-content\/uploads\/2025\/01\/image-221-585x329.png 585w, https:\/\/blogfolhadocomercio.com.br\/wp\/wp-content\/uploads\/2025\/01\/image-221.png 1200w\" sizes=\"auto, (max-width: 1024px) 100vw, 1024px\" \/><\/figure>\n\n\n\n<p>O corpo do motociclista levado pela enxurrada durante forte chuva em Mineiros foi encontrado na noite desta ter\u00e7a-feira (7\/1). Ele tentava atravessar a\u00a0Avenida Jos\u00e9 Joaquim de Resende\u00a0quando foi arrastado pela correnteza e desapareceu. Segundo informa\u00e7\u00f5es do Corpo de Bombeiros, a v\u00edtima foi localizada no Rio Verdinho por civis que auxiliavam nas buscas.<br><br>Um v\u00eddeo mostra quando Neurolando Oliveira Quintino tentava atravessar uma ponte at\u00e9 perder o equil\u00edbrio e ser arrastado para um c\u00f3rrego. As buscas, lideradas pelo Corpo de\u00a0<a href=\"https:\/\/www.bombeiros.go.gov.br\/\" target=\"_blank\" rel=\"noreferrer noopener\">Bombeiros,<\/a>\u00a0tiveram in\u00edcio no mesmo dia, mas foram encerradas \u00e0s 21h em raz\u00e3o da falta de visibilidade.<\/p>\n\n\n\n<h2 class=\"wp-block-heading\" id=\"h-as-buscas-pelo-motociclista-levado-pela-enxurrada-em-mineiros\">As buscas pelo motociclista levado pela enxurrada em Mineiros<\/h2>\n\n\n\n<p>Os trabalhos foram retomados \u00e0s 6h desta ter\u00e7a-feira (7\/1). Equipes do Corpo de Bombeiros utilizaram drones e t\u00e9cnicas de varredura no leito do c\u00f3rrego, bem como an\u00e1lise das \u00e1reas adjacentes.<br><br>Ao todo, oito militares divididos em tr\u00eas grupos participaram dos trabalhos. Eles percorreram todo o c\u00f3rrego, mas, em determinado momento, mudaram o foco para o local onde o c\u00f3rrego des\u00e1gua, no Rio Verdinho, uma \u00e1rea rural de aproximadamente 10 km.<br><br>Quando os militares preparavam uma equipe de c\u00e3es farejadores e n\u00e1uticos para dar continuidade ao trabalho, o corpo de Neurolando foi encontrado por civis que estavam pr\u00f3ximos e avistaram o rapaz.<\/p>\n\n\n\n<p><strong>Por Mais Goi\u00e1s<\/strong><\/p>\n","protected":false},"excerpt":{"rendered":"<p>Encontrado corpo de motociclista levado pela enxurrada em Mineiros O corpo do motociclista levado pela enxurrada durante forte chuva em Mineiros foi encontrado na noite desta ter\u00e7a-feira (7\/1). Ele tentava&hellip;<\/p>\n","protected":false},"author":1,"featured_media":332016,"comment_status":"closed","ping_status":"open","sticky":false,"template":"","format":"standard","meta":{"footnotes":""},"categories":[1,53,42],"tags":[],"class_list":["post-332015","post","type-post","status-publish","format-standard","has-post-thumbnail","hentry","category-cidades","category-tragedia","category-ultimas"],"_links":{"self":[{"href":"https:\/\/blogfolhadocomercio.com.br\/wp\/wp-json\/wp\/v2\/posts\/332015","targetHints":{"allow":["GET"]}}],"collection":[{"href":"https:\/\/blogfolhadocomercio.com.br\/wp\/wp-json\/wp\/v2\/posts"}],"about":[{"href":"https:\/\/blogfolhadocomercio.com.br\/wp\/wp-json\/wp\/v2\/types\/post"}],"author":[{"embeddable":true,"href":"https:\/\/blogfolhadocomercio.com.br\/wp\/wp-json\/wp\/v2\/users\/1"}],"replies":[{"embeddable":true,"href":"https:\/\/blogfolhadocomercio.com.br\/wp\/wp-json\/wp\/v2\/comments?post=332015"}],"version-history":[{"count":1,"href":"https:\/\/blogfolhadocomercio.com.br\/wp\/wp-json\/wp\/v2\/posts\/332015\/revisions"}],"predecessor-version":[{"id":332018,"href":"https:\/\/blogfolhadocomercio.com.br\/wp\/wp-json\/wp\/v2\/posts\/332015\/revisions\/332018"}],"wp:featuredmedia":[{"embeddable":true,"href":"https:\/\/blogfolhadocomercio.com.br\/wp\/wp-json\/wp\/v2\/media\/332016"}],"wp:attachment":[{"href":"https:\/\/blogfolhadocomercio.com.br\/wp\/wp-json\/wp\/v2\/media?parent=332015"}],"wp:term":[{"taxonomy":"category","embeddable":true,"href":"https:\/\/blogfolhadocomercio.com.br\/wp\/wp-json\/wp\/v2\/categories?post=332015"},{"taxonomy":"post_tag","embeddable":true,"href":"https:\/\/blogfolhadocomercio.com.br\/wp\/wp-json\/wp\/v2\/tags?post=332015"}],"curies":[{"name":"wp","href":"https:\/\/api.w.org\/{rel}","templated":true}]}}