{"id":331993,"date":"2025-01-08T13:23:06","date_gmt":"2025-01-08T16:23:06","guid":{"rendered":"https:\/\/blogfolhadocomercio.com.br\/wp\/?p=331993"},"modified":"2025-01-08T13:23:09","modified_gmt":"2025-01-08T16:23:09","slug":"surto-de-gripe-aviaria-e-detectado-em-granja-perto-de-lisboa","status":"publish","type":"post","link":"https:\/\/blogfolhadocomercio.com.br\/wp\/2025\/01\/08\/surto-de-gripe-aviaria-e-detectado-em-granja-perto-de-lisboa\/","title":{"rendered":"Surto de gripe avi\u00e1ria \u00e9 detectado em granja perto de Lisboa"},"content":{"rendered":"\n<p><strong>Dire\u00e7\u00e3o Geral de Sa\u00fade de Portugal afirma que n\u00e3o h\u00e1 registro de casos em humanos<\/strong><\/p>\n\n\n\n<p>Um surto de&nbsp;<a href=\"https:\/\/www.estadao.com.br\/tudo-sobre\/gripe-aviaria\/\" target=\"_blank\" rel=\"noreferrer noopener\"><strong>gripe avi\u00e1ria<\/strong><\/a>&nbsp;\u201caltamente patog\u00eanica\u201d foi detectado em uma granja de galinhas poedeiras nos arredores de&nbsp;<a href=\"https:\/\/www.estadao.com.br\/tudo-sobre\/lisboa-portugal\/\" target=\"_blank\" rel=\"noreferrer noopener\"><strong>Lisboa<\/strong><\/a>, anunciou nesta ter\u00e7a-feira, 7, a Dire\u00e7\u00e3o Geral de Sa\u00fade (DGS) de&nbsp;<a href=\"https:\/\/www.estadao.com.br\/tudo-sobre\/portugal-europa\/\" target=\"_blank\" rel=\"noreferrer noopener\"><strong>Portugal<\/strong><\/a>.<\/p>\n\n\n\n<figure class=\"wp-block-image\"><img decoding=\"async\" src=\"https:\/\/www.estadao.com.br\/resizer\/v2\/W7ZZJ7I4UVDCVPSA2DC2AVYDHY.jpeg?quality=80&amp;auth=67313dac446ab2400d8c8ec6dac5bc80fbe1b78ccee0530ff2f0381e56f160d3&amp;width=380\" alt=\"Autoridades portuguesas afirmam estar tomando medidas para erradicar o surto, como monitoramento e abate de aves doentes\"\/><figcaption class=\"wp-element-caption\">Autoridades portuguesas afirmam estar tomando medidas para erradicar o surto, como monitoramento e abate de aves doentes&nbsp;<em>Foto:&nbsp;panyawat\/Adobe Stock<\/em><\/figcaption><\/figure>\n\n\n\n<p>A organiza\u00e7\u00e3o foi informada de um surto de gripe avi\u00e1ria \u201caltamente patog\u00eanica do subtipo H5N1 em uma granja de galinhas poedeiras do munic\u00edpio de Sintra\u201d, a oeste da capital portuguesa, informou a DGS em um comunicado.<\/p>\n\n\n\n<p>N\u00e3o foi notificado nenhum caso de infec\u00e7\u00e3o humana at\u00e9 o momento, disse a DGS, acrescentando que as autoridades sanit\u00e1rias e veterin\u00e1rias est\u00e3o fazendo tudo que \u00e9 poss\u00edvel para erradicar o surto.<\/p>\n\n\n\n<p>As medidas incluem a limpeza do local onde a doen\u00e7a foi detectada, o abate das galinhas infectadas e o monitoramento das aves em um raio de at\u00e9 10 quil\u00f4metros ao redor do foco, detalhou a Dire\u00e7\u00e3o Geral de Alimenta\u00e7\u00e3o e Assuntos Veterin\u00e1rios (DGAV).<\/p>\n\n\n\n<p>A gripe avi\u00e1ria A (H5N1) apareceu pela primeira vez em 1996, mas desde 2020 os surtos em aves dispararam e&nbsp;<a href=\"https:\/\/www.estadao.com.br\/saude\/estudo-confirma-transmissao-sustentada-da-gripe-aviaria-entre-mamiferos-entenda-o-risco-nprm\/\" target=\"_blank\" rel=\"noreferrer noopener\"><strong>esp\u00e9cies de mam\u00edferos tamb\u00e9m est\u00e3o sendo afetadas<\/strong><\/a>.<\/p>\n\n\n\n<p><strong>Por Estad\u00e3o<\/strong><\/p>\n\n\n\n<p><strong><br><\/strong><\/p>\n","protected":false},"excerpt":{"rendered":"<p>Dire\u00e7\u00e3o Geral de Sa\u00fade de Portugal afirma que n\u00e3o h\u00e1 registro de casos em humanos Um surto de&nbsp;gripe avi\u00e1ria&nbsp;\u201caltamente patog\u00eanica\u201d foi detectado em uma granja de galinhas poedeiras nos arredores&hellip;<\/p>\n","protected":false},"author":1,"featured_media":331994,"comment_status":"closed","ping_status":"open","sticky":false,"template":"","format":"standard","meta":{"footnotes":""},"categories":[46,39,42],"tags":[],"class_list":["post-331993","post","type-post","status-publish","format-standard","has-post-thumbnail","hentry","category-mundo","category-saude","category-ultimas"],"_links":{"self":[{"href":"https:\/\/blogfolhadocomercio.com.br\/wp\/wp-json\/wp\/v2\/posts\/331993","targetHints":{"allow":["GET"]}}],"collection":[{"href":"https:\/\/blogfolhadocomercio.com.br\/wp\/wp-json\/wp\/v2\/posts"}],"about":[{"href":"https:\/\/blogfolhadocomercio.com.br\/wp\/wp-json\/wp\/v2\/types\/post"}],"author":[{"embeddable":true,"href":"https:\/\/blogfolhadocomercio.com.br\/wp\/wp-json\/wp\/v2\/users\/1"}],"replies":[{"embeddable":true,"href":"https:\/\/blogfolhadocomercio.com.br\/wp\/wp-json\/wp\/v2\/comments?post=331993"}],"version-history":[{"count":1,"href":"https:\/\/blogfolhadocomercio.com.br\/wp\/wp-json\/wp\/v2\/posts\/331993\/revisions"}],"predecessor-version":[{"id":331995,"href":"https:\/\/blogfolhadocomercio.com.br\/wp\/wp-json\/wp\/v2\/posts\/331993\/revisions\/331995"}],"wp:featuredmedia":[{"embeddable":true,"href":"https:\/\/blogfolhadocomercio.com.br\/wp\/wp-json\/wp\/v2\/media\/331994"}],"wp:attachment":[{"href":"https:\/\/blogfolhadocomercio.com.br\/wp\/wp-json\/wp\/v2\/media?parent=331993"}],"wp:term":[{"taxonomy":"category","embeddable":true,"href":"https:\/\/blogfolhadocomercio.com.br\/wp\/wp-json\/wp\/v2\/categories?post=331993"},{"taxonomy":"post_tag","embeddable":true,"href":"https:\/\/blogfolhadocomercio.com.br\/wp\/wp-json\/wp\/v2\/tags?post=331993"}],"curies":[{"name":"wp","href":"https:\/\/api.w.org\/{rel}","templated":true}]}}