{"id":331966,"date":"2025-01-08T12:41:55","date_gmt":"2025-01-08T15:41:55","guid":{"rendered":"https:\/\/blogfolhadocomercio.com.br\/wp\/?p=331966"},"modified":"2025-01-08T12:41:56","modified_gmt":"2025-01-08T15:41:56","slug":"opiniao-politica-economica-de-trump-e-o-maior-risco-global-para-o-brasil-em-2025","status":"publish","type":"post","link":"https:\/\/blogfolhadocomercio.com.br\/wp\/2025\/01\/08\/opiniao-politica-economica-de-trump-e-o-maior-risco-global-para-o-brasil-em-2025\/","title":{"rendered":"Opini\u00e3o\u00a0|\u00a0Pol\u00edtica econ\u00f4mica de Trump \u00e9 o maior risco global para o Brasil em 2025"},"content":{"rendered":"\n<p><strong>Juros e d\u00f3lar mais altos s\u00e3o uma combina\u00e7\u00e3o p\u00e9ssima para o Brasil; a rela\u00e7\u00e3o entre Lula e o Congresso corre o risco de piorar, e as elei\u00e7\u00f5es de 2026 teriam portas ainda mais abertas para candidatos antissistema<\/strong><\/p>\n\n\n\n<p>Todos os anos publicamos na Eurasia Group uma lista dos maiores riscos geopol\u00edticos da atualidade. O Brasil \u00e9 afetado por muitos dos temas abordados no relat\u00f3rio, que descrevem um mundo mais desigual e mais perigoso, governado pela lei do mais forte.<\/p>\n\n\n\n<p>Os riscos mais relevantes para o Brasil s\u00e3o aqueles que t\u00eam o potencial de intensificar os nossos problemas econ\u00f4micos, pois isso pode jogar o Pa\u00eds em uma nova crise pol\u00edtica \u00e0s v\u00e9speras da&nbsp;<a href=\"https:\/\/www.estadao.com.br\/tudo-sobre\/eleicoes-2026\/\" target=\"_blank\" rel=\"noreferrer noopener\"><strong>elei\u00e7\u00e3o de 2026<\/strong><\/a>.<\/p>\n\n\n\n<p>\u00c9 o caso, por exemplo, da pol\u00edtica econ\u00f4mica de&nbsp;<a href=\"https:\/\/www.estadao.com.br\/tudo-sobre\/donald-trump\/\" target=\"_blank\" rel=\"noreferrer noopener\"><strong>Trump<\/strong><\/a>. Os mercados ainda subestimam o impacto das tarifas comerciais e das deporta\u00e7\u00f5es sobre a economia dos&nbsp;<a href=\"https:\/\/www.estadao.com.br\/tudo-sobre\/estados-unidos-america-do-norte\/\" target=\"_blank\" rel=\"noreferrer noopener\"><strong>Estados Unidos<\/strong><\/a>&nbsp;e do mundo. Rodeado de assessores leais e sustentado pelo Congresso, Trump deve iniciar o mandato de forma agressiva, e o seu estilo imprevis\u00edvel pode assustar o mercado a partir do dia 20, quando ele estiver sentado na cadeira presidencial.<\/p>\n\n\n\n<figure class=\"wp-block-image\"><img decoding=\"async\" src=\"https:\/\/www.estadao.com.br\/resizer\/v2\/RR3IERTRPJAOXCGPILOFQFACKI.jpg?quality=80&amp;auth=32e44afa65b077938f1a4e6204786d8d97022de35fd632702fe3b2111bd9bb35&amp;width=380\" alt=\"Donald Trump, presidente eleito dos EUA, deve iniciar o mandato de forma agressiva, e o seu estilo imprevis\u00edvel pode assustar o mercado\"\/><figcaption class=\"wp-element-caption\">Donald Trump, presidente eleito dos EUA, deve iniciar o mandato de forma agressiva, e o seu estilo imprevis\u00edvel pode assustar o mercado&nbsp;<em>Foto:&nbsp;Rick Scuteri\/AP<\/em><\/figcaption><\/figure>\n\n\n\n<p>Juros e d\u00f3lar mais altos s\u00e3o uma combina\u00e7\u00e3o p\u00e9ssima para o Brasil. Alguns indicadores j\u00e1 apontam para o risco de uma recess\u00e3o antes de o ano acabar, ao mesmo tempo em que a infla\u00e7\u00e3o sobe. A economia brasileira est\u00e1 mais forte e diversificada do que na \u00faltima crise, h\u00e1 10 anos, mas dificilmente estar\u00e1 imune a um baque de juros e infla\u00e7\u00e3o.<\/p>\n\n\n\n<p>Nesse contexto, a rela\u00e7\u00e3o entre&nbsp;<a href=\"https:\/\/www.estadao.com.br\/tudo-sobre\/lula-luiz-inacio-lula-da-silva\/\" target=\"_blank\" rel=\"noreferrer noopener\"><strong>Lula<\/strong><\/a>&nbsp;e o&nbsp;<a href=\"https:\/\/www.estadao.com.br\/tudo-sobre\/congresso-nacional\/\" target=\"_blank\" rel=\"noreferrer noopener\"><strong>Congresso<\/strong><\/a>&nbsp;corre o risco de piorar, e as elei\u00e7\u00f5es de 2026 teriam portas ainda mais abertas para candidatos de direita e antissistema.<\/p>\n\n\n\n<p>Outros riscos importantes dizem respeito \u00e0 posi\u00e7\u00e3o do Brasil no mundo e as rela\u00e7\u00f5es bilaterais com outros pa\u00edses \u2013 novamente, com os Estados Unidos de Trump e\u00a0<a href=\"https:\/\/www.estadao.com.br\/tudo-sobre\/elon-musk\/\" target=\"_blank\" rel=\"noreferrer noopener\"><strong>Elon Musk<\/strong><\/a>\u00a0em posi\u00e7\u00e3o de destaque. Trump e sua equipe devem pressionar o Brasil a moderar suas ambi\u00e7\u00f5es na presid\u00eancia dos BRICS, e tamb\u00e9m criticar\u00e3o decis\u00f5es do\u00a0<a href=\"https:\/\/www.estadao.com.br\/tudo-sobre\/stf-supremo-tribunal-federal\/\" target=\"_blank\" rel=\"noreferrer noopener\"><strong>Supremo Tribunal Federal<\/strong><\/a>\u00a0que restrinjam redes sociais ou deixem opositores \u2013 como\u00a0<a href=\"https:\/\/www.estadao.com.br\/tudo-sobre\/jair-bolsonaro\/\" target=\"_blank\" rel=\"noreferrer noopener\"><strong>Jair Bolsonaro<\/strong><\/a>\u00a0\u2013 mais perto da pris\u00e3o.<\/p>\n\n\n\n<p>Esses atritos constantes n\u00e3o ser\u00e3o decisivos para as elei\u00e7\u00f5es de 2026, pois n\u00e3o influenciam tanto o eleitor mediano, mas colocariam um ingrediente a mais na polariza\u00e7\u00e3o pol\u00edtica que complica, e muito, qualquer debate s\u00e9rio na esfera p\u00fablica.<\/p>\n\n\n\n<p>H\u00e1 algumas oportunidades para o Brasil tamb\u00e9m. A nova guerra comercial entre Estados Unidos e China deve aumentar as exporta\u00e7\u00f5es do Brasil, ainda que o benef\u00edcio para o agro brasileiro tenda a ser menor do que no primeiro mandato de Trump. A instabilidade institucional no M\u00e9xico, tamb\u00e9m citada no relat\u00f3rio, j\u00e1 leva algumas empresas a considerarem o Brasil como alternativa. Basta que a economia esteja minimamente arrumada, para que o setor privado tenha condi\u00e7\u00f5es de planejar o futuro.<\/p>\n\n\n\n<p>2025 exigir\u00e1 muita aten\u00e7\u00e3o. Em um cen\u00e1rio mais adverso, n\u00e3o temos muito tempo para encarar os problemas de frente. As consequ\u00eancias para a classe pol\u00edtica e para o setor privado de um desequil\u00edbrio estrutural nas contas p\u00fablicas, exacerbado por gastos p\u00fablicos, emendas parlamentares e subs\u00eddios empresariais insustent\u00e1veis, podem ser severas.<\/p>\n\n\n\n<figure class=\"wp-block-image\"><img decoding=\"async\" src=\"https:\/\/www.estadao.com.br\/resizer\/v2\/https%3A%2F%2Fs3.amazonaws.com%2Farc-authors%2Festadao%2F8dcd2910-20e7-4589-a2d0-92453e0ca499.png?quality=80&amp;auth=977b8418708d3cb1614c7ba48e0e281eaa5724863be87354008fd7f3004161c1&amp;width=66&amp;height=66&amp;smart=true\" alt=\"Foto do autor\"\/><\/figure>\n\n\n\n<p><strong>Opini\u00e3o<\/strong>&nbsp;por&nbsp;Silvio Cascione<\/p>\n\n\n\n<p><em>Mestre em ci\u00eancia pol\u00edtica pela UNB e diretor da consultoria Eurasia Group<\/em><\/p>\n\n\n\n<p><strong>Por Estad\u00e3o<\/strong><\/p>\n\n\n\n<p><strong><br><\/strong><\/p>\n","protected":false},"excerpt":{"rendered":"<p>Juros e d\u00f3lar mais altos s\u00e3o uma combina\u00e7\u00e3o p\u00e9ssima para o Brasil; a rela\u00e7\u00e3o entre Lula e o Congresso corre o risco de piorar, e as elei\u00e7\u00f5es de 2026 teriam&hellip;<\/p>\n","protected":false},"author":1,"featured_media":331967,"comment_status":"closed","ping_status":"open","sticky":false,"template":"","format":"standard","meta":{"footnotes":""},"categories":[46,49,35,42],"tags":[],"class_list":["post-331966","post","type-post","status-publish","format-standard","has-post-thumbnail","hentry","category-mundo","category-opiniao","category-politica","category-ultimas"],"_links":{"self":[{"href":"https:\/\/blogfolhadocomercio.com.br\/wp\/wp-json\/wp\/v2\/posts\/331966","targetHints":{"allow":["GET"]}}],"collection":[{"href":"https:\/\/blogfolhadocomercio.com.br\/wp\/wp-json\/wp\/v2\/posts"}],"about":[{"href":"https:\/\/blogfolhadocomercio.com.br\/wp\/wp-json\/wp\/v2\/types\/post"}],"author":[{"embeddable":true,"href":"https:\/\/blogfolhadocomercio.com.br\/wp\/wp-json\/wp\/v2\/users\/1"}],"replies":[{"embeddable":true,"href":"https:\/\/blogfolhadocomercio.com.br\/wp\/wp-json\/wp\/v2\/comments?post=331966"}],"version-history":[{"count":1,"href":"https:\/\/blogfolhadocomercio.com.br\/wp\/wp-json\/wp\/v2\/posts\/331966\/revisions"}],"predecessor-version":[{"id":331968,"href":"https:\/\/blogfolhadocomercio.com.br\/wp\/wp-json\/wp\/v2\/posts\/331966\/revisions\/331968"}],"wp:featuredmedia":[{"embeddable":true,"href":"https:\/\/blogfolhadocomercio.com.br\/wp\/wp-json\/wp\/v2\/media\/331967"}],"wp:attachment":[{"href":"https:\/\/blogfolhadocomercio.com.br\/wp\/wp-json\/wp\/v2\/media?parent=331966"}],"wp:term":[{"taxonomy":"category","embeddable":true,"href":"https:\/\/blogfolhadocomercio.com.br\/wp\/wp-json\/wp\/v2\/categories?post=331966"},{"taxonomy":"post_tag","embeddable":true,"href":"https:\/\/blogfolhadocomercio.com.br\/wp\/wp-json\/wp\/v2\/tags?post=331966"}],"curies":[{"name":"wp","href":"https:\/\/api.w.org\/{rel}","templated":true}]}}