{"id":331945,"date":"2025-01-08T12:06:56","date_gmt":"2025-01-08T15:06:56","guid":{"rendered":"https:\/\/blogfolhadocomercio.com.br\/wp\/?p=331945"},"modified":"2025-01-08T12:06:58","modified_gmt":"2025-01-08T15:06:58","slug":"ministros-de-lula-relembram-8-de-janeiro-no-x-e-propoem-data-como-simbolo-da-defesa-da-democracia","status":"publish","type":"post","link":"https:\/\/blogfolhadocomercio.com.br\/wp\/2025\/01\/08\/ministros-de-lula-relembram-8-de-janeiro-no-x-e-propoem-data-como-simbolo-da-defesa-da-democracia\/","title":{"rendered":"Ministros de Lula relembram 8 de janeiro no X e prop\u00f5em data como s\u00edmbolo da defesa da democracia"},"content":{"rendered":"\n<p><strong>Titulares das pastas do governo usaram plataforma de Elon Musk para apoiar a\u00e7\u00e3o do governo em mem\u00f3ria aos ataques antidemocr\u00e1ticos<\/strong><\/p>\n\n\n\n<p>Os ministros do&nbsp;<a href=\"https:\/\/www.estadao.com.br\/tudo-sobre\/governo-lula\/\" target=\"_blank\" rel=\"noreferrer noopener\"><strong>governo Lula<\/strong><\/a>&nbsp;utilizaram a plataforma X (antigo Twitter) para relembrar os&nbsp;<a href=\"https:\/\/www.estadao.com.br\/tudo-sobre\/ataque-aos-tres-poderes-brasilia-8-1-2023\/?srsltid=AfmBOopU17lKW-6br7GLCye30g5WG8JikYr49aHlmGrTC2Q7CGS_TXm8\" target=\"_blank\" rel=\"noreferrer noopener\"><strong>ataques de 8 de janeiro de 2023<\/strong><\/a>&nbsp;e refor\u00e7ar a import\u00e2ncia de defender a democracia brasileira. A data, marcada pelos violentos ataques \u00e0s sedes dos Tr\u00eas Poderes em Bras\u00edlia por extremistas de direita, foi citada pelos titulares das pastas como um s\u00edmbolo de resist\u00eancia e uni\u00e3o pelo fortalecimento da democracia.<\/p>\n\n\n\n<figure class=\"wp-block-image\"><img decoding=\"async\" src=\"https:\/\/www.estadao.com.br\/resizer\/v2\/3D66FSTQFVCC7NA6ZEGBYUJWEI.JPG?quality=80&amp;auth=3f5bf93c5082dda350a93afe1a82c263535bd4ce5e91a1b55f3cd2a10fec3a05&amp;width=380\" alt=\"Lula ao lado dos ministros no Pal\u00e1cio da Alvorada, em Bras\u00edlia, em dezembro de 2024\"\/><figcaption class=\"wp-element-caption\">Lula ao lado dos ministros no Pal\u00e1cio da Alvorada, em Bras\u00edlia, em dezembro de 2024&nbsp;<em>Foto:&nbsp;Wilton Junior\/Estad\u00e3o<\/em><\/figcaption><\/figure>\n\n\n\n<p><a href=\"https:\/\/www.estadao.com.br\/tudo-sobre\/camilo-santana\/?srsltid=AfmBOopVZm2hOSZRRBVRfaSkFB79_-URa-E1ZyjkpqoAngPDRe-nTIfo\" target=\"_blank\" rel=\"noreferrer noopener\"><strong>Camilo Santana<\/strong><\/a>, ministro da Educa\u00e7\u00e3o, disse em sua publica\u00e7\u00e3o que o Brasil deve, em todos os dias, se dedicar \u00e0 defesa da democracia. \u201cNeste 8 de janeiro, o Brasil abra\u00e7a mais uma vez a democracia e o respeito \u00e0s institui\u00e7\u00f5es da nossa Rep\u00fablica. Todo dia \u00e9 dia de defender a democracia. Viva o Brasil\u201d, disse o ministro, que participa dos evento sobre a data com o presidente Lula no Pal\u00e1cio do Planalto.<\/p>\n\n\n\n<p><a href=\"https:\/\/www.estadao.com.br\/tudo-sobre\/paulo-teixeira\/?srsltid=AfmBOopXrEWaPnbW9PbRjHWQ-ySKI03g5a9NlBpXK56_Zqgj62_ZF4nU\" target=\"_blank\" rel=\"noreferrer noopener\"><strong>Paulo Teixeira<\/strong><\/a>, ministro do Desenvolvimento Social e Agr\u00e1rio, tamb\u00e9m se manifestou, destacando sua trajet\u00f3ria de defesa do Estado Democr\u00e1tico de Direito. \u201cResgato aqui tr\u00eas grandes epis\u00f3dios que ficaram marcados pela minha defesa ao Estado Democr\u00e1tico de Direito, e que permanecem extremamente atuais, para refor\u00e7ar esse dia hist\u00f3rico para a defesa da democracia brasileira! A cultura do amor \u00e0 democracia tem que ser cultivada! Viva a democracia! Ditadura nunca mais!\u201d<\/p>\n\n\n\n<p><a href=\"https:\/\/www.estadao.com.br\/tudo-sobre\/paulo-pimenta\/?srsltid=AfmBOootdLF3dvsk0KOXR4XiyWwNo3kqC2qzi_tQKeb6T5VO1WN-5QSg\" target=\"_blank\" rel=\"noreferrer noopener\"><strong>Paulo Pimenta<\/strong><\/a>, ex-ministro-chefe da Secretaria de Comunica\u00e7\u00e3o Social da Presid\u00eancia (Secom), fez uma refer\u00eancia direta aos eventos de janeiro de 2023. \u201cNeste 8 de janeiro, o Brasil abra\u00e7a mais uma vez a democracia e o respeito \u00e0s institui\u00e7\u00f5es da nossa Rep\u00fablica. Todo dia \u00e9 dia de defender a democracia. Viva o Brasil! H\u00e1 2 anos, o Brasil sofria um forte ataque. Desde ent\u00e3o, seguimos unidos na tarefa de fortalecer a nossa democracia, responsabilizando todos os criminosos que participaram e financiaram os atos terroristas do 8 de janeiro de 2023, para que nunca mais algu\u00e9m ouse atentar contra a soberania do povo brasileiro.\u201d<\/p>\n\n\n\n<p><a href=\"https:\/\/www.estadao.com.br\/tudo-sobre\/anielle-franco\/?srsltid=AfmBOorPZzMsNhA1DHHC7ApU5EL1YGTIn15iZlt4xD30zUUev2wUCqYq\" target=\"_blank\" rel=\"noreferrer noopener\"><strong>Anielle Franco<\/strong><\/a>, ministra da Igualdade Racial, enfatizou a gravidade do ataque de 2023 e a import\u00e2ncia de seguir firme na luta por justi\u00e7a. \u201cH\u00e1 dois anos, o Brasil enfrentava um dos ataques mais graves \u00e0 sua democracia. Esse foi um ataque claro \u00e0s institui\u00e7\u00f5es e uma tentativa falha de destruir o sistema democr\u00e1tico brasileiro. Hoje, seguimos firmes na luta por mem\u00f3ria, justi\u00e7a e pela puni\u00e7\u00e3o de todos os respons\u00e1veis por esse atentado contra o nosso pa\u00eds. Todo dia \u00e9 dia de defender a democracia. Viva o Brasil e o respeito \u00e0s nossas institui\u00e7\u00f5es!\u201d<\/p>\n\n\n\n<p><a href=\"https:\/\/www.estadao.com.br\/tudo-sobre\/marcio-macedo\/?srsltid=AfmBOopnicBlIUKDqun5cVYnaBnSAIzXBn42U2cFN_rFhqqKqGIrxdJ8\" target=\"_blank\" rel=\"noreferrer noopener\"><strong>M\u00e1rcio Macedo<\/strong><\/a>, chefe da Secretaria-Geral da Presid\u00eancia, se alinhou aos colegas, destacando a import\u00e2ncia de manter a uni\u00e3o pela democracia: \u201cNeste 8 de janeiro, o Brasil abra\u00e7a mais uma vez a democracia e o respeito \u00e0s institui\u00e7\u00f5es da nossa Rep\u00fablica. Todo dia \u00e9 dia de defender a democracia. Viva o Brasil!\u201d.<\/p>\n\n\n\n<p><a href=\"https:\/\/www.estadao.com.br\/tudo-sobre\/esther-dweck\/?srsltid=AfmBOoru-ctossDRWhO6e-a1Wus1pa2Yo08xOSWwQDn-MIsrQQP5l6ds\" target=\"_blank\" rel=\"noreferrer noopener\"><strong>Esther Dweck<\/strong><\/a>, ministra da Gest\u00e3o e da Inova\u00e7\u00e3o em Servi\u00e7os P\u00fablicos, tamb\u00e9m fez quest\u00e3o de alertar sobre a vigil\u00e2ncia constante necess\u00e1ria para a preserva\u00e7\u00e3o da democracia, afirmando: \u201cPrecisamos estar vigilantes em todo tempo para que a democracia seja preservada. Lembrar para que nunca mais se repita\u201d.<\/p>\n\n\n\n<p><a href=\"https:\/\/www.estadao.com.br\/tudo-sobre\/waldez-goes\/?srsltid=AfmBOoqsmP0YmJ4tGfZJlG_Axx4cdq7TRhYbMd7s1merH8IrBoIQH-vS\" target=\"_blank\" rel=\"noreferrer noopener\"><strong>Waldez Goes<\/strong><\/a>, ministro da Integra\u00e7\u00e3o e do Desenvolvimento Regional, disse que \u201cH\u00e1 dois anos, assistimos ao ataque mais violento \u00e0 nossa democracia desde a redemocratiza\u00e7\u00e3o. Mas tamb\u00e9m vimos a for\u00e7a do povo brasileiro ao rejeitar o \u00f3dio e reafirmar seu compromisso com a paz e o respeito \u00e0s institui\u00e7\u00f5es. Que este epis\u00f3dio nos sirva de alerta: nossa democracia \u00e9 jovem, mas ela \u00e9 forte porque \u00e9 defendida por cada um de n\u00f3s. Seguimos firmes sob a lideran\u00e7a do presidente Lula, por um Brasil mais justo e com menos desigualdades!\u201d.<\/p>\n\n\n\n<p><a href=\"https:\/\/www.estadao.com.br\/tudo-sobre\/andre-fufuca\/?srsltid=AfmBOopZXdH-pD3rxHL92ABnZeDcJlke3BoOr6r_f1AnZGNA46Hmnd-T\" target=\"_blank\" rel=\"noreferrer noopener\"><strong>Andr\u00e9 Fufuca<\/strong><\/a>, ministro dos Esportes, escreveu: \u201cAo lado do presidente Lula, participo do ato em mem\u00f3ria ao 8 de janeiro de 2023, quando as sedes dos Tr\u00eas Poderes foram atacadas. Reafirmamos: a democracia \u00e9 inegoci\u00e1vel. Seguiremos firmes na defesa das institui\u00e7\u00f5es e na constru\u00e7\u00e3o de um Brasil mais justo\u201d.<\/p>\n\n\n\n<p><strong>Por Estad\u00e3o<\/strong><\/p>\n\n\n\n<p><strong><br><\/strong><\/p>\n","protected":false},"excerpt":{"rendered":"<p>Titulares das pastas do governo usaram plataforma de Elon Musk para apoiar a\u00e7\u00e3o do governo em mem\u00f3ria aos ataques antidemocr\u00e1ticos Os ministros do&nbsp;governo Lula&nbsp;utilizaram a plataforma X (antigo Twitter) para&hellip;<\/p>\n","protected":false},"author":1,"featured_media":331946,"comment_status":"closed","ping_status":"open","sticky":false,"template":"","format":"standard","meta":{"footnotes":""},"categories":[34,42],"tags":[],"class_list":["post-331945","post","type-post","status-publish","format-standard","has-post-thumbnail","hentry","category-brasil","category-ultimas"],"_links":{"self":[{"href":"https:\/\/blogfolhadocomercio.com.br\/wp\/wp-json\/wp\/v2\/posts\/331945","targetHints":{"allow":["GET"]}}],"collection":[{"href":"https:\/\/blogfolhadocomercio.com.br\/wp\/wp-json\/wp\/v2\/posts"}],"about":[{"href":"https:\/\/blogfolhadocomercio.com.br\/wp\/wp-json\/wp\/v2\/types\/post"}],"author":[{"embeddable":true,"href":"https:\/\/blogfolhadocomercio.com.br\/wp\/wp-json\/wp\/v2\/users\/1"}],"replies":[{"embeddable":true,"href":"https:\/\/blogfolhadocomercio.com.br\/wp\/wp-json\/wp\/v2\/comments?post=331945"}],"version-history":[{"count":1,"href":"https:\/\/blogfolhadocomercio.com.br\/wp\/wp-json\/wp\/v2\/posts\/331945\/revisions"}],"predecessor-version":[{"id":331947,"href":"https:\/\/blogfolhadocomercio.com.br\/wp\/wp-json\/wp\/v2\/posts\/331945\/revisions\/331947"}],"wp:featuredmedia":[{"embeddable":true,"href":"https:\/\/blogfolhadocomercio.com.br\/wp\/wp-json\/wp\/v2\/media\/331946"}],"wp:attachment":[{"href":"https:\/\/blogfolhadocomercio.com.br\/wp\/wp-json\/wp\/v2\/media?parent=331945"}],"wp:term":[{"taxonomy":"category","embeddable":true,"href":"https:\/\/blogfolhadocomercio.com.br\/wp\/wp-json\/wp\/v2\/categories?post=331945"},{"taxonomy":"post_tag","embeddable":true,"href":"https:\/\/blogfolhadocomercio.com.br\/wp\/wp-json\/wp\/v2\/tags?post=331945"}],"curies":[{"name":"wp","href":"https:\/\/api.w.org\/{rel}","templated":true}]}}